{"id":106433,"date":"2025-05-17T07:29:13","date_gmt":"2025-05-17T07:29:13","guid":{"rendered":"https:\/\/www.europesays.com\/fr\/106433\/"},"modified":"2025-05-17T07:29:13","modified_gmt":"2025-05-17T07:29:13","slug":"pres-de-bordeaux-des-competiteurs-vont-saffronter-aux-championnats-du-monde-de-lancer-davions-en-papier","status":"publish","type":"post","link":"https:\/\/www.europesays.com\/fr\/106433\/","title":{"rendered":"Pr\u00e8s de Bordeaux, des comp\u00e9titeurs vont s\u2019affronter aux championnats du monde de lancer d\u2019avions en papier"},"content":{"rendered":"<p>Les championnats du monde de lancer d\u2019avions en papier vont se d\u00e9rouler aujourd\u2019hui, \u00e0 M\u00e9rignac, pour la troisi\u00e8me ann\u00e9e cons\u00e9cutive.<\/p>\n<p class=\"fig-paragraph\">Une comp\u00e9tition qui rappelle des souvenirs d\u2019enfance. Nous avons tous un jour tent\u00e9 de faire voler un\u00a0<a href=\"https:\/\/www.lefigaro.fr\/international\/japon-un-avion-d-entrainement-militaire-s-ecrase-avec-deux-personnes-a-bord-20250514?msockid=258c4318a154643d05395665a0ed65f9\" target=\"_blank\" data-fig-type=\"NewsFlash\" rel=\"noopener\" data-gtm-custom-categorie=\"navigation\" data-gtm-custom-action=\"crossclick\" data-gtm-custom-label=\"Contextuel\" data-gtm-event=\"customEventSPE\" data-fig-domain=\"LEFIGARO\">avion<\/a>\u00a0en papier le plus longtemps possible. Ou de l\u2019envoyer le plus loin possible dans la cour de l\u2019<a href=\"https:\/\/www.lefigaro.fr\/international\/birmanie-l-union-europeenne-horrifiee-par-la-frappe-meurtriere-sur-une-ecole-20250514?msockid=258c4318a154643d05395665a0ed65f9\" target=\"_blank\" data-fig-type=\"NewsFlash\" rel=\"noopener\" data-gtm-custom-categorie=\"navigation\" data-gtm-custom-action=\"crossclick\" data-gtm-custom-label=\"Contextuel\" data-gtm-event=\"customEventSPE\" data-fig-domain=\"LEFIGARO\">\u00e9cole<\/a>. Certains tenteront de devenir champions du monde de la discipline, aujourd\u2019hui, \u00e0\u00a0<a href=\"https:\/\/www.lefigaro.fr\/bordeaux\/frappe-par-la-maladie-le-maire-de-merignac-alain-anziani-annonce-sa-demission-20250326?msockid=258c4318a154643d05395665a0ed65f9\" target=\"_blank\" data-fig-type=\"NewsFlash\" rel=\"noopener\" data-gtm-custom-categorie=\"navigation\" data-gtm-custom-action=\"crossclick\" data-gtm-custom-label=\"Contextuel\" data-gtm-event=\"customEventSPE\" data-fig-domain=\"LEFIGARO\">M\u00e9rignac<\/a>, pr\u00e8s de Bordeaux.<\/p>\n<p class=\"fig-paragraph\">Le Rotary club de M\u00e9rignac organise la comp\u00e9tition pour la troisi\u00e8me ann\u00e9e cons\u00e9cutive, au complexe sportif Daniel Colombier, pr\u00e8s de l\u2019a\u00e9roport de Bordeaux-M\u00e9rignac. \u00abNous avons toujours pens\u00e9 \u00e0 cr\u00e9er un \u00e9v\u00e8nement familial ludique autour de notre ville a\u00e9ronautique. Et l\u2019une de nos priorit\u00e9s \u00e9tait d\u2019aider \u00e0 la pr\u00e9vention apr\u00e8s les incendies qui ont ravag\u00e9 les for\u00eats de Gironde en 2022\u00bb, explique V\u00e9ronique Monllor, l\u2019une des organisatrices. Les fonds r\u00e9colt\u00e9s seront revers\u00e9s \u00e0 la D\u00e9fense des For\u00eats Contre les Incendies (DFCI).<\/p>\n<p class=\"fig-paragraph\">\u00abCette journ\u00e9e est faite pour accueillir tout le monde, petits et grands, spectateurs comme concurrents. La dimension internationale se fait gr\u00e2ce \u00e0 nos nombreux \u00e9changes avec des lyc\u00e9ens \u00e9trangers, qui participent \u00e0 la comp\u00e9tition\u00bb, pr\u00e9cise-t-elle. Br\u00e9sil, Argentine, Ta\u00efwan, Colombie, Mexique, \u00c9tats-Unis, Finlande, R\u00e9publique tch\u00e8que, Tha\u00eflande, Italie&#8230; Tous ces pays seront repr\u00e9sent\u00e9s.<\/p>\n<p>47 m\u00e8tres pour le pr\u00e9c\u00e9dent vainqueur<\/p>\n<p class=\"fig-paragraph\">Deux \u00e9preuves vont avoir lieu\u00a0: le lancer le plus long (en temps) dans un gymnase int\u00e9rieur, et le lancer le plus loin (en distance) sur un terrain ext\u00e9rieur. Un premier temps sera consacr\u00e9 au pliage des avions. \u00abOn transmet simplement les feuilles A4. Et ensuite, c\u2019est \u00e0 eux de jouer\u00a0!\u00bb sourit l\u2019organisatrice. Une premi\u00e8re phase de qualifications se d\u00e9roulera de 12h \u00e0 15h. Les dix meilleurs lanceurs s\u2019affronteront ensuite pour la grande finale.<\/p>\n<p class=\"fig-paragraph\">L\u2019an dernier, K\u00e9vin Czerni avait battu le\u00a0<a href=\"https:\/\/www.lefigaro.fr\/sports\/football\/ligue-1\/ligue-1-comme-une-evidence-le-psg-sacre-champion-de-france-20250405?msockid=258c4318a154643d05395665a0ed65f9\" target=\"_blank\" data-fig-type=\"NewsFlash\" rel=\"noopener\" data-gtm-custom-categorie=\"navigation\" data-gtm-custom-action=\"crossclick\" data-gtm-custom-label=\"Contextuel\" data-gtm-event=\"customEventSPE\" data-fig-domain=\"LEFIGARO\">champion de France<\/a>\u00a0de la discipline, Julien Mathieu, en envoyant son avion \u00e0 plus de 47 m\u00e8tres de distance. Le temps du vol le plus long avait lui atteint plus de 7 secondes.<\/p>\n<p class=\"fig-paragraph\">L\u2019\u00e9v\u00e9nement avait attir\u00e9 pr\u00e8s de 400 participants et spectateurs l\u2019ann\u00e9e derni\u00e8re. L\u2019association de D\u00e9fense des for\u00eats contre les incendies avait r\u00e9colt\u00e9 un ch\u00e8que de 5000 euros.<\/p>\n","protected":false},"excerpt":{"rendered":"Les championnats du monde de lancer d\u2019avions en papier vont se d\u00e9rouler aujourd\u2019hui, \u00e0 M\u00e9rignac, pour la troisi\u00e8me&hellip;\n","protected":false},"author":2,"featured_media":106434,"comment_status":"","ping_status":"","sticky":false,"template":"","format":"standard","meta":{"footnotes":""},"categories":[2817],"tags":[1111,11,13796,1997,2916,2911,2910,2915,2909,2904,2913,2912,2914,2906,2907,2212,1777,674,1011,27,2905,2908,1757,12,2219,25],"class_list":{"0":"post-106433","1":"post","2":"type-post","3":"status-publish","4":"format-standard","5":"has-post-thumbnail","7":"category-bordeaux","8":"tag-actu","9":"tag-actualites","10":"tag-avions","11":"tag-bordeaux","12":"tag-bordeaux-cauderan","13":"tag-bordeaux-centre-ville","14":"tag-bordeaux-chartrons-grand-parc-jardin-public","15":"tag-bordeaux-la-bastide","16":"tag-bordeaux-maritime","17":"tag-bordeaux-metropole","18":"tag-bordeaux-nansouty-st-genes","19":"tag-bordeaux-st-augustin-tauzin-alphonse-dupeux","20":"tag-bordeaux-sud","21":"tag-capitale-de-gaule","22":"tag-cathedrale-gothique-de-saint-andre","23":"tag-championnat-du-monde","24":"tag-eu","25":"tag-europe","26":"tag-fr","27":"tag-france","28":"tag-gironde","29":"tag-girondins-de-bordeaux","30":"tag-insolite","31":"tag-news","32":"tag-nouvelle-aquitaine","33":"tag-republique-francaise"},"share_on_mastodon":{"url":"","error":"Validation failed: Text character limit of 500 exceeded"},"_links":{"self":[{"href":"https:\/\/www.europesays.com\/fr\/wp-json\/wp\/v2\/posts\/106433","targetHints":{"allow":["GET"]}}],"collection":[{"href":"https:\/\/www.europesays.com\/fr\/wp-json\/wp\/v2\/posts"}],"about":[{"href":"https:\/\/www.europesays.com\/fr\/wp-json\/wp\/v2\/types\/post"}],"author":[{"embeddable":true,"href":"https:\/\/www.europesays.com\/fr\/wp-json\/wp\/v2\/users\/2"}],"replies":[{"embeddable":true,"href":"https:\/\/www.europesays.com\/fr\/wp-json\/wp\/v2\/comments?post=106433"}],"version-history":[{"count":0,"href":"https:\/\/www.europesays.com\/fr\/wp-json\/wp\/v2\/posts\/106433\/revisions"}],"wp:featuredmedia":[{"embeddable":true,"href":"https:\/\/www.europesays.com\/fr\/wp-json\/wp\/v2\/media\/106434"}],"wp:attachment":[{"href":"https:\/\/www.europesays.com\/fr\/wp-json\/wp\/v2\/media?parent=106433"}],"wp:term":[{"taxonomy":"category","embeddable":true,"href":"https:\/\/www.europesays.com\/fr\/wp-json\/wp\/v2\/categories?post=106433"},{"taxonomy":"post_tag","embeddable":true,"href":"https:\/\/www.europesays.com\/fr\/wp-json\/wp\/v2\/tags?post=106433"}],"curies":[{"name":"wp","href":"https:\/\/api.w.org\/{rel}","templated":true}]}}