{"id":1064359,"date":"2026-07-14T15:30:17","date_gmt":"2026-07-14T15:30:17","guid":{"rendered":"https:\/\/www.europesays.com\/fr\/1064359\/"},"modified":"2026-07-14T15:30:17","modified_gmt":"2026-07-14T15:30:17","slug":"gaza-huit-morts-apres-une-frappe-israelienne-sur-un-commissariat-palestinien","status":"publish","type":"post","link":"https:\/\/www.europesays.com\/fr\/1064359\/","title":{"rendered":"Gaza : huit morts apr\u00e8s une frappe isra\u00e9lienne sur un commissariat palestinien"},"content":{"rendered":"<p>\n    \u00abHuit martyrs, dont une femme, ont \u00e9t\u00e9 transport\u00e9s \u00e0 l\u2019h\u00f4pital al-Chifa de Gaza apr\u00e8s un bombardement isra\u00e9lien ayant vis\u00e9 un poste de police (&#8230;) \u00e0 l\u2019ouest du camp de Jabalia\u00bb, ont d\u00e9clar\u00e9 les services de premiers secours.<\/p>\n<p class=\"fig-paragraph\">La D\u00e9fense civile de Gaza a annonc\u00e9 mardi que huit personnes avaient \u00e9t\u00e9 tu\u00e9es dans le nord de la\u00a0<a href=\"http:\/\/www.lefigaro.fr\/sports\/football\/coupe-du-monde\/coupe-du-monde-2026-le-sort-de-gaza-une-honte-pour-nous-tous-selon-le-selectionneur-egyptien-20260706\" data-fig-type=\"NewsFlash\" data-gtm-custom-categorie=\"navigation\" data-gtm-custom-action=\"crossclick\" data-gtm-custom-label=\"Contextuel\" data-gtm-event=\"customEventSPE\" data-fig-domain=\"LEFIGARO\" rel=\"nofollow noopener\" target=\"_blank\">bande de Gaza<\/a>\u00a0apr\u00e8s une frappe isra\u00e9lienne sur un poste de police palestinien, en d\u00e9pit du\u00a0<a href=\"http:\/\/www.lefigaro.fr\/international\/dans-la-bande-de-gaza-le-hamas-refuse-l-entree-en-vigueur-de-la-seconde-phase-du-cessez-le-feu-20251209\" data-fig-type=\"Article\" data-gtm-custom-categorie=\"navigation\" data-gtm-custom-action=\"crossclick\" data-gtm-custom-label=\"Contextuel\" data-gtm-event=\"customEventSPE\" data-fig-domain=\"LEFIGARO\" rel=\"nofollow noopener\" target=\"_blank\">cessez-le-feu<\/a>\u00a0conclu en octobre 2025.<\/p>\n<p class=\"fig-paragraph\">\u00abHuit martyrs, dont une femme, ont \u00e9t\u00e9 transport\u00e9s \u00e0 l&rsquo;h\u00f4pital al-Chifa de Gaza apr\u00e8s un bombardement isra\u00e9lien ayant vis\u00e9 un poste de police (&#8230;) \u00e0 l&rsquo;ouest du camp de Jabalia\u00bb, ont d\u00e9clar\u00e9 ces services de premiers secours. L&rsquo;h\u00f4pital al-Chifa de la ville de Gaza, situ\u00e9 au nord du territoire palestinien, a confirm\u00e9 \u00e0 l&rsquo;AFP avoir re\u00e7u les huit d\u00e9pouilles.<\/p>\n<p>                                            <a class=\"fig-a11y-skip\" href=\"#fig-a11y-skip-main-inarticle\" is=\"fig-a11y-skip\" data-trigger-mode=\"visible-once\"><br \/>\n    Passer la publicit\u00e9<br \/>\n<\/a>            <\/p>\n<p class=\"fig-paragraph\">L&rsquo;arm\u00e9e isra\u00e9lienne a confirm\u00e9 \u00e0 l&rsquo;AFP avoir men\u00e9 une frappe dans la r\u00e9gion et a d\u00e9clar\u00e9 qu&rsquo;elle visait des \u00abterroristes\u00bb, sans fournir plus de d\u00e9tails dans l&rsquo;imm\u00e9diat.<\/p>\n<p>                                            Plus de 1000 Palestiniens tu\u00e9s depuis le d\u00e9but du cessez-le-feu<\/p>\n<p class=\"fig-paragraph\">Dans un communiqu\u00e9 condamnant la frappe a\u00e9rienne, le mouvement islamiste palestinien Hamas a indiqu\u00e9 que le responsable du commissariat figurait parmi les personnes tu\u00e9es lors de cette frappe.<\/p>\n<p class=\"fig-paragraph\">Isra\u00ebl et le Hamas s&rsquo;accusent presque quotidiennement de violer le cessez-le-feu dans le territoire d\u00e9vast\u00e9. Au moins 1110 Palestiniens y ont \u00e9t\u00e9 tu\u00e9s depuis son entr\u00e9e en vigueur en octobre 2025, selon le minist\u00e8re de la Sant\u00e9 du territoire, dont les chiffres sont jug\u00e9s fiables par l&rsquo;ONU.<\/p>\n<p class=\"fig-paragraph\">Dans le m\u00eame temps, Isra\u00ebl a recens\u00e9 cinq soldats et un contractuel travaillant pour le minist\u00e8re de la D\u00e9fense tu\u00e9s dans le territoire palestinien.<\/p>\n","protected":false},"excerpt":{"rendered":"\u00abHuit martyrs, dont une femme, ont \u00e9t\u00e9 transport\u00e9s \u00e0 l\u2019h\u00f4pital al-Chifa de Gaza apr\u00e8s un bombardement isra\u00e9lien ayant&hellip;\n","protected":false},"author":2,"featured_media":1064360,"comment_status":"","ping_status":"","sticky":false,"template":"","format":"standard","meta":{"footnotes":"","_share_on_mastodon":"0"},"categories":[5],"tags":[11,1011,27,665,3519,14,664,12,28],"class_list":["post-1064359","post","type-post","status-publish","format-standard","has-post-thumbnail","category-international","tag-actualites","tag-fr","tag-france","tag-gaza","tag-hamas","tag-international","tag-israel","tag-news","tag-world"],"share_on_mastodon":{"url":"https:\/\/pubeurope.com\/@fr\/116919050433120235","error":""},"_links":{"self":[{"href":"https:\/\/www.europesays.com\/fr\/wp-json\/wp\/v2\/posts\/1064359","targetHints":{"allow":["GET"]}}],"collection":[{"href":"https:\/\/www.europesays.com\/fr\/wp-json\/wp\/v2\/posts"}],"about":[{"href":"https:\/\/www.europesays.com\/fr\/wp-json\/wp\/v2\/types\/post"}],"author":[{"embeddable":true,"href":"https:\/\/www.europesays.com\/fr\/wp-json\/wp\/v2\/users\/2"}],"replies":[{"embeddable":true,"href":"https:\/\/www.europesays.com\/fr\/wp-json\/wp\/v2\/comments?post=1064359"}],"version-history":[{"count":0,"href":"https:\/\/www.europesays.com\/fr\/wp-json\/wp\/v2\/posts\/1064359\/revisions"}],"wp:featuredmedia":[{"embeddable":true,"href":"https:\/\/www.europesays.com\/fr\/wp-json\/wp\/v2\/media\/1064360"}],"wp:attachment":[{"href":"https:\/\/www.europesays.com\/fr\/wp-json\/wp\/v2\/media?parent=1064359"}],"wp:term":[{"taxonomy":"category","embeddable":true,"href":"https:\/\/www.europesays.com\/fr\/wp-json\/wp\/v2\/categories?post=1064359"},{"taxonomy":"post_tag","embeddable":true,"href":"https:\/\/www.europesays.com\/fr\/wp-json\/wp\/v2\/tags?post=1064359"}],"curies":[{"name":"wp","href":"https:\/\/api.w.org\/{rel}","templated":true}]}}