{"id":106437,"date":"2025-05-17T07:31:20","date_gmt":"2025-05-17T07:31:20","guid":{"rendered":"https:\/\/www.europesays.com\/fr\/106437\/"},"modified":"2025-05-17T07:31:20","modified_gmt":"2025-05-17T07:31:20","slug":"voici-les-infrastructures-sportives-qui-vont-etre-construites-a-toulouse","status":"publish","type":"post","link":"https:\/\/www.europesays.com\/fr\/106437\/","title":{"rendered":"voici les infrastructures sportives qui vont \u00eatre construites \u00e0 Toulouse"},"content":{"rendered":"<p>            Par<br \/>\n        <strong><br \/>\n            <a href=\"https:\/\/actu.fr\/auteur\/lea-afonso\" title=\"Consulter tous les articles de L\u00e9a Afonso\" rel=\"nofollow noopener\" target=\"_blank\">L\u00e9a Afonso<\/a><br \/>\n        <\/strong><\/p>\n<p>        Publi\u00e9 le<\/p>\n<p>            17 mai 2025 \u00e0 7h12        <\/p>\n<p>Jeudi 15 mai 2025, le maire de Toulouse, Jean-Luc Moudenc, a pr\u00e9sent\u00e9 les nouvelles infrastructures sportives qui vont \u00eatre construites \u00e0 <a href=\"https:\/\/actu.fr\/toulouse\/\" rel=\"nofollow noopener\" target=\"_blank\">Toulouse.\u00a0<\/a> \u00ab\u2009On a plac\u00e9 le sport dans le quotidien des Toulousains, car il est l\u2019un des leviers les plus puissants. Il conforte toutes les g\u00e9n\u00e9rations, rassemble, permet la coh\u00e9sion sociale, est un vecteur d\u2019inclusion\u2026 mais pose aussi des questions de s\u00e9curit\u00e9 et de mobilit\u00e9.\u2009\u00bb, a assur\u00e9 le maire qui a annonc\u00e9 de nouveaux \u00e9quipements dans plusieurs quartiers. Voici lesquels.<\/p>\n<p>Une politique de la ville tourn\u00e9e vers le sport<\/p>\n<p class=\" wall-content\">En dix ans, la mairie a multipli\u00e9 les am\u00e9nagements pour faire de Toulouse une ville toujours plus sportive. Ces \u00e9quipements repr\u00e9sentent une valeur de<strong> 8\u00a0millions d\u2019euros<\/strong>\u2009\u00bb, souligne le maire.<\/p>\n<blockquote class=\"ac-article-quote wall-content\">\n<p>Pour l\u2019ann\u00e9e 2025, la mairie consacre 28,4 millions d\u2019euros au fonctionnement et \u00e0 l\u2019investissement dans les infrastructures sportives.<\/p>\n<p>    <strong>Jean-Luc Moudenc<\/strong><br \/>\n        Maire de Toulouse, pr\u00e9sident de Toulouse M\u00e9tropole    <\/p><\/blockquote>\n<p>Une dynamique qui se poursuit en 2026<\/p>\n<p class=\" wall-content\">Les projets ne s\u2019arr\u00eatent pas l\u00e0. D\u2019ici \u00e0 la fin du mandat municipal en 2026, de nouveaux am\u00e9nagements verront le jour <strong>dans plusieurs quartiers toulousains<\/strong>.<\/p>\n<p class=\" wall-content\">Dans le secteur<strong> Ernest Renan<\/strong>, une r\u00e9novation du <strong>skatepark<\/strong> est annonc\u00e9e ainsi que la cr\u00e9ation d\u2019un <strong>pumptrack<\/strong> (piste de glisse d\u00e9di\u00e9e au v\u00e9lo, VTT\u2026 NDLR), sur des terrains communaux situ\u00e9s le long de la voie ferr\u00e9e. Ce projet, issu de la seconde campagne du budget participatif \u00ab\u2009Mes Id\u00e9es pour mon Quartier\u2009\u00bb, repr\u00e9sente un investissement de <strong>500\u2009000\u00a0euros.<\/strong><\/p>\n<p class=\" wall-content\">Dans le nouvel \u00e9coquartier <strong>Guillaumet<\/strong>, un <strong>dojo<\/strong> et une<strong> salle de gym<\/strong> viendront compl\u00e9ter les infrastructures pr\u00e9vues dans cette zone en d\u00e9veloppement, pour <strong>1\u00a0million d\u2019euros<\/strong>. Rappelons que ce quartier, en pleine \u00e9mergence, tout proche de Jolimont, <a href=\"https:\/\/actu.fr\/occitanie\/toulouse_31555\/toulouse-surplombe-par-le-metro-cet-immense-quartier-prend-forme-ce-qui-va-s-y-passer_60154434.html\" rel=\"nofollow noopener\" target=\"_blank\">pr\u00e9voit la cr\u00e9ation de 1\u2009200 logements, 8\u2009500 m\u00b2 de bureaux et 5\u2009800 m\u00b2 de commerces<\/a>.<\/p>\n<p class=\" wall-content\">\u00c0 <strong>La Moun\u00e8de<\/strong>, un nouveau <strong>skatepark<\/strong> sera am\u00e9nag\u00e9 (200\u2009000\u00a0euros), tandis que la <strong>salle d\u2019armes<\/strong> Louis Julien, au<strong> complexe sportif de l\u2019Hers<\/strong>, \u00e0 l\u2019est de la ville, b\u00e9n\u00e9ficiera d\u2019une <strong>r\u00e9novation et d\u2019une extension<\/strong> \u00e0 hauteur de 2,4\u00a0millions d\u2019euros.<\/p>\n<p>Zoom sur Toulouse Lautrec<\/p>\n<p class=\" wall-content\">Du c\u00f4t\u00e9 de <strong>Toulouse-Lautrec<\/strong>, les travaux de la piscine des Minimes ont commenc\u00e9 en novembre\u00a02024, comme<a href=\"https:\/\/actu.fr\/occitanie\/toulouse_31555\/toulouse-le-chantier-de-cette-piscine-publique-va-bientot-debuter-voici-a-quoi-elle-va-ressembler_61679366.html\" rel=\"nofollow noopener\" target=\"_blank\"> Actu Toulouse vous en parlait il y a quelques mois<\/a>. Pour rappel, cette piscine pr\u00e9voit la cr\u00e9ation d\u2019un nouveau bassin sportif nordique comportant quatre couloirs de 50\u00a0m\u00e8tres, mais aussi nouveau bassin d\u2019apprentissage et de d\u00e9tente, une halle et un bassin sportif int\u00e9rieur enti\u00e8rement r\u00e9nov\u00e9s, pour un investissement de <strong>12,6\u00a0millions d\u2019euros.<\/strong><\/p>\n<p class=\" wall-content\">Et ce chantier est sur la bonne voie, l\u2019<strong>ouverture partielle du bassin nordique<\/strong> est pr\u00e9vue pour <strong>mars\u00a02026<\/strong>. De leur c\u00f4t\u00e9, les travaux de la coupole et du bassin d\u2019apprentissage devraient se terminer un an plus tard, en mars\u00a02027, pour une<strong> ouverture compl\u00e8te des lieux pr\u00e9vue en juin\u00a02027<\/strong>.<\/p>\n<p>Et apr\u00e8s 2026\u2009? La continuit\u00e9 assur\u00e9e<\/p>\n<p class=\" wall-content\">Plusieurs projets d\u00e9j\u00e0 lanc\u00e9s se poursuivront \u00e0 l\u2019image de la construction du <strong>gymnase Guilhermy<\/strong> (\u00e0 hauteur de 6,8\u00a0millions d\u2019euros), la r\u00e9novation et l\u2019extension des Tribunes Aybram (\u00e0 hauteur de 2,8\u00a0millions d\u2019euros) et la cr\u00e9ation d\u2019un \u00e9quipement mutualis\u00e9 comprenant un <strong>gymnase \u00e0 Malep\u00e8re<\/strong> (\u00e0 hauteur de 23\u00a0millions d\u2019euros).<\/p>\n<p class=\" wall-content\">\u00c0 <strong>l\u2019horizon 2030<\/strong>, d\u2019autres <strong>infrastructures sportives<\/strong> verront le jour, notamment dans les <strong>quartiers de Paleficat, Brouardel et Matabiau<\/strong>, dans le cadre du projet urbain Quais d\u2019Oc.<\/p>\n<p class=\" wall-content\">Suivez toute l\u2019actualit\u00e9 de vos villes et m\u00e9dias favoris en vous inscrivant \u00e0 <a href=\"https:\/\/moncompte.actu.fr\" title=\"D\u00e9couvez Mon Actu\" rel=\"nofollow noopener\" data-trk=\"{&quot;cta&quot;:{&quot;action&quot;:&quot;https:\\\/\\\/moncompte.actu.fr&quot;,&quot;category&quot;:&quot;mon compte&quot;,&quot;from&quot;:&quot;article footer&quot;,&quot;name&quot;:&quot;Mon actu&quot;,&quot;type&quot;:&quot;cta&quot;}}\" target=\"_blank\">Mon Actu<\/a>.<\/p>\n","protected":false},"excerpt":{"rendered":"Par L\u00e9a Afonso Publi\u00e9 le 17 mai 2025 \u00e0 7h12 Jeudi 15 mai 2025, le maire de Toulouse,&hellip;\n","protected":false},"author":2,"featured_media":106438,"comment_status":"","ping_status":"","sticky":false,"template":"","format":"standard","meta":{"footnotes":""},"categories":[2816],"tags":[1111,11,1777,674,1011,27,12,2680,25,104,517,2312,1352],"class_list":{"0":"post-106437","1":"post","2":"type-post","3":"status-publish","4":"format-standard","5":"has-post-thumbnail","7":"category-toulouse","8":"tag-actu","9":"tag-actualites","10":"tag-eu","11":"tag-europe","12":"tag-fr","13":"tag-france","14":"tag-news","15":"tag-occitanie","16":"tag-republique-francaise","17":"tag-societe","18":"tag-sport","19":"tag-toulouse","20":"tag-urbanisme"},"share_on_mastodon":{"url":"https:\/\/pubeurope.com\/@fr\/114522009329632636","error":""},"_links":{"self":[{"href":"https:\/\/www.europesays.com\/fr\/wp-json\/wp\/v2\/posts\/106437","targetHints":{"allow":["GET"]}}],"collection":[{"href":"https:\/\/www.europesays.com\/fr\/wp-json\/wp\/v2\/posts"}],"about":[{"href":"https:\/\/www.europesays.com\/fr\/wp-json\/wp\/v2\/types\/post"}],"author":[{"embeddable":true,"href":"https:\/\/www.europesays.com\/fr\/wp-json\/wp\/v2\/users\/2"}],"replies":[{"embeddable":true,"href":"https:\/\/www.europesays.com\/fr\/wp-json\/wp\/v2\/comments?post=106437"}],"version-history":[{"count":0,"href":"https:\/\/www.europesays.com\/fr\/wp-json\/wp\/v2\/posts\/106437\/revisions"}],"wp:featuredmedia":[{"embeddable":true,"href":"https:\/\/www.europesays.com\/fr\/wp-json\/wp\/v2\/media\/106438"}],"wp:attachment":[{"href":"https:\/\/www.europesays.com\/fr\/wp-json\/wp\/v2\/media?parent=106437"}],"wp:term":[{"taxonomy":"category","embeddable":true,"href":"https:\/\/www.europesays.com\/fr\/wp-json\/wp\/v2\/categories?post=106437"},{"taxonomy":"post_tag","embeddable":true,"href":"https:\/\/www.europesays.com\/fr\/wp-json\/wp\/v2\/tags?post=106437"}],"curies":[{"name":"wp","href":"https:\/\/api.w.org\/{rel}","templated":true}]}}