{"id":106439,"date":"2025-05-17T07:33:09","date_gmt":"2025-05-17T07:33:09","guid":{"rendered":"https:\/\/www.europesays.com\/fr\/106439\/"},"modified":"2025-05-17T07:33:09","modified_gmt":"2025-05-17T07:33:09","slug":"pour-conquerir-lille-violette-spillebout-ouvre-son-cafe-de-campagne-liberation","status":"publish","type":"post","link":"https:\/\/www.europesays.com\/fr\/106439\/","title":{"rendered":"Pour conqu\u00e9rir Lille, Violette Spillebout ouvre son caf\u00e9 de campagne \u2013 Lib\u00e9ration"},"content":{"rendered":"<p class=\"sc-ksZaOG ehjQrN text-element\">Apr\u00e8s avoir mis Bayrou sur le gril, Violette Spillebout s\u2019a\u00e8re \u00e0 Lille. La d\u00e9put\u00e9e Renaissance, <a href=\"https:\/\/www.liberation.fr\/politique\/audition-de-bayrou-sur-laffaire-betharram-paul-vannier-lfi-retient-le-mensonge-de-bayrou-violette-spillebout-ensemble-sa-verite-20250515_REKXG3MY2RD2JNXTDFFX2H73WM\/\" target=\"_blank\" rel=\"nofollow noopener\" title=\"https:\/\/www.liberation.fr\/politique\/audition-de-bayrou-sur-laffaire-betharram-paul-vannier-lfi-retient-le-mensonge-de-bayrou-violette-spillebout-ensemble-sa-verite-20250515_REKXG3MY2RD2JNXTDFFX2H73WM\/\">co-rapporteure avec l\u2019insoumis Paul Vannier, de la commission d\u2019enqu\u00eate parlementaire sur les violences en milieu scolaire<\/a>, inaugurait vendredi 16 mai sa base, en plein centre-ville, pour tenter de conqu\u00e9rir la mairie socialiste. Son nom, le Breathe Caf\u00e9. L\u2019inspiration est facile \u00e0 deviner : son groupe d\u2019opposition municipal s\u2019appelle \u00abFaire respirer Lille\u00bb. La petite touche d\u2019anglais fait chic, le d\u00e9cor est celui d\u2019un salon de th\u00e9 cosy, pivoines en tissu, coussins jaunes sur canap\u00e9s bas et gris, et voil\u00e0 le prosa\u00efque local de campagne, tradition de l\u2019ancien monde, rhabill\u00e9 pour 2026.<\/p>\n<p class=\"sc-ksZaOG ehjQrN text-element\">Pas de Vannier ce soir, avec qui elle s\u2019entend bien, c\u2019est Gabriel Attal qu\u2019elle a invit\u00e9. L\u2019ancien Premier ministre, secr\u00e9taire g\u00e9n\u00e9ral de Renaissance, tient son succ\u00e8s, on se bouscule pour le selfie \u00e0 ses c\u00f4t\u00e9s, on est venu des villes bourgeoises voisines, Marcq-en-Baroeul ou Mouvaux. C\u2019est blind\u00e9, un vrai sauna. Gabriel Attal assure la blague : \u00abQuand Viole<\/p>\n","protected":false},"excerpt":{"rendered":"Apr\u00e8s avoir mis Bayrou sur le gril, Violette Spillebout s\u2019a\u00e8re \u00e0 Lille. La d\u00e9put\u00e9e Renaissance, co-rapporteure avec l\u2019insoumis&hellip;\n","protected":false},"author":2,"featured_media":106440,"comment_status":"","ping_status":"","sticky":false,"template":"","format":"standard","meta":{"footnotes":""},"categories":[2815],"tags":[1111,11,1777,674,1011,27,811,1307,15626,5945,12,25],"class_list":{"0":"post-106439","1":"post","2":"type-post","3":"status-publish","4":"format-standard","5":"has-post-thumbnail","7":"category-lille","8":"tag-actu","9":"tag-actualites","10":"tag-eu","11":"tag-europe","12":"tag-fr","13":"tag-france","14":"tag-hauts-de-france","15":"tag-lille","16":"tag-martine-aubry","17":"tag-municipales-elections","18":"tag-news","19":"tag-republique-francaise"},"share_on_mastodon":{"url":"https:\/\/pubeurope.com\/@fr\/114522017218246948","error":""},"_links":{"self":[{"href":"https:\/\/www.europesays.com\/fr\/wp-json\/wp\/v2\/posts\/106439","targetHints":{"allow":["GET"]}}],"collection":[{"href":"https:\/\/www.europesays.com\/fr\/wp-json\/wp\/v2\/posts"}],"about":[{"href":"https:\/\/www.europesays.com\/fr\/wp-json\/wp\/v2\/types\/post"}],"author":[{"embeddable":true,"href":"https:\/\/www.europesays.com\/fr\/wp-json\/wp\/v2\/users\/2"}],"replies":[{"embeddable":true,"href":"https:\/\/www.europesays.com\/fr\/wp-json\/wp\/v2\/comments?post=106439"}],"version-history":[{"count":0,"href":"https:\/\/www.europesays.com\/fr\/wp-json\/wp\/v2\/posts\/106439\/revisions"}],"wp:featuredmedia":[{"embeddable":true,"href":"https:\/\/www.europesays.com\/fr\/wp-json\/wp\/v2\/media\/106440"}],"wp:attachment":[{"href":"https:\/\/www.europesays.com\/fr\/wp-json\/wp\/v2\/media?parent=106439"}],"wp:term":[{"taxonomy":"category","embeddable":true,"href":"https:\/\/www.europesays.com\/fr\/wp-json\/wp\/v2\/categories?post=106439"},{"taxonomy":"post_tag","embeddable":true,"href":"https:\/\/www.europesays.com\/fr\/wp-json\/wp\/v2\/tags?post=106439"}],"curies":[{"name":"wp","href":"https:\/\/api.w.org\/{rel}","templated":true}]}}