{"id":106441,"date":"2025-05-17T07:34:08","date_gmt":"2025-05-17T07:34:08","guid":{"rendered":"https:\/\/www.europesays.com\/fr\/106441\/"},"modified":"2025-05-17T07:34:08","modified_gmt":"2025-05-17T07:34:08","slug":"si-martine-vassal-fait-lunion-elle-aura-notre-soutien-assure-romain-simmarano","status":"publish","type":"post","link":"https:\/\/www.europesays.com\/fr\/106441\/","title":{"rendered":"\u00ab\u00a0Si Martine Vassal fait l&rsquo;union, elle aura notre soutien\u00a0\u00bb assure Romain Simmarano"},"content":{"rendered":"<p>Fin mars, le collectif \u00ab\u00a0Une G\u00e9n\u00e9ration pour Marseille\u00a0\u00bb <a href=\"https:\/\/www.laprovence.com\/article\/politique\/1042349736303715\/la-droite-s-initie-a-la-consultation-populaire-avec-le-referendum-des-marseillais\" target=\"_blank\" rel=\"nofollow noopener\">a lanc\u00e9 le \u00ab\u00a0R\u00e9f\u00e9rendum des Marseillais\u00a0\u00bb<\/a>, une s\u00e9rie de 15\u00a0propositions pour nourrir le projet de la droite et du centre en\u00a02026. <a href=\"https:\/\/www.laprovence.com\/article\/politique\/9143127678189514\/municipales-2026-a-marseille-romain-simmarano-cheval-de-troie-de-muselier\" target=\"_blank\" rel=\"nofollow noopener\">Son pr\u00e9sident, Romain Simmarano (Renaissance)<\/a>, directeur de cabinet de Renaud Muselier \u00e0 la R\u00e9gion, estime que l\u2019objectif est atteint et annonce le soutien du collectif \u00e0 une <a href=\"https:\/\/www.laprovence.com\/article\/elections\/123604724782114\/renaud-muselier-derriere-martine-vassal-si-elle-est-candidate-a-la-mairie-de-marseille\" target=\"_blank\" rel=\"nofollow noopener\">candidature d\u2019union de Martine Vassal<\/a> (DVD).<\/p>\n<p><strong>Le \u00ab\u00a0R\u00e9f\u00e9rendum des Marseillais\u00a0\u00bb a-t-il atteint son objectif\u00a0?<\/strong>&#13;\n<\/p>\n<p>Nous venons de d\u00e9passer le cap des 5\u00a0500 r\u00e9ponses. En porte-\u00e0-porte comme en r\u00e9union publique, nous sommes bien accueillis\u2026 Peut-\u00eatre le privil\u00e8ge de la jeunesse\u00a0! Ce contact direct a manqu\u00e9 \u00e0 la vie politique marseillaise pendant deux d\u00e9cennies. Depuis que <a href=\"https:\/\/www.laprovence.com\/article\/politique\/23809477961923\/comment-benoit-payan-sest-efface-devant-michele-rubirola-les-dessous-des-municipales-de-2020-a-marseille\" target=\"_blank\" rel=\"nofollow noopener\">Beno\u00eet Payan a pris la place de Mich\u00e8le Rubirola<\/a> \u00e0 la mairie, il y a eu une sorte de d\u00e9couragement qui a laiss\u00e9 la place aux extr\u00eames. Avec ce r\u00e9f\u00e9rendum, on s\u2019est fait engueuler comme encourager. Bref, on fait de la politique\u00a0!<\/p>\n<p><strong>Quel sujet a suscit\u00e9 le plus de d\u00e9bats\u00a0?<\/strong>&#13;\n<\/p>\n<p>L\u2019utilisation de l\u2019intelligence artificielle et des drones en mati\u00e8re de s\u00e9curit\u00e9. \u00c7a montre que c\u2019est un enjeu essentiel, tout comme les libert\u00e9s publiques. Nous organiserons bient\u00f4t un d\u00e9bat sur ce sujet.<\/p>\n<p><strong><a href=\"https:\/\/www.laprovence.com\/article\/elections\/123604724782114\/renaud-muselier-derriere-martine-vassal-si-elle-est-candidate-a-la-mairie-de-marseille\" target=\"_blank\" rel=\"nofollow noopener\">\u00c0 l\u2019instar de Renaud Muselier<\/a>, pensez-vous qu\u2019il vous faut acc\u00e9l\u00e9rer\u00a0?<\/strong>&#13;\n<\/p>\n<p>Nous plaidons depuis longtemps pour une acc\u00e9l\u00e9ration du calendrier. Depuis le premier jour, Une G\u00e9n\u00e9ration pour Marseille veut d\u00e9montrer que l\u2019union de la droite et du centre va nous permettre de gagner Marseille, quel que soit le mode de scrutin.<\/p>\n","protected":false},"excerpt":{"rendered":"Fin mars, le collectif \u00ab\u00a0Une G\u00e9n\u00e9ration pour Marseille\u00a0\u00bb a lanc\u00e9 le \u00ab\u00a0R\u00e9f\u00e9rendum des Marseillais\u00a0\u00bb, une s\u00e9rie de 15\u00a0propositions&hellip;\n","protected":false},"author":2,"featured_media":106442,"comment_status":"","ping_status":"","sticky":false,"template":"","format":"standard","meta":{"footnotes":""},"categories":[2814],"tags":[17,1111,11,5949,1777,674,21,1011,27,4537,884,10203,3554,12,882,25,21187,14243],"class_list":{"0":"post-106441","1":"post","2":"type-post","3":"status-publish","4":"format-standard","5":"has-post-thumbnail","7":"category-marseille","8":"tag-17","9":"tag-actu","10":"tag-actualites","11":"tag-elections","12":"tag-eu","13":"tag-europe","14":"tag-fait","15":"tag-fr","16":"tag-france","17":"tag-lunion","18":"tag-marseille","19":"tag-martine","20":"tag-municipales","21":"tag-news","22":"tag-provence-alpes-cote-dazur","23":"tag-republique-francaise","24":"tag-si","25":"tag-vassal"},"share_on_mastodon":{"url":"https:\/\/pubeurope.com\/@fr\/114522021133703222","error":""},"_links":{"self":[{"href":"https:\/\/www.europesays.com\/fr\/wp-json\/wp\/v2\/posts\/106441","targetHints":{"allow":["GET"]}}],"collection":[{"href":"https:\/\/www.europesays.com\/fr\/wp-json\/wp\/v2\/posts"}],"about":[{"href":"https:\/\/www.europesays.com\/fr\/wp-json\/wp\/v2\/types\/post"}],"author":[{"embeddable":true,"href":"https:\/\/www.europesays.com\/fr\/wp-json\/wp\/v2\/users\/2"}],"replies":[{"embeddable":true,"href":"https:\/\/www.europesays.com\/fr\/wp-json\/wp\/v2\/comments?post=106441"}],"version-history":[{"count":0,"href":"https:\/\/www.europesays.com\/fr\/wp-json\/wp\/v2\/posts\/106441\/revisions"}],"wp:featuredmedia":[{"embeddable":true,"href":"https:\/\/www.europesays.com\/fr\/wp-json\/wp\/v2\/media\/106442"}],"wp:attachment":[{"href":"https:\/\/www.europesays.com\/fr\/wp-json\/wp\/v2\/media?parent=106441"}],"wp:term":[{"taxonomy":"category","embeddable":true,"href":"https:\/\/www.europesays.com\/fr\/wp-json\/wp\/v2\/categories?post=106441"},{"taxonomy":"post_tag","embeddable":true,"href":"https:\/\/www.europesays.com\/fr\/wp-json\/wp\/v2\/tags?post=106441"}],"curies":[{"name":"wp","href":"https:\/\/api.w.org\/{rel}","templated":true}]}}