{"id":106446,"date":"2025-05-17T07:37:20","date_gmt":"2025-05-17T07:37:20","guid":{"rendered":"https:\/\/www.europesays.com\/fr\/106446\/"},"modified":"2025-05-17T07:37:20","modified_gmt":"2025-05-17T07:37:20","slug":"un-corps-decouvert-dans-lescalier-souterrain-dun-supermarche-a-lyon","status":"publish","type":"post","link":"https:\/\/www.europesays.com\/fr\/106446\/","title":{"rendered":"Un corps d\u00e9couvert dans l&rsquo;escalier souterrain d\u2019un supermarch\u00e9 \u00e0 Lyon"},"content":{"rendered":"<p itemprop=\"description\"><strong>C\u2019est un sans-abri qui a fait la macabre d\u00e9couverte.<\/strong><\/p>\n<p>Le corps sans vie d\u2019un homme a \u00e9t\u00e9 d\u00e9couvert jeudi 15 mai dans un escalier de service situ\u00e9 sous le supermarch\u00e9 Lidl du 276 cours Lafayette, \u00e0 Lyon (3e).<\/p>\n<p>C\u2019est un sans-abri qui a alert\u00e9 les secours, apr\u00e8s avoir trouv\u00e9 la victime dans cet espace habituellement squatt\u00e9, accessible par la rue Saint-Antoine.<\/p>\n<p>Selon le Progr\u00e8s, la mort remonterait \u00e0 trois ou quatre jours. Le corps ne pr\u00e9sentait pas de trace suspecte, mais un obstacle m\u00e9dico-l\u00e9gal a \u00e9t\u00e9 pos\u00e9. Une enqu\u00eate a \u00e9t\u00e9 ouverte afin de d\u00e9terminer les causes du d\u00e9c\u00e8s et d\u2019identifier l\u2019homme, qui n\u2019avait aucun papier sur lui.<\/p>\n<p>Il s\u2019agirait d\u2019un homme de type africain, d\u2019une trentaine d\u2019ann\u00e9es environ. Un petit couteau de cuisine, propre, retrouv\u00e9 \u00e0 proximit\u00e9 laisse penser qu\u2019il pouvait vivre l\u00e0.<\/p>\n<p>L\u2019hypoth\u00e8se d\u2019une overdose est envisag\u00e9e. L\u2019autopsie devrait apporter des r\u00e9ponses.<\/p>\n","protected":false},"excerpt":{"rendered":"C\u2019est un sans-abri qui a fait la macabre d\u00e9couverte. Le corps sans vie d\u2019un homme a \u00e9t\u00e9 d\u00e9couvert&hellip;\n","protected":false},"author":2,"featured_media":106447,"comment_status":"","ping_status":"","sticky":false,"template":"","format":"standard","meta":{"footnotes":""},"categories":[1889],"tags":[1111,11,2813,2190,2430,1109,251,1112,2811,1777,674,118,1011,27,1922,1110,1114,2428,2810,12,241,316,25,2812,517,800],"class_list":{"0":"post-106446","1":"post","2":"type-post","3":"status-publish","4":"format-standard","5":"has-post-thumbnail","7":"category-lyon","8":"tag-actu","9":"tag-actualites","10":"tag-article","11":"tag-asvel","12":"tag-auvergne-rhone-alpes","13":"tag-breves","14":"tag-culture","15":"tag-depeches","16":"tag-economique","17":"tag-eu","18":"tag-europe","19":"tag-faits-divers","20":"tag-fr","21":"tag-france","22":"tag-info","23":"tag-informations","24":"tag-infos","25":"tag-lyon","26":"tag-lyonmag","27":"tag-news","28":"tag-ol","29":"tag-politique","30":"tag-republique-francaise","31":"tag-sociale","32":"tag-sport","33":"tag-transports"},"share_on_mastodon":{"url":"https:\/\/pubeurope.com\/@fr\/114522032874229353","error":""},"_links":{"self":[{"href":"https:\/\/www.europesays.com\/fr\/wp-json\/wp\/v2\/posts\/106446","targetHints":{"allow":["GET"]}}],"collection":[{"href":"https:\/\/www.europesays.com\/fr\/wp-json\/wp\/v2\/posts"}],"about":[{"href":"https:\/\/www.europesays.com\/fr\/wp-json\/wp\/v2\/types\/post"}],"author":[{"embeddable":true,"href":"https:\/\/www.europesays.com\/fr\/wp-json\/wp\/v2\/users\/2"}],"replies":[{"embeddable":true,"href":"https:\/\/www.europesays.com\/fr\/wp-json\/wp\/v2\/comments?post=106446"}],"version-history":[{"count":0,"href":"https:\/\/www.europesays.com\/fr\/wp-json\/wp\/v2\/posts\/106446\/revisions"}],"wp:featuredmedia":[{"embeddable":true,"href":"https:\/\/www.europesays.com\/fr\/wp-json\/wp\/v2\/media\/106447"}],"wp:attachment":[{"href":"https:\/\/www.europesays.com\/fr\/wp-json\/wp\/v2\/media?parent=106446"}],"wp:term":[{"taxonomy":"category","embeddable":true,"href":"https:\/\/www.europesays.com\/fr\/wp-json\/wp\/v2\/categories?post=106446"},{"taxonomy":"post_tag","embeddable":true,"href":"https:\/\/www.europesays.com\/fr\/wp-json\/wp\/v2\/tags?post=106446"}],"curies":[{"name":"wp","href":"https:\/\/api.w.org\/{rel}","templated":true}]}}