{"id":106448,"date":"2025-05-17T07:39:07","date_gmt":"2025-05-17T07:39:07","guid":{"rendered":"https:\/\/www.europesays.com\/fr\/106448\/"},"modified":"2025-05-17T07:39:07","modified_gmt":"2025-05-17T07:39:07","slug":"quiz-dj-set-visite-a-la-lampe-torche-ou-passer-une-nuit-des-musees-insolite-a-paris-et-en-ile-de-france","status":"publish","type":"post","link":"https:\/\/www.europesays.com\/fr\/106448\/","title":{"rendered":"Quiz, DJ set, visite \u00e0 la lampe torche\u2026 O\u00f9 passer une Nuit des mus\u00e9es insolite \u00e0 Paris et en \u00cele-de-France\u00a0?"},"content":{"rendered":"<p>            Par<br \/>\n        <strong><br \/>\n            <a href=\"https:\/\/actu.fr\/auteur\/redaction-paris\" title=\"Consulter tous les articles de R\u00e9daction Paris\" rel=\"nofollow noopener\" target=\"_blank\">R\u00e9daction Paris<\/a><br \/>\n        <\/strong><\/p>\n<p>        Publi\u00e9 le<\/p>\n<p>            17 mai 2025 \u00e0 9h22        <\/p>\n<p>Les \u00e9ditions se suivent mais ne se ressemblent pas. Ce samedi 17 mai 2025 dans la soir\u00e9e, plus de <strong>170 \u00e9tablissements culturels de Paris et d\u2019\u00cele-de-France<\/strong> donnent rendez-vous aux noctambules les plus curieux pour une 21e <a href=\"https:\/\/www.culture.gouv.fr\/fr\/regions\/drac-ile-de-france\/actualites\/actualite-a-la-une\/21e-edition-de-la-nuit-europeenne-des-musees-en-ile-de-france\" rel=\"nofollow noopener\" target=\"_blank\">Nuit europ\u00e9enne des mus\u00e9es<\/a>. Au programme\u2009: visites, ateliers et performances seront propos\u00e9s gratuitement pour leur faire d\u00e9couvrir <a href=\"https:\/\/actu.fr\/ile-de-france\/paris_75056\/louvre-musee-d-orsay-quai-branly-ces-musees-de-paris-classes-parmi-les-meilleurs-de-france_45567453.html\" rel=\"nofollow noopener\" target=\"_blank\">la richesse patrimoniale et artistique de la r\u00e9gion<\/a>. La r\u00e9daction d\u2019actu Paris a r\u00e9pertori\u00e9 quelques \u00e9v\u00e9nements inspirants, atmosph\u00e8res insolites et autres activit\u00e9s ludiques originales \u00e0 d\u00e9couvrir. Bien s\u00fbr, la liste est non exhaustive.<\/p>\n<p>Le centre de recherche et de restauration des Mus\u00e9es de France (Paris, 1er)<\/p>\n<p class=\" wall-content\">Ce sont les entrailles du Louvre. Le C2RMF est le laboratoire des experts qui analysent et restaurent toutes les \u0153uvres du plus c\u00e9l\u00e8bre mus\u00e9e de France, si ce n\u2019est du monde. Des visites immersives in\u00e9dites sont organis\u00e9es pour les jeunes et les adultes, curieux de d\u00e9couvrir ce que cache le sourire de la Joconde. Ils pourront p\u00e9n\u00e9trer <a href=\"https:\/\/actu.fr\/ile-de-france\/paris_75056\/nouvelle-grande-entree-joconde-deplacee-les-principales-annonces-d-emmanuel-macron-sur-le-musee-du-louvre_62178781.html\" rel=\"nofollow noopener\" target=\"_blank\">les coulisses du Louvre<\/a> et acc\u00e9der aux espaces o\u00f9 sont pr\u00e9serv\u00e9es toutes les plus illustres \u0153uvres d\u2019art.<\/p>\n<p>Le mus\u00e9e Carnavalet \u2013 Histoire de Paris (Paris, 3e)<\/p>\n<p class=\" wall-content\">Le mus\u00e9e Carnavalet a le sens du timing. En ce 17\u00a0mai, journ\u00e9e internationale contre l\u2019homophobie, la transphobie et la biphobie, l\u2019\u00e9tablissement parisien propose plusieurs \u00e9v\u00e9nements valorisant la diversit\u00e9 des identit\u00e9s de genre et orientations sexuelles. Ainsi, par exemple, une visite comment\u00e9e intitul\u00e9e \u00ab\u2009Le Paris Queer\u2009\u00bb sera propos\u00e9e. Un Queer quiz et un concert engag\u00e9 de la chorale Queerale et PowerBeauTom cl\u00f4tureront la journ\u00e9e.<\/p>\n<p>La Monnaie de Paris (Paris, 6e)<\/p>\n<p class=\" wall-content\">La manufacture du quai de Conti va changer d\u2019ambiance. Le temps d\u2019une soir\u00e9e, on va arr\u00eater de frapper la monnaie pour se tourner vers le graffiti. Deux expositions du peintre Georges Mathieu seront pr\u00e9sent\u00e9es ainsi que des performances de Nassyo, JonOne et Lek et Sowat. Un concert, un atelier, une chasse au tr\u00e9sor et une visite \u00e0 la lampe torche seront propos\u00e9s aux familles et adultes.<\/p>\n<p>Vid\u00e9os : en ce moment sur ActuLe mus\u00e9e de Montmartre (Paris, 18e)<\/p>\n<p class=\" wall-content\">Le quartier va vibrer. Radio Nova va installer ses platines dans le jardin du mus\u00e9e du Montmartre, au pied du Sacr\u00e9-C\u0153ur. La radio a concoct\u00e9 un DJ set rendant hommage aux artistes embl\u00e9matiques de la butte. Les voix de Dalida, Charles Aznavour, Marcel Mouloudji ou encore \u00c9dith Piaf r\u00e9sonneront dans cet \u00e9crin iconique du 18e. Une exposition temporaire consacr\u00e9e au peintre Maximilien Luce sera \u00e9galement \u00e0 d\u00e9couvrir aux c\u00f4t\u00e9s des collections permanentes de l\u2019\u00e9tablissement culturel.<\/p>\n<p class=\" wall-content\"><a href=\"https:\/\/www.instagram.com\/p\/DJbOQQfvjs_\/embed\" title=\"Ouvrir le lien sur Instagram\" rel=\"nofollow noopener\" target=\"_blank\">Visualiser le contenu sur Instagram<\/a><\/p>\n<p>Le Mac Val (Val-de-Marne, Vitry-sur-Seine)<\/p>\n<p class=\" wall-content\">L\u2019\u00e9tablissement pr\u00e9voit moult \u00e9v\u00e9nements pour cette nuit des mus\u00e9es. Au programme notamment, l\u2019installation de Quentin Derout \u00ab\u2009J\u2019aime bien jouer avec des fleurs et vous\u2009?\u2009\u00bb ou encore une performance de R\u00e9my Yadan seront \u00e0 d\u00e9couvrir ainsi que plusieurs visites comment\u00e9es des expositions. \u00ab\u2009Le gendre id\u00e9al\u2009\u00bb sera pr\u00e9sent\u00e9 par le directeur du Mac Val et les commissaires de l\u2019exposition.<\/p>\n<p>Le mus\u00e9e d\u2019art et d\u2019histoire Paul-Eluard (Seine-Saint-Denis, Saint-Denis)<\/p>\n<p class=\" wall-content\">L\u2019univers textile color\u00e9 de Sonia Delaunay va \u00eatre mis \u00e0 l\u2019honneur avec l\u2019exposition \u00ab\u2009Les tissus simultan\u00e9s de Sonia Delaunay\u2009\u00bb. Des visites comment\u00e9es sont organis\u00e9es et un atelier sera propos\u00e9 aux familles.<\/p>\n<p>Le mus\u00e9e des Avelines (Hauts-de-Seine, Saint-Cloud)<\/p>\n<p class=\" wall-content\">Changement de d\u00e9cor et d\u2019ambiance \u00e0 Saint-Cloud. Le mus\u00e9e des Avelines va faire vivre une nuit enchant\u00e9e \u00e0 ses visiteurs avec le Bal des Mille et Une Nuits. Devant l\u2019exposition \u00ab\u2009Henri Regnault, le sabre et le pinceau\u2009\u00bb, ils pourront aussi profiter des musiques d\u2019ailleurs et d\u00e9couvrir la danse orientale avec Sarah Rhea et les danseuses du CAEL. D\u00e9monstration et initiation \u00e0 destination de tous seront propos\u00e9es. Le mus\u00e9e conseille d\u2019ailleurs de rev\u00eatir \u00ab\u2009une tenue exceptionnelle\u2009\u00bb pour l\u2019occasion.<\/p>\n<p class=\" wall-content\"><a href=\"https:\/\/www.instagram.com\/p\/DJqxxZKie9J\/embed\" title=\"Ouvrir le lien sur Instagram\" rel=\"nofollow noopener\" target=\"_blank\">Visualiser le contenu sur Instagram<\/a><\/p>\n<p class=\" wall-content\">.<\/p>\n<p class=\" wall-content\">Suivez toute l\u2019actualit\u00e9 de vos villes et m\u00e9dias favoris en vous inscrivant \u00e0 <a href=\"https:\/\/moncompte.actu.fr\" title=\"D\u00e9couvez Mon Actu\" rel=\"nofollow noopener\" data-trk=\"{&quot;cta&quot;:{&quot;action&quot;:&quot;https:\\\/\\\/moncompte.actu.fr&quot;,&quot;category&quot;:&quot;mon compte&quot;,&quot;from&quot;:&quot;article footer&quot;,&quot;name&quot;:&quot;Mon actu&quot;,&quot;type&quot;:&quot;cta&quot;}}\" target=\"_blank\">Mon Actu<\/a>.<\/p>\n<p>                    <script async src=\"\/\/www.instagram.com\/embed.js\"><\/script><\/p>\n","protected":false},"excerpt":{"rendered":"Par R\u00e9daction Paris Publi\u00e9 le 17 mai 2025 \u00e0 9h22 Les \u00e9ditions se suivent mais ne se ressemblent&hellip;\n","protected":false},"author":2,"featured_media":106449,"comment_status":"","ping_status":"","sticky":false,"template":"","format":"standard","meta":{"footnotes":""},"categories":[1592],"tags":[1111,11,1777,674,1011,27,662,1757,1652,12,626,2551,25],"class_list":{"0":"post-106448","1":"post","2":"type-post","3":"status-publish","4":"format-standard","5":"has-post-thumbnail","7":"category-ile-de-france","8":"tag-actu","9":"tag-actualites","10":"tag-eu","11":"tag-europe","12":"tag-fr","13":"tag-france","14":"tag-ile-de-france","15":"tag-insolite","16":"tag-loisirs-culture","17":"tag-news","18":"tag-paris","19":"tag-patrimoine","20":"tag-republique-francaise"},"share_on_mastodon":{"url":"https:\/\/pubeurope.com\/@fr\/114522040824121140","error":""},"_links":{"self":[{"href":"https:\/\/www.europesays.com\/fr\/wp-json\/wp\/v2\/posts\/106448","targetHints":{"allow":["GET"]}}],"collection":[{"href":"https:\/\/www.europesays.com\/fr\/wp-json\/wp\/v2\/posts"}],"about":[{"href":"https:\/\/www.europesays.com\/fr\/wp-json\/wp\/v2\/types\/post"}],"author":[{"embeddable":true,"href":"https:\/\/www.europesays.com\/fr\/wp-json\/wp\/v2\/users\/2"}],"replies":[{"embeddable":true,"href":"https:\/\/www.europesays.com\/fr\/wp-json\/wp\/v2\/comments?post=106448"}],"version-history":[{"count":0,"href":"https:\/\/www.europesays.com\/fr\/wp-json\/wp\/v2\/posts\/106448\/revisions"}],"wp:featuredmedia":[{"embeddable":true,"href":"https:\/\/www.europesays.com\/fr\/wp-json\/wp\/v2\/media\/106449"}],"wp:attachment":[{"href":"https:\/\/www.europesays.com\/fr\/wp-json\/wp\/v2\/media?parent=106448"}],"wp:term":[{"taxonomy":"category","embeddable":true,"href":"https:\/\/www.europesays.com\/fr\/wp-json\/wp\/v2\/categories?post=106448"},{"taxonomy":"post_tag","embeddable":true,"href":"https:\/\/www.europesays.com\/fr\/wp-json\/wp\/v2\/tags?post=106448"}],"curies":[{"name":"wp","href":"https:\/\/api.w.org\/{rel}","templated":true}]}}