{"id":1064482,"date":"2026-07-14T16:50:21","date_gmt":"2026-07-14T16:50:21","guid":{"rendered":"https:\/\/www.europesays.com\/fr\/1064482\/"},"modified":"2026-07-14T16:50:21","modified_gmt":"2026-07-14T16:50:21","slug":"devoluy-un-air-dintervilles-a-flotte-sur-saint-etienne-en-devoluy","status":"publish","type":"post","link":"https:\/\/www.europesays.com\/fr\/1064482\/","title":{"rendered":"D\u00e9voluy. Un air d\u2019Intervilles a flott\u00e9 sur Saint-\u00c9tienne-en-D\u00e9voluy"},"content":{"rendered":"<p>Lundi 13\u00a0juillet, le comit\u00e9 des f\u00eates et les Jeunes agriculteurs du D\u00e9voluy ont organis\u00e9 une course de vachettes. Animaux auxquels les participants les plus rapides se sont confront\u00e9s avec aisance. Le terrain avait \u00e9t\u00e9 pr\u00e9par\u00e9 par la commune et les barri\u00e8res dress\u00e9es par les b\u00e9n\u00e9voles pour assurer la s\u00e9curit\u00e9 du public, venu nombreux. Une soir\u00e9e dansante et un feu d\u2019artifice ont achev\u00e9 cette f\u00eate du village de Saint-\u00c9tienne-en-D\u00e9voluy.<\/p>\n","protected":false},"excerpt":{"rendered":"Lundi 13\u00a0juillet, le comit\u00e9 des f\u00eates et les Jeunes agriculteurs du D\u00e9voluy ont organis\u00e9 une course de vachettes.&hellip;\n","protected":false},"author":2,"featured_media":1064483,"comment_status":"","ping_status":"","sticky":false,"template":"","format":"standard","meta":{"footnotes":"","_share_on_mastodon":"0"},"categories":[9653],"tags":[1111,11,2430,21098,1687,33608,4521,1777,674,1011,27,12,25,4001,3140],"class_list":["post-1064482","post","type-post","status-publish","format-standard","has-post-thumbnail","category-saint-etienne","tag-actu","tag-actualites","tag-auvergne-rhone-alpes","tag-buech-devoluy","tag-culture-loisirs","tag-devoluy","tag-edition-hautes-alpes-alpes-de-haute-provence","tag-eu","tag-europe","tag-fr","tag-france","tag-news","tag-republique-francaise","tag-saint-etienne","tag-spectacle"],"share_on_mastodon":{"url":"https:\/\/pubeurope.com\/@fr\/116919364819471565","error":""},"_links":{"self":[{"href":"https:\/\/www.europesays.com\/fr\/wp-json\/wp\/v2\/posts\/1064482","targetHints":{"allow":["GET"]}}],"collection":[{"href":"https:\/\/www.europesays.com\/fr\/wp-json\/wp\/v2\/posts"}],"about":[{"href":"https:\/\/www.europesays.com\/fr\/wp-json\/wp\/v2\/types\/post"}],"author":[{"embeddable":true,"href":"https:\/\/www.europesays.com\/fr\/wp-json\/wp\/v2\/users\/2"}],"replies":[{"embeddable":true,"href":"https:\/\/www.europesays.com\/fr\/wp-json\/wp\/v2\/comments?post=1064482"}],"version-history":[{"count":0,"href":"https:\/\/www.europesays.com\/fr\/wp-json\/wp\/v2\/posts\/1064482\/revisions"}],"wp:featuredmedia":[{"embeddable":true,"href":"https:\/\/www.europesays.com\/fr\/wp-json\/wp\/v2\/media\/1064483"}],"wp:attachment":[{"href":"https:\/\/www.europesays.com\/fr\/wp-json\/wp\/v2\/media?parent=1064482"}],"wp:term":[{"taxonomy":"category","embeddable":true,"href":"https:\/\/www.europesays.com\/fr\/wp-json\/wp\/v2\/categories?post=1064482"},{"taxonomy":"post_tag","embeddable":true,"href":"https:\/\/www.europesays.com\/fr\/wp-json\/wp\/v2\/tags?post=1064482"}],"curies":[{"name":"wp","href":"https:\/\/api.w.org\/{rel}","templated":true}]}}