{"id":106450,"date":"2025-05-17T07:40:08","date_gmt":"2025-05-17T07:40:08","guid":{"rendered":"https:\/\/www.europesays.com\/fr\/106450\/"},"modified":"2025-05-17T07:40:08","modified_gmt":"2025-05-17T07:40:08","slug":"ou-et-quand-ladmirer-a-nouveau-dans-la-capitale","status":"publish","type":"post","link":"https:\/\/www.europesays.com\/fr\/106450\/","title":{"rendered":"o\u00f9 et quand l&rsquo;admirer \u00e0 nouveau dans la capitale\u00a0?"},"content":{"rendered":"<p>            Par<br \/>\n        <strong><br \/>\n            <a href=\"https:\/\/actu.fr\/auteur\/thomas-martin\" title=\"Consulter tous les articles de Thomas Martin\" target=\"_blank\" rel=\"noopener\">Thomas Martin<\/a><br \/>\n        <\/strong><\/p>\n<p>        Publi\u00e9 le<\/p>\n<p>            17 mai 2025 \u00e0 7h38        <\/p>\n<p>Nombreux \u00e9taient ceux qui attendaient son retour. Pendant les trois prochains \u00e9t\u00e9s, la <a href=\"https:\/\/actu.fr\/ile-de-france\/paris_75056\/jo-2024-les-meilleurs-spots-pour-admirer-la-vasque-olympique-dans-le-ciel-de-paris_61442824.html\" target=\"_blank\" rel=\"noopener\">vasque olympique<\/a> qui r\u00e9investira le <a href=\"https:\/\/actu.fr\/ile-de-france\/paris_75056\/jo-de-paris-2024-le-jardin-des-tuileries-accueillera-la-flamme-olympique_60871130.html\" target=\"_blank\" rel=\"noopener\">jardin des Tuileries<\/a> sera accessible librement aux badauds et touristes, a d\u00e9taill\u00e9 jeudi la pr\u00e9fecture de la r\u00e9gion Ile-de-France, aux cot\u00e9s d\u2019EDF, du <a href=\"https:\/\/actu.fr\/tag\/louvre\" target=\"_blank\" rel=\"noopener\">Louvre<\/a> et de son designer Mathieu Lehanneur. Elle ne sera ni tout \u00e0 fait la m\u00eame, ni tout \u00e0 fait une autre.<\/p>\n<p>La vasque s\u2019\u00e9l\u00e8vera \u00e0 60 m\u00e8tres de hauteur<\/p>\n<p class=\" wall-content\">Le ballon a \u00e9t\u00e9 refait ainsi que l\u2019anneau et elle s\u2019envolera chaque soir si la m\u00e9t\u00e9o le permet du 21 juin au 14 septembre. Cette vasque originale fa\u00e7on montgolfi\u00e8re, \u00e0 la flamme \u00e9lectrique, avait attir\u00e9 des centaines de milliers de personnes pendant les Jeux olympiques et paralympiques, et il fallait r\u00e9server pour l\u2019admirer de pr\u00e8s.<\/p>\n<p class=\" wall-content\">\u00ab\u00a0Nous sommes tr\u00e8s fiers de ce retour\u00a0\u00bb, a expliqu\u00e9 Kim Pham, administrateur du Louvre, qui a pr\u00e9cis\u00e9 que le jardin des Tuileries fermera le soir apr\u00e8s 22h30, et un peu plus t\u00f4t au mois d\u2019ao\u00fbt, quand elle s\u2019\u00e9l\u00e8vera \u00e0 60 m\u00e8tres de hauteur dans le ciel de Paris.<\/p>\n<p class=\" wall-content\">\u00ab\u00a0R\u00e9installation p\u00e9renne mais pas compl\u00e9tement, c\u2019est la meilleure option qu\u2019on pouvait trouver\u00a0\u00bb, s\u2019est r\u00e9joui le cr\u00e9ateur de la vasque, aussi designer de la torche olympique, Mathieu Lehanneur.<\/p>\n<p class=\" wall-content\">La flamme est toujours \u00ab\u00a0100% \u00e9lectrique\u00a0\u00bb, avec projecteurs Led et brumisateurs, a ajout\u00e9 Pierre Viriot, directeur de la communication d\u2019EDF. Mais contrairement \u00e0 l\u2019ann\u00e9e derni\u00e8re, elle sera \u00e9teinte la nuit.<\/p>\n<p>Vid\u00e9os : en ce moment sur Actu<\/p>\n<p class=\" wall-content\">Mathieu Gobbi, directeur g\u00e9n\u00e9ral de la soci\u00e9t\u00e9 A\u00e9rophile qui a pilot\u00e9 l\u2019engin avec les \u00e9quipes chaque soir l\u2019\u00e9t\u00e9 dernier, pr\u00e9vient qu\u2019il y aura un peu moins de suspens cette ann\u00e9e. Le site <a href=\"http:\/\/vasqueparis2024.fr\" target=\"_blank\" rel=\"noopener\">vasqueparis2024.fr<\/a> pr\u00e9viendra du programme et d\u2019\u00e9ventuels al\u00e9as m\u00e9t\u00e9o.<\/p>\n<p class=\" wall-content\">Le reconstruction du ballon et de l\u2019anneau, et son fonctionnement pendant trois \u00e9t\u00e9s, sont financ\u00e9s par le comit\u00e9 d\u2019organisation des JO et EDF, a pr\u00e9cis\u00e9 Marc Guillaume, pr\u00e9fet de la r\u00e9gion Ile-de-France. Cette nouvelle version de la vasque co\u00fbte 2,5 millions d\u2019euros, et son fonctionnement 2,5 millions d\u2019euros par \u00e9t\u00e9 pour 250 jours de service au total.<br \/>Son installation d\u00e9butera fin mai.<\/p>\n<p class=\" wall-content\"><strong>Avec AFP<\/strong><\/p>\n<p class=\" wall-content\">Suivez toute l\u2019actualit\u00e9 de vos villes et m\u00e9dias favoris en vous inscrivant \u00e0 <a href=\"https:\/\/moncompte.actu.fr\" title=\"D\u00e9couvez Mon Actu\" rel=\"nofollow noopener\" data-trk=\"{&quot;cta&quot;:{&quot;action&quot;:&quot;https:\\\/\\\/moncompte.actu.fr&quot;,&quot;category&quot;:&quot;mon compte&quot;,&quot;from&quot;:&quot;article footer&quot;,&quot;name&quot;:&quot;Mon actu&quot;,&quot;type&quot;:&quot;cta&quot;}}\" target=\"_blank\">Mon Actu<\/a>.<\/p>\n","protected":false},"excerpt":{"rendered":"Par Thomas Martin Publi\u00e9 le 17 mai 2025 \u00e0 7h38 Nombreux \u00e9taient ceux qui attendaient son retour. Pendant&hellip;\n","protected":false},"author":2,"featured_media":106451,"comment_status":"","ping_status":"","sticky":false,"template":"","format":"standard","meta":{"footnotes":""},"categories":[1888],"tags":[1111,1928,11,1927,1777,674,1011,27,7941,11274,12,1926,626,1925,25,104],"class_list":{"0":"post-106450","1":"post","2":"type-post","3":"status-publish","4":"format-standard","5":"has-post-thumbnail","7":"category-paris","8":"tag-actu","9":"tag-actu-paris","10":"tag-actualites","11":"tag-actualites-paris","12":"tag-eu","13":"tag-europe","14":"tag-fr","15":"tag-france","16":"tag-jo-paris-2024","17":"tag-louvre","18":"tag-news","19":"tag-news-paris","20":"tag-paris","21":"tag-paris-news","22":"tag-republique-francaise","23":"tag-societe"},"share_on_mastodon":{"url":"https:\/\/pubeurope.com\/@fr\/114522044725262833","error":""},"_links":{"self":[{"href":"https:\/\/www.europesays.com\/fr\/wp-json\/wp\/v2\/posts\/106450","targetHints":{"allow":["GET"]}}],"collection":[{"href":"https:\/\/www.europesays.com\/fr\/wp-json\/wp\/v2\/posts"}],"about":[{"href":"https:\/\/www.europesays.com\/fr\/wp-json\/wp\/v2\/types\/post"}],"author":[{"embeddable":true,"href":"https:\/\/www.europesays.com\/fr\/wp-json\/wp\/v2\/users\/2"}],"replies":[{"embeddable":true,"href":"https:\/\/www.europesays.com\/fr\/wp-json\/wp\/v2\/comments?post=106450"}],"version-history":[{"count":0,"href":"https:\/\/www.europesays.com\/fr\/wp-json\/wp\/v2\/posts\/106450\/revisions"}],"wp:featuredmedia":[{"embeddable":true,"href":"https:\/\/www.europesays.com\/fr\/wp-json\/wp\/v2\/media\/106451"}],"wp:attachment":[{"href":"https:\/\/www.europesays.com\/fr\/wp-json\/wp\/v2\/media?parent=106450"}],"wp:term":[{"taxonomy":"category","embeddable":true,"href":"https:\/\/www.europesays.com\/fr\/wp-json\/wp\/v2\/categories?post=106450"},{"taxonomy":"post_tag","embeddable":true,"href":"https:\/\/www.europesays.com\/fr\/wp-json\/wp\/v2\/tags?post=106450"}],"curies":[{"name":"wp","href":"https:\/\/api.w.org\/{rel}","templated":true}]}}