{"id":1064555,"date":"2026-07-14T17:34:21","date_gmt":"2026-07-14T17:34:21","guid":{"rendered":"https:\/\/www.europesays.com\/fr\/1064555\/"},"modified":"2026-07-14T17:34:21","modified_gmt":"2026-07-14T17:34:21","slug":"lallemagne-va-investir-659-millions-deuros-dans-des-usines-de-semi-conducteurs-afin-de-renforcer-lindependance-de-leurope-en-matiere-de-micropuces-business-am","status":"publish","type":"post","link":"https:\/\/www.europesays.com\/fr\/1064555\/","title":{"rendered":"L&rsquo;Allemagne va investir 659 millions d&rsquo;euros dans des usines de semi-conducteurs afin de renforcer l&rsquo;ind\u00e9pendance de l&rsquo;Europe en mati\u00e8re de micropuces &#8211; Business AM"},"content":{"rendered":"<p>                    <img decoding=\"async\" style=\"aspect-ratio:16\/9\" src=\"https:\/\/www.europesays.com\/fr\/wp-content\/uploads\/2026\/07\/halfgeleiders-semi-conducteurs-cover.jpg\" width=\"100%\" loading=\"eager\"\/><\/p>\n<p>                            <a href=\"https:\/\/fr.businessam.be\/author\/redactie\/\" class=\"author-thumbnail\" style=\"border: 2px inset #00000099;\" rel=\"nofollow noopener\" target=\"_blank\"><img loading=\"lazy\" decoding=\"async\" src=\"https:\/\/www.europesays.com\/fr\/wp-content\/uploads\/2026\/07\/1784050459_394_cropped-favicon-192x192.png\" width=\"80\" height=\"80\" alt=\"Business AM\"\/><\/a>\ue05bpar <a href=\"https:\/\/fr.businessam.be\/author\/redactie\/\" rel=\"nofollow noopener\" target=\"_blank\">Business AM<\/a><br \/>\ue010publi\u00e9 le mardi 14 juillet 2026 \u00e0 19:02 \u2022 <br \/>\ue00c3 min de lecture<\/p>\n<p>Principaux renseignements<\/p>\n<ul class=\"wp-block-list\">\n<li><strong>L\u2019Allemagne va investir 659 millions d\u2019euros pour construire quatre sites de fabrication de semi-conducteurs.<\/strong><\/li>\n<li><strong>Ce financement vise \u00e0 renforcer l\u2019ind\u00e9pendance technologique de l\u2019UE et sa comp\u00e9titivit\u00e9 mondiale.<\/strong><\/li>\n<li><strong>L\u2019Europe vise \u00e0 doubler sa part dans la production mondiale de puces d\u2019ici 2030.<\/strong><\/li>\n<\/ul>\n<p>La <a href=\"https:\/\/ec.europa.eu\/commission\/presscorner\/detail\/en\/ip_26_1585\" data-type=\"link\" data-id=\"https:\/\/ec.europa.eu\/commission\/presscorner\/detail\/en\/ip_26_1585\" target=\"_blank\" rel=\"noreferrer noopener nofollow\">Commission europ\u00e9enne<\/a> a autoris\u00e9 l\u2019Allemagne \u00e0 allouer 659 millions d\u2019euros de fonds publics pour soutenir la cr\u00e9ation de quatre sites de fabrication de semi-conducteurs. Cette d\u00e9cision, annonc\u00e9e \u00e0 Bruxelles, vise \u00e0 renforcer l\u2019avantage concurrentiel et l\u2019ind\u00e9pendance technologique de l\u2019Union europ\u00e9enne en consolidant son r\u00f4le dans le <a href=\"https:\/\/fr.businessam.be\/les-entreprises-de-semi-conducteurs-surperforment-le-reste-du-marche\/\" data-type=\"link\" data-id=\"https:\/\/fr.businessam.be\/les-entreprises-de-semi-conducteurs-surperforment-le-reste-du-marche\/\" rel=\"nofollow noopener\" target=\"_blank\">cycle mondial de production de puces<\/a>.<\/p>\n<p>Quatre projets<\/p>\n<p>Ce soutien financier sera r\u00e9parti entre plusieurs projets sp\u00e9cifiques :<\/p>\n<ul class=\"wp-block-list\">\n<li>Le site de Baesweiler, en Rh\u00e9nanie-du-Nord-Westphalie, recevra 353 millions d\u2019euros pour la production de carbure de silicium.<\/li>\n<li>Une usine situ\u00e9e \u00e0 Itzehoe, dans le Schleswig-Holstein, sp\u00e9cialis\u00e9e dans les MOSFET Silicon Power, se verra attribuer 214 millions d\u2019euros.<\/li>\n<li>Weilburg, en Hesse, recevra 74 millions d\u2019euros pour le d\u00e9veloppement d\u2019outils de m\u00e9trologie optique et de films.<\/li>\n<li>Deux usines sp\u00e9cialis\u00e9es dans la fabrication de puces \u00e0 Munich devraient b\u00e9n\u00e9ficier d\u2019un financement de 18 millions d\u2019euros.<\/li>\n<\/ul>\n<p>Financement<\/p>\n<p>Ces initiatives seront financ\u00e9es dans le cadre d\u2019un partenariat entre les autorit\u00e9s r\u00e9gionales allemandes et le budget f\u00e9d\u00e9ral. Afin de maximiser l\u2019impact sur l\u2019\u00e9cosyst\u00e8me des semi-conducteurs de l\u2019UE, les participants se sont engag\u00e9s \u00e0 collaborer avec des organismes universitaires et de recherche.<\/p>\n<p>Ambitions europ\u00e9ennes plus larges<\/p>\n<p>Cette initiative s\u2019inscrit dans le cadre d\u2019une strat\u00e9gie europ\u00e9enne plus large visant \u00e0 doubler la part de l\u2019UE dans la production mondiale de semi-conducteurs, l\u2019objectif \u00e9tant de passer de 10 pour cent actuellement \u00e0 20 pour cent d\u2019ici 2030. Les \u00c9tats membres ont d\u00e9j\u00e0 engag\u00e9 environ 14 milliards d\u2019euros dans des projets similaires. Toutefois, ces subventions sont r\u00e9gies par une r\u00e9glementation europ\u00e9enne rigoureuse visant \u00e0 garantir que les grandes \u00e9conomies n\u2019\u00e9clipsent pas de mani\u00e8re d\u00e9loyale les petits \u00c9tats membres sur le march\u00e9. (fc)<\/p>\n<p><a href=\"https:\/\/news.google.com\/publications\/CAowtseUCw?hl=fr&amp;gl=BE&amp;ceid=BE%3Afr\" target=\"_blank\" rel=\"nofollow noopener\">Suivez \u00e9galement Business AM sur Google Actualit\u00e9s<\/a><\/p>\n<p><a href=\"https:\/\/portalfr.businessam.be\/plans\/business-am-fr-offre-dete\/\" target=\"_blank\" rel=\"nofollow noopener\">Si vous souhaitez acc\u00e9der \u00e0 tous les articles, abonnez-vous ici !<\/a><\/p>\n<p><a href=\"https:\/\/www.google.com\/preferences\/source?q=fr.businessam.be\" target=\"_blank\" rel=\"noopener noreferrer nofollow\" class=\"google-preferred-badge\"><br \/>\n    <img decoding=\"async\" src=\"https:\/\/www.europesays.com\/fr\/wp-content\/uploads\/2026\/05\/google_preferred_source_badge_dark_BAM_fr.png\" alt=\"Ajoutez fr.businessam.be en tant que source pr\u00e9f\u00e9r\u00e9e sur Google\" style=\"max-width: 50%; height: auto; border: 0; display: block; margin: 30px 0;\"\/><br \/>\n<\/a><\/p>\n","protected":false},"excerpt":{"rendered":"\ue05bpar Business AM\ue010publi\u00e9 le mardi 14 juillet 2026 \u00e0 19:02 \u2022 \ue00c3 min de lecture Principaux renseignements L\u2019Allemagne&hellip;\n","protected":false},"author":2,"featured_media":1064556,"comment_status":"","ping_status":"","sticky":false,"template":"","format":"standard","meta":{"footnotes":"","_share_on_mastodon":"0"},"categories":[1587],"tags":[11,672,1804,1805,1803,1777,674,1801,12,14082,1802,11869,1778,364],"class_list":["post-1064555","post","type-post","status-publish","format-standard","has-post-thumbnail","category-allemagne","tag-actualites","tag-allemagne","tag-bundesrepublik-deutschland","tag-de","tag-deutschland","tag-eu","tag-europe","tag-germany","tag-news","tag-puces","tag-republique-federale-dallemagne","tag-semi-conducteurs","tag-ue","tag-union-europeenne"],"share_on_mastodon":{"url":"https:\/\/pubeurope.com\/@fr\/116919540119647345","error":""},"_links":{"self":[{"href":"https:\/\/www.europesays.com\/fr\/wp-json\/wp\/v2\/posts\/1064555","targetHints":{"allow":["GET"]}}],"collection":[{"href":"https:\/\/www.europesays.com\/fr\/wp-json\/wp\/v2\/posts"}],"about":[{"href":"https:\/\/www.europesays.com\/fr\/wp-json\/wp\/v2\/types\/post"}],"author":[{"embeddable":true,"href":"https:\/\/www.europesays.com\/fr\/wp-json\/wp\/v2\/users\/2"}],"replies":[{"embeddable":true,"href":"https:\/\/www.europesays.com\/fr\/wp-json\/wp\/v2\/comments?post=1064555"}],"version-history":[{"count":0,"href":"https:\/\/www.europesays.com\/fr\/wp-json\/wp\/v2\/posts\/1064555\/revisions"}],"wp:featuredmedia":[{"embeddable":true,"href":"https:\/\/www.europesays.com\/fr\/wp-json\/wp\/v2\/media\/1064556"}],"wp:attachment":[{"href":"https:\/\/www.europesays.com\/fr\/wp-json\/wp\/v2\/media?parent=1064555"}],"wp:term":[{"taxonomy":"category","embeddable":true,"href":"https:\/\/www.europesays.com\/fr\/wp-json\/wp\/v2\/categories?post=1064555"},{"taxonomy":"post_tag","embeddable":true,"href":"https:\/\/www.europesays.com\/fr\/wp-json\/wp\/v2\/tags?post=1064555"}],"curies":[{"name":"wp","href":"https:\/\/api.w.org\/{rel}","templated":true}]}}