{"id":10646,"date":"2025-04-08T16:30:14","date_gmt":"2025-04-08T16:30:14","guid":{"rendered":"https:\/\/www.europesays.com\/fr\/10646\/"},"modified":"2025-04-08T16:30:14","modified_gmt":"2025-04-08T16:30:14","slug":"eduardo-camavinga-menace-a-lentrainement-du-real-madrid","status":"publish","type":"post","link":"https:\/\/www.europesays.com\/fr\/10646\/","title":{"rendered":"Eduardo Camavinga menac\u00e9 \u00e0 l\u2019entrainement du Real Madrid"},"content":{"rendered":"<p><strong>Eduardo Camavinga a re\u00e7u un gros<br \/>\ncoup de pression en marge du quart de finale de Ligue des champions<br \/>\nentre le Real Madrid et Arsenal.<\/strong><\/p>\n<p>Apr\u00e8s avoir sorti difficilement l\u2019Atl\u00e9tico au tour pr\u00e9c\u00e9dent, le<br \/>\nReal Madrid affrontera Arsenal en quarts de finale de la Ligue des<br \/>\nchampions. Le match aller aura lieu ce mardi \u00e0 l\u2019Emirates<br \/>\nStadium.<\/p>\n<p>A la veille de cette premi\u00e8re manche, Eduardo Camavinga a \u00e9t\u00e9<br \/>\ndurement rappel\u00e9 \u00e0 l\u2019ordre \u00e0 l\u2019entrainement par Davide Ancelotti.<br \/>\nL\u2019adjoint de son p\u00e8re Carlo a demand\u00e9 \u00e0 l\u2019international fran\u00e7ais de<br \/>\njouer sans retenue, malgr\u00e9 le fait qu\u2019il soit sous la menace d\u2019une<br \/>\nsuspension pour le match retour.<\/p>\n<blockquote class=\"twitter-tweet\"><p><a class=\"twitter-link\" rel=\"noindex, nofollow noopener\" href=\"https:\/\/twitter.com\/football_fr\/status\/1909267961484878224\" target=\"_blank\"><\/p><\/blockquote>\n<p>\u00ab\u00a0Si tu le fais, tu ne joueras ni l\u2019un ni<br \/>\nl\u2019autre\u2026\u00a0\u00bb<\/p>\n<p>\u00ab Je m\u2019en fous\u2026 si tu es suspendu. Tu ne peux pas jouer le<br \/>\nmatch aller en pensant au match retour, parce que si tu le fais, tu<br \/>\nne joueras ni l\u2019un ni l\u2019autre\u2026 \u00bb, aurait ainsi lanc\u00e9 Davide<br \/>\nAncelotti \u00e0 l\u2019ancien Rennais, selon Defensa Central.<\/p>\n<p>Outre Camavinga, cinq autre joueurs seront suspendus pour le<br \/>\nretour au Bernab\u00e9u en cas de carton jaune re\u00e7u \u00e0 Londres. Il s\u2019agit<br \/>\nde Vinicius, Luka Modric, Antonio R\u00fcdiger, Endrick et Lucas<br \/>\nVazquez.<\/p>\n<p><script async src=\"https:\/\/platform.twitter.com\/widgets.js\" charset=\"utf-8\"><\/script><\/p>\n","protected":false},"excerpt":{"rendered":"Eduardo Camavinga a re\u00e7u un gros coup de pression en marge du quart de finale de Ligue des&hellip;\n","protected":false},"author":2,"featured_media":10647,"comment_status":"","ping_status":"","sticky":false,"template":"","format":"standard","meta":{"footnotes":""},"categories":[1410],"tags":[2113,63,1011,27,60],"class_list":{"0":"post-10646","1":"post","2":"type-post","3":"status-publish","4":"format-standard","5":"has-post-thumbnail","7":"category-football","8":"tag-breve","9":"tag-football","10":"tag-fr","11":"tag-france","12":"tag-sports"},"share_on_mastodon":{"url":"https:\/\/pubeurope.com\/@fr\/114303298757841309","error":""},"_links":{"self":[{"href":"https:\/\/www.europesays.com\/fr\/wp-json\/wp\/v2\/posts\/10646","targetHints":{"allow":["GET"]}}],"collection":[{"href":"https:\/\/www.europesays.com\/fr\/wp-json\/wp\/v2\/posts"}],"about":[{"href":"https:\/\/www.europesays.com\/fr\/wp-json\/wp\/v2\/types\/post"}],"author":[{"embeddable":true,"href":"https:\/\/www.europesays.com\/fr\/wp-json\/wp\/v2\/users\/2"}],"replies":[{"embeddable":true,"href":"https:\/\/www.europesays.com\/fr\/wp-json\/wp\/v2\/comments?post=10646"}],"version-history":[{"count":0,"href":"https:\/\/www.europesays.com\/fr\/wp-json\/wp\/v2\/posts\/10646\/revisions"}],"wp:featuredmedia":[{"embeddable":true,"href":"https:\/\/www.europesays.com\/fr\/wp-json\/wp\/v2\/media\/10647"}],"wp:attachment":[{"href":"https:\/\/www.europesays.com\/fr\/wp-json\/wp\/v2\/media?parent=10646"}],"wp:term":[{"taxonomy":"category","embeddable":true,"href":"https:\/\/www.europesays.com\/fr\/wp-json\/wp\/v2\/categories?post=10646"},{"taxonomy":"post_tag","embeddable":true,"href":"https:\/\/www.europesays.com\/fr\/wp-json\/wp\/v2\/tags?post=10646"}],"curies":[{"name":"wp","href":"https:\/\/api.w.org\/{rel}","templated":true}]}}