{"id":106466,"date":"2025-05-17T07:48:09","date_gmt":"2025-05-17T07:48:09","guid":{"rendered":"https:\/\/www.europesays.com\/fr\/106466\/"},"modified":"2025-05-17T07:48:09","modified_gmt":"2025-05-17T07:48:09","slug":"un-mystere-nomme-muller-allemagne-bayern-munich","status":"publish","type":"post","link":"https:\/\/www.europesays.com\/fr\/106466\/","title":{"rendered":"Un myst\u00e8re nomm\u00e9 M\u00fcller &#8211; Allemagne &#8211; Bayern Munich"},"content":{"rendered":"<p>Peut-\u00eatre que sa carri\u00e8re se r\u00e9sume le mieux, finalement, \u00e0 cette simple question que lui avait pos\u00e9e un journaliste du quotidien S\u00fcddeutsche Zeitung, en 2011. \u00ab\u202fWas ist Thomas M\u00fcller ?\u202f\u00bb Qu\u2019est-ce que Thomas M\u00fcller ? Pour se d\u00e9finir, le grand \u00e9chalas bavarois avait alors fait de sa singularit\u00e9 un concept \u00e0 part enti\u00e8re : \u00ab\u00a0Je suis une pi\u00e8ce unique, d\u2019une certaine mani\u00e8re. On peut comparer certains dribbleurs, certains attaquants les uns aux autres, mais moi, qu\u2019est-ce que je suis ? Peut-\u00eatre quelqu\u2019un qui interpr\u00e8te l\u2019espace. Oui, je suis un interpr\u00e8te d\u2019espaces.\u202f\u00bb\u00a0 Soit un \u00ab\u202fRaumdeuter\u202f\u00bb, en version originale.<\/p>\n<p>F\u00e9licit\u00e9 cinq ans plus tard par un journaliste du Guardian d\u2019avoir su si habilement caract\u00e9riser son jeu, l\u2019attaquant polyvalent du Bayern Munich confiait pourtant regretter de s\u2019\u00eatre aussi promptement cat\u00e9goris\u00e9. \u00ab\u202fOui, c\u2019est un bon mot, un bon concept, conc\u00e9dait l\u2019international allemand aux 131 s\u00e9lections. N\u00e9anmoins, je ne ne suis pas s\u00fbr de m\u2019\u00eatre rendu service en l\u2019inventant\u2026 En r\u00e9alit\u00e9, tout bon attaquant a un bon sens du temps et de l\u2019espace. Il n\u2019y avait rien de nouveau ici. Cette caract\u00e9ristique n\u2019est pas unique.\u202f\u00bb Alors m\u00eame que l\u2019attaquant \u00e0 l\u2019\u00e9ternel visage d\u2019ado disputera \u00e0 Hoffenheim <a target=\"_blank\" href=\"https:\/\/www.sofoot.com\/breves\/legende-de-lallemagne-et-du-bayern-munich-thomas-muller-officialise-son-depart-du-club-bavarois\" rel=\"nofollow noopener\">son 751e et dernier match avec le Bayern ce samedi<\/a>, la question peut toujours se poser l\u00e9gitimement : Qui est Thomas M\u00fcller ?<\/p>\n<p>L\u2019illusion de l\u2019ordinaire<\/p>\n<p>Beaucoup, comme l\u2019actuel directeur sportif du Bayern Munich Christoph Freund, ont bien tent\u00e9 d\u2019y apporter une r\u00e9ponse : \u00ab\u202fAvec lui, il n\u2019y a pas d\u2019artifice, pas de recherche du spectaculaire, juste un instinct incroyable et une lecture du jeu extraordinaire. C\u2019est un footballeur pur\u202f\u00bb. Par pur, comprenez \u00e9pur\u00e9 : regarder M\u00fcller \u00e9voluer sur un terrain, c\u2019est tomber dans le pi\u00e8ge d\u2019une banalit\u00e9 trompeuse. Bien souvent, il ne se d\u00e9gage aucune plasticit\u00e9 de sa gestuelle. Il n\u2019a pas la gr\u00e2ce qui \u00e9mane des avants-centres de m\u00e9tier, quand vient le moment de conclure une action dans la surface de r\u00e9paration. Encore moins la fluidit\u00e9, l\u2019\u00e9l\u00e9gance du jeu de jambes, qui caract\u00e9rise les autres 9 et demi qui ont tant marqu\u00e9 l\u2019histoire du jeu. M\u00fcller, pourtant, n\u2019aura bien jamais \u00e9t\u00e9 aussi fort, aussi marquant, qu\u2019align\u00e9 en soutien d\u2019un attaquant pur jus. Ce fut tr\u00e8s souvent le cas au Bayern, o\u00f9 sa doublette avec Robert Lewandowski a ind\u00e9niablement marqu\u00e9 les m\u00e9moires.<\/p>\n<blockquote>\n<p>Thomas M\u00fcller ne peut pas vous battre avec son contr\u00f4le de balle. Il ne peut pas vous battre avec sa vitesse. Il ne peut pas vous battre avec ses dribbles. Il se contente de vous battre, tout simplement.<\/p>\n<\/blockquote>\n<p>Uli Hesse<\/p>\n<p>Plus que son positionnement, c\u2019est donc bien son interpr\u00e9tation et sa r\u00e9appropriation du poste qui l\u2019ont singularis\u00e9. L\u00e0 o\u00f9 s\u2019exprime habituellement l\u2019\u00e9l\u00e9ment le plus flamboyant et technique de l\u2019\u00e9quipe, le Bavarois aura paradoxalement r\u00e9ussi \u00e0 incarner un concept devenu rarissime dans le football moderne : celui du joueur faussement ordinaire. Historiquement chasse gard\u00e9e des renards de surface, cette cat\u00e9gorie \u00e0 part de footballeurs laisse souvent une impression quelconque sur le pr\u00e9, tout en se r\u00e9v\u00e9lant d\u00e9cisive aux moments cl\u00e9s d\u2019une partie. Un super-pouvoir joliment r\u00e9sum\u00e9 par ces lignes du journaliste Uli Hesse : \u00ab\u202fThomas M\u00fcller ne peut pas vous battre avec son contr\u00f4le de balle. Il ne peut pas vous battre avec sa vitesse. Il ne peut pas vous battre avec ses dribbles. Il se contente de vous battre, tout simplement.\u202f\u00bb<\/p>\n<p><img decoding=\"async\" loading=\"lazy\" class=\"\" src=\"https:\/\/www.europesays.com\/fr\/wp-content\/uploads\/2025\/05\/1747468089_667_grande.jpg\" alt=\"\" width=\"2560\" height=\"1615\"\/><\/p>\n<p>\u00ab\u202fLorsqu\u2019on fait une course, on ne le fait pas toujours pour soi\u202f\u00bb<\/p>\n<p>L\u2019\u00e9nigme Thomas M\u00fcller serait-elle imp\u00e9n\u00e9trable ? Si la m\u00e9canique du talent du bonhomme est aussi complexe \u00e0 d\u00e9crire et \u00e0 appr\u00e9hender, c\u2019est sans doute parce qu\u2019avec lui, tout se joue l\u00e0-haut, dans le ciboulot. Dans sa bo\u00eete \u00e0 id\u00e9es, les connections synaptiques du M\u00fcller vont vite. Trop vite m\u00eame, pour ses adversaires. Un examen plus approfondi du jeu de l\u2019Allemand aux 248 buts en club parle d\u2019ailleurs de facto pour son gros cerveau : la justesse de ses appels et de ses passes, de ses prises de d\u00e9cisions, le liant et les compl\u00e9mentarit\u00e9s qu\u2019il arrive \u00e0 trouver avec ses \u00e9quipiers sont le t\u00e9moignage d\u2019un QI football proprement hors cadre. Une remarquable intelligence de jeu, qui ne peut trouver son sens et sa force que dans l\u2019expression collective. \u00ab\u202fPour expliquer le football, les gens privil\u00e9gient parfois des explications simples, en attribuant le succ\u00e8s d\u2019un joueur ou d\u2019une \u00e9quipe au talent ou \u00e0 la chance, <a target=\"_blank\" href=\"https:\/\/www.theguardian.com\/football\/2016\/feb\/23\/thomas-muller-modest-assassin-bayern-munich-germany\" rel=\"nofollow noopener\">th\u00e9orisait le Munichois au Guardian en 2016<\/a>. Mais souvent, ce qu\u2019il se passe est d\u2019abord le fruit d\u2019une action complexe impliquant plusieurs joueurs. Lorsqu\u2019on fait une course, on ne le fait pas toujours pour soi. Souvent, on le fait pour ouvrir la porte \u00e0 un co\u00e9quipier. Au basket, c\u2019est un \u00e9l\u00e9ment cl\u00e9 : trois joueurs cr\u00e9ent l\u2019espace pour qu\u2019un seul tire. Au football, cet aspect est souvent sous-estim\u00e9.\u202f\u00bb<\/p>\n<p>\u00c0 d\u00e9faut de savoir le mieux jouer au football, Thomas M\u00fcller est donc sans doute l\u2019homme qui l\u2019aura le mieux compris. Dans sa dimension sportive mais aussi identitaire et culturelle. Munichois pur jus, la grande tige affirme joyeusement enfiler des Lederhosen (la culotte courte traditionnelle bavaroise) \u00e0 chaque fois \u00ab\u202fque porter un pantalon en cuir lui semble appropri\u00e9\u202f\u00bb. Dans la plus pure tradition du football germain, le num\u00e9ro 25 du Bayern ne se sera aussi jamais embarrass\u00e9 de faire dans la fausse modestie ou la langue de bois. En 2020, alors que <a target=\"_blank\" href=\"https:\/\/www.sofoot.com\/articles\/le-bayern-devore-le-barca\" rel=\"nofollow noopener\">le Rekordmeister venait d\u2019atomiser le Bar\u00e7a 8 pions \u00e0 2 en Ligue des champions<\/a>, on l\u2019avait notamment vu se fendre, un sourire carnassier en prime, de cette d\u00e9claration : \u00ab\u00a0En r\u00e9alit\u00e9, nous n\u2019avions pas domin\u00e9 tant que \u00e7a contre le Br\u00e9sil en 2014. Aujourd\u2019hui, la sup\u00e9riorit\u00e9 \u00e9tait encore plus grande.\u00a0\u00bb Celui dont le physique tient \u00e0 premi\u00e8re vue davantage du joueur de World of Warcraft que du footballeur professionnel n\u2019a par ailleurs jamais h\u00e9sit\u00e9 \u00e0 s\u2019auto-vanner. On se souviendra notamment de sa sortie sur ses gambettes aux airs d\u2019allumettes : \u00ab\u00a0On ne peut pas se blesser l\u00e0 o\u00f9 il n\u2019y a pas de muscles. Mes mollets sont si fins qu\u2019aucun adversaire ne peut toucher les os, parce qu\u2019ils sont difficiles \u00e0 voir\u00a0\u00bb. Ou encore de son analyse hilare sur l\u2019esth\u00e9tique toute relative de son jeu : \u00ab\u00a0Je sais que chaque but vaut la m\u00eame chose. Si on ne comptait que les beaux buts, je n\u2019en aurais pas beaucoup \u00e0 mon actif !\u00a0\u00bb C\u2019est cependant sa d\u00e9claration en bonne et due et forme \u00e0 sa ch\u00e8re et tendre, Lisa, qui lui aura inspir\u00e9 sa plus belle punchline : \u00ab\u00a0Je l\u2019ai demand\u00e9e en mariage \u00e0 No\u00ebl dernier. Mais je n\u2019ai pas eu besoin de m\u2019agenouiller. On ne s\u2019agenouille que pour c\u00e9l\u00e9brer un but.\u00a0\u00bb<\/p><\/p>\n","protected":false},"excerpt":{"rendered":"Peut-\u00eatre que sa carri\u00e8re se r\u00e9sume le mieux, finalement, \u00e0 cette simple question que lui avait pos\u00e9e un&hellip;\n","protected":false},"author":2,"featured_media":106467,"comment_status":"","ping_status":"","sticky":false,"template":"","format":"standard","meta":{"footnotes":""},"categories":[1587],"tags":[47,11,61,672,69,1804,65,1805,1803,64,1777,674,63,1801,68,66,12,62,70,1802,67],"class_list":{"0":"post-106466","1":"post","2":"type-post","3":"status-publish","4":"format-standard","5":"has-post-thumbnail","7":"category-allemagne","8":"tag-actualite","9":"tag-actualites","10":"tag-actus-football","11":"tag-allemagne","12":"tag-bundesliga","13":"tag-bundesrepublik-deutschland","14":"tag-championnats-europeens","15":"tag-de","16":"tag-deutschland","17":"tag-equipe-de-france","18":"tag-eu","19":"tag-europe","20":"tag-football","21":"tag-germany","22":"tag-ligua","23":"tag-ligue-1","24":"tag-news","25":"tag-news-foot","26":"tag-premier-league","27":"tag-republique-federale-dallemagne","28":"tag-serie-a"},"share_on_mastodon":{"url":"https:\/\/pubeurope.com\/@fr\/114522076565131841","error":""},"_links":{"self":[{"href":"https:\/\/www.europesays.com\/fr\/wp-json\/wp\/v2\/posts\/106466","targetHints":{"allow":["GET"]}}],"collection":[{"href":"https:\/\/www.europesays.com\/fr\/wp-json\/wp\/v2\/posts"}],"about":[{"href":"https:\/\/www.europesays.com\/fr\/wp-json\/wp\/v2\/types\/post"}],"author":[{"embeddable":true,"href":"https:\/\/www.europesays.com\/fr\/wp-json\/wp\/v2\/users\/2"}],"replies":[{"embeddable":true,"href":"https:\/\/www.europesays.com\/fr\/wp-json\/wp\/v2\/comments?post=106466"}],"version-history":[{"count":0,"href":"https:\/\/www.europesays.com\/fr\/wp-json\/wp\/v2\/posts\/106466\/revisions"}],"wp:featuredmedia":[{"embeddable":true,"href":"https:\/\/www.europesays.com\/fr\/wp-json\/wp\/v2\/media\/106467"}],"wp:attachment":[{"href":"https:\/\/www.europesays.com\/fr\/wp-json\/wp\/v2\/media?parent=106466"}],"wp:term":[{"taxonomy":"category","embeddable":true,"href":"https:\/\/www.europesays.com\/fr\/wp-json\/wp\/v2\/categories?post=106466"},{"taxonomy":"post_tag","embeddable":true,"href":"https:\/\/www.europesays.com\/fr\/wp-json\/wp\/v2\/tags?post=106466"}],"curies":[{"name":"wp","href":"https:\/\/api.w.org\/{rel}","templated":true}]}}