{"id":1064671,"date":"2026-07-14T18:47:17","date_gmt":"2026-07-14T18:47:17","guid":{"rendered":"https:\/\/www.europesays.com\/fr\/1064671\/"},"modified":"2026-07-14T18:47:17","modified_gmt":"2026-07-14T18:47:17","slug":"etats-unis-suspension-des-controles-routiers-de-lice-apres-deux-deces","status":"publish","type":"post","link":"https:\/\/www.europesays.com\/fr\/1064671\/","title":{"rendered":"\u00c9tats-Unis : suspension des contr\u00f4les routiers de l&rsquo;ICE apr\u00e8s deux d\u00e9c\u00e8s"},"content":{"rendered":"<p>\n    La d\u00e9cision \u00e9mane du minist\u00e8re de la S\u00e9curit\u00e9 int\u00e9rieure (DHS), responsable de cette agence, ont pr\u00e9cis\u00e9 notamment le New York Times et le Washington Post.<\/p>\n<p class=\"fig-paragraph\">L&rsquo;administration Trump a ordonn\u00e9 la suspension de la plupart des contr\u00f4les routiers effectu\u00e9s par la police de l&rsquo;immigration (ICE) apr\u00e8s la mort de deux personnes, tu\u00e9es par balle par des agents, ont r\u00e9v\u00e9l\u00e9 plusieurs m\u00e9dias am\u00e9ricains. La d\u00e9cision \u00e9mane du minist\u00e8re de la S\u00e9curit\u00e9 int\u00e9rieure (DHS), responsable de cette agence, ont pr\u00e9cis\u00e9 notamment le New York Times et le Washington Post.<\/p>\n<p>                                                        \u00abAssassinat\u00bb<\/p>\n<p class=\"fig-paragraph\">Elle survient au lendemain de la mort par balles d&rsquo;un Colombien de 26 ans \u00e0 Biddeford, petite ville du Maine (nord-est), alors qu&rsquo;il se trouvait \u00e0 bord de sa voiture. La victime, Joan Sebastian Guerrero, travaillait r\u00e9guli\u00e8rement comme livreur et vivait avec sa femme et sa fille de trois ans, selon des associations de d\u00e9fense des droits des migrants.<\/p>\n<p>                                            <a class=\"fig-a11y-skip\" href=\"#fig-a11y-skip-main-inarticle\" is=\"fig-a11y-skip\" data-trigger-mode=\"visible-once\"><br \/>\n    Passer la publicit\u00e9<br \/>\n<\/a>            <\/p>\n<p class=\"fig-paragraph\">Un porte-parole de l&rsquo;ICE a expliqu\u00e9 que \u00able v\u00e9hicule a tent\u00e9 de fuir les lieux\u00bb et que l&rsquo;agent avait fait usage de son arme \u00abcraignant pour la s\u00e9curit\u00e9 du public\u00bb. Le pr\u00e9sident colombien de gauche Gustavo Petro a qualifi\u00e9 mardi cette mort d&rsquo;\u00abassassinat\u00bb.<\/p>\n<p class=\"fig-paragraph\">La semaine derni\u00e8re, un ressortissant mexicain avait \u00e9t\u00e9 tu\u00e9 par balle \u00e0 Houston (Texas) au volant de sa camionnette alors qu&rsquo;il se rendait au travail.<\/p>\n<p class=\"fig-paragraph\">L\u00e0 encore, le minist\u00e8re de la S\u00e9curit\u00e9 int\u00e9rieure avait assur\u00e9 qu&rsquo;il tentait d&rsquo;\u00e9chapper \u00e0 une arrestation, une version contredite par des t\u00e9moins.<\/p>\n","protected":false},"excerpt":{"rendered":"La d\u00e9cision \u00e9mane du minist\u00e8re de la S\u00e9curit\u00e9 int\u00e9rieure (DHS), responsable de cette agence, ont pr\u00e9cis\u00e9 notamment le&hellip;\n","protected":false},"author":2,"featured_media":1064672,"comment_status":"","ping_status":"","sticky":false,"template":"","format":"standard","meta":{"footnotes":"","_share_on_mastodon":"0"},"categories":[1589],"tags":[1111,47,11,1109,1112,73,1866,118,1108,107,1106,1107,27,1110,1114,14,12,1113,316,1864,1865,1863,308],"class_list":["post-1064671","post","type-post","status-publish","format-standard","has-post-thumbnail","category-etats-unis","tag-actu","tag-actualite","tag-actualites","tag-breves","tag-depeches","tag-etats-unis","tag-etats-unis-damerique","tag-faits-divers","tag-fil","tag-fil-info","tag-flash","tag-flash-actu","tag-france","tag-informations","tag-infos","tag-international","tag-news","tag-nouvelles","tag-politique","tag-united-states","tag-united-states-of-america","tag-us","tag-usa"],"share_on_mastodon":{"url":"https:\/\/pubeurope.com\/@fr\/116919824997436611","error":""},"_links":{"self":[{"href":"https:\/\/www.europesays.com\/fr\/wp-json\/wp\/v2\/posts\/1064671","targetHints":{"allow":["GET"]}}],"collection":[{"href":"https:\/\/www.europesays.com\/fr\/wp-json\/wp\/v2\/posts"}],"about":[{"href":"https:\/\/www.europesays.com\/fr\/wp-json\/wp\/v2\/types\/post"}],"author":[{"embeddable":true,"href":"https:\/\/www.europesays.com\/fr\/wp-json\/wp\/v2\/users\/2"}],"replies":[{"embeddable":true,"href":"https:\/\/www.europesays.com\/fr\/wp-json\/wp\/v2\/comments?post=1064671"}],"version-history":[{"count":0,"href":"https:\/\/www.europesays.com\/fr\/wp-json\/wp\/v2\/posts\/1064671\/revisions"}],"wp:featuredmedia":[{"embeddable":true,"href":"https:\/\/www.europesays.com\/fr\/wp-json\/wp\/v2\/media\/1064672"}],"wp:attachment":[{"href":"https:\/\/www.europesays.com\/fr\/wp-json\/wp\/v2\/media?parent=1064671"}],"wp:term":[{"taxonomy":"category","embeddable":true,"href":"https:\/\/www.europesays.com\/fr\/wp-json\/wp\/v2\/categories?post=1064671"},{"taxonomy":"post_tag","embeddable":true,"href":"https:\/\/www.europesays.com\/fr\/wp-json\/wp\/v2\/tags?post=1064671"}],"curies":[{"name":"wp","href":"https:\/\/api.w.org\/{rel}","templated":true}]}}