{"id":106468,"date":"2025-05-17T07:49:19","date_gmt":"2025-05-17T07:49:19","guid":{"rendered":"https:\/\/www.europesays.com\/fr\/106468\/"},"modified":"2025-05-17T07:49:19","modified_gmt":"2025-05-17T07:49:19","slug":"comment-le-pays-est-devenu-un-acteur-incontournable-en-europe-lexpress","status":"publish","type":"post","link":"https:\/\/www.europesays.com\/fr\/106468\/","title":{"rendered":"comment le pays est devenu un acteur incontournable en Europe \u2013 L&rsquo;Express"},"content":{"rendered":"<p class=\"paragraph article-body-paragraph article__item   article-body-paragraph--first \">La Pologne organise ce week-end le premier tour de son <a href=\"https:\/\/www.lexpress.fr\/monde\/nawrocki-un-historien-passionne-du-monde-criminel-en-lice-pour-la-presidence-polonaise-CSBWZOTOAFHATIVXGMOJVHJFUY\/\" target=\"_self\" rel=\"noopener\" title=\"https:\/\/www.lexpress.fr\/monde\/nawrocki-un-historien-passionne-du-monde-criminel-en-lice-pour-la-presidence-polonaise-CSBWZOTOAFHATIVXGMOJVHJFUY\/\">\u00e9lection pr\u00e9sidentielle<\/a>. L\u2019enjeu : conforter la coalition au pouvoir du Premier ministre Donald Tusk, face aux conservateurs du PiS. Mais c\u2019est aussi un moment important pour l\u2019Europe. La <a href=\"https:\/\/www.lexpress.fr\/monde\/europe\/la-pologne-nouveau-point-dancrage-dune-europe-menacee-par-marion-van-renterghem-YXU6E5N7GFBKPOUH3ISW7VCFOU\/\" target=\"_self\" rel=\"noopener\" title=\"https:\/\/www.lexpress.fr\/monde\/europe\/la-pologne-nouveau-point-dancrage-dune-europe-menacee-par-marion-van-renterghem-YXU6E5N7GFBKPOUH3ISW7VCFOU\/\">Pologne<\/a> va-t-elle pouvoir poursuivre sa politique de collaboration avec l&rsquo;UE ? D\u2019autant qu\u2019elle compte bien accroitre son r\u00f4le dans la d\u00e9fense et l\u2019\u00e9conomie europ\u00e9ennes. Dans cette s\u00e9rie, on s\u2019int\u00e9resse donc \u00e0 un pays \u00e0 l\u2019influence grandissante. <\/p>\n<p class=\"paragraph article-body-paragraph article__item   \">Le Premier ministre polonais Donald Tusk compte bien profiter de la pr\u00e9sidentielle pour conforter sa politique pro-europ\u00e9enne et affaiblir les conservateurs du PiS. Dans ce premier \u00e9pisode, Cl\u00e9ment Daniez, journaliste au service Monde de L&rsquo;Express, nous explique ce qui se joue dans ce scrutin.<\/p>\n<\/p>\n<p class=\"paragraph article-body-paragraph article__item   \">Un taux de ch\u00f4mage de moins de 3 % et un taux de croissance parmi les plus hauts d&rsquo;Europe. Dans cet \u00e9pisode, Tatiana Serova, journaliste au service Economie de L\u2019Express, nous explique comment la Pologne est devenue cette \u00e9conomie florissante. <\/p>\n<\/p>\n<p class=\"paragraph article-body-paragraph article__item   \">Frontali\u00e8re avec l&rsquo;Ukraine et la Russie, la Pologne craint pour sa s\u00e9curit\u00e9. Dans ce troisi\u00e8me \u00e9pisode, La Loupe regarde comment le pays pr\u00e9pare sa d\u00e9fense.<\/p>\n<\/p>\n<p class=\"paragraph article-body-paragraph article__item   \">Le moteur franco-allemand s&rsquo;affaiblit. Dans ce dernier \u00e9pisode, on se demande si le centre de gravit\u00e9 europ\u00e9en pourrait se d\u00e9placer vers la Pologne. <\/p>\n<\/p>\n<p class=\"paragraph article-body-paragraph article__item   \"><a href=\"https:\/\/play.acast.com\/s\/la-loupe\" rel=\"noopener\" target=\"_blank\"><b>RETROUVEZ ICI TOUS LES EPISODES DE LA LOUPE<\/b><\/a><\/p>\n<p class=\"paragraph article-body-paragraph article__item   \">Abonnez-vous \u00e0 La Loupe sur <a href=\"https:\/\/podcasts.apple.com\/fr\/podcast\/la-loupe\/id1570855740?l=en\" rel=\"noopener\" target=\"_blank\">Apple Podcasts<\/a>, <a href=\"https:\/\/open.spotify.com\/show\/3HNRGEtjT3UrOpc6vsfRdt?si=SJAyStSURPa44FNMao3B4A&amp;dl_branch=1\" rel=\"noopener\" target=\"_blank\">Spotify<\/a>, <a href=\"https:\/\/deezer.page.link\/An7W7pizXJcAqLQy7\" rel=\"noopener\" target=\"_blank\">Deezer<\/a>, <a href=\"https:\/\/podcasts.google.com\/feed\/aHR0cHM6Ly9yc3MuYWNhc3QuY29tL2xhLWxvdXBl?sa=X&amp;ved=0CBUQ27cFahcKEwj49sutipnxAhUAAAAAHQAAAAAQAg\" rel=\"noopener\" target=\"_blank\">Google Podcasts<\/a>, <a href=\"https:\/\/podcastaddict.com\/podcast\/3380332\" rel=\"noopener\" target=\"_blank\">Podcast Addict<\/a> et <a href=\"https:\/\/music.amazon.fr\/podcasts\/11c4e8d8-2cb7-47fb-a0c7-276f11d5cbce\/LA-LOUPE\" rel=\"noopener\" target=\"_blank\">Amazon Music<\/a>.<\/p>\n<p class=\"paragraph article-body-paragraph article__item   \"><a href=\"https:\/\/infos.lexpress.fr\/renderers\/inscription_laloupe\" rel=\"noopener\" target=\"_blank\">Inscrivez-vous \u00e0 notre newsletter<\/a>.<\/p>\n<p class=\"paragraph article-body-paragraph article__item    article__text__endpicto\">Comment \u00e9couter un podcast ? <a href=\"https:\/\/www.lexpress.fr\/actualite\/medias\/comment-ecouter-un-podcast-depuis-votre-smartphone-ou-votre-ordinateur_2152856.html\" rel=\"noopener\" target=\"_blank\">Suivez le guide<\/a>.<\/p>\n","protected":false},"excerpt":{"rendered":"La Pologne organise ce week-end le premier tour de son \u00e9lection pr\u00e9sidentielle. L\u2019enjeu : conforter la coalition au&hellip;\n","protected":false},"author":2,"featured_media":106469,"comment_status":"","ping_status":"","sticky":false,"template":"","format":"standard","meta":{"footnotes":""},"categories":[1586],"tags":[11,1777,674,1011,27,2926,74,12,2927,25],"class_list":{"0":"post-106468","1":"post","2":"type-post","3":"status-publish","4":"format-standard","5":"has-post-thumbnail","7":"category-europe","8":"tag-actualites","9":"tag-eu","10":"tag-europe","11":"tag-fr","12":"tag-france","13":"tag-la-loupe","14":"tag-monde","15":"tag-news","16":"tag-podcasts","17":"tag-republique-francaise"},"share_on_mastodon":{"url":"https:\/\/pubeurope.com\/@fr\/114522080175315639","error":""},"_links":{"self":[{"href":"https:\/\/www.europesays.com\/fr\/wp-json\/wp\/v2\/posts\/106468","targetHints":{"allow":["GET"]}}],"collection":[{"href":"https:\/\/www.europesays.com\/fr\/wp-json\/wp\/v2\/posts"}],"about":[{"href":"https:\/\/www.europesays.com\/fr\/wp-json\/wp\/v2\/types\/post"}],"author":[{"embeddable":true,"href":"https:\/\/www.europesays.com\/fr\/wp-json\/wp\/v2\/users\/2"}],"replies":[{"embeddable":true,"href":"https:\/\/www.europesays.com\/fr\/wp-json\/wp\/v2\/comments?post=106468"}],"version-history":[{"count":0,"href":"https:\/\/www.europesays.com\/fr\/wp-json\/wp\/v2\/posts\/106468\/revisions"}],"wp:featuredmedia":[{"embeddable":true,"href":"https:\/\/www.europesays.com\/fr\/wp-json\/wp\/v2\/media\/106469"}],"wp:attachment":[{"href":"https:\/\/www.europesays.com\/fr\/wp-json\/wp\/v2\/media?parent=106468"}],"wp:term":[{"taxonomy":"category","embeddable":true,"href":"https:\/\/www.europesays.com\/fr\/wp-json\/wp\/v2\/categories?post=106468"},{"taxonomy":"post_tag","embeddable":true,"href":"https:\/\/www.europesays.com\/fr\/wp-json\/wp\/v2\/tags?post=106468"}],"curies":[{"name":"wp","href":"https:\/\/api.w.org\/{rel}","templated":true}]}}