{"id":106476,"date":"2025-05-17T07:53:17","date_gmt":"2025-05-17T07:53:17","guid":{"rendered":"https:\/\/www.europesays.com\/fr\/106476\/"},"modified":"2025-05-17T07:53:17","modified_gmt":"2025-05-17T07:53:17","slug":"la-france-a-t-elle-enfin-ses-chances-ce-que-disent-les-pronostics-avant-la-finale","status":"publish","type":"post","link":"https:\/\/www.europesays.com\/fr\/106476\/","title":{"rendered":"la France a-t-elle (enfin) ses chances ? Ce que disent les pronostics avant la finale"},"content":{"rendered":"<p>            Par<br \/>\n        <strong><br \/>\n            <a href=\"https:\/\/actu.fr\/auteur\/alexandra-segond\" title=\"Consulter tous les articles de Alexandra Segond\" rel=\"nofollow noopener\" target=\"_blank\">Alexandra Segond<\/a><br \/>\n        <\/strong><\/p>\n<p>        Publi\u00e9 le<\/p>\n<p>            17 mai 2025 \u00e0 9h36        <\/p>\n<p>Tic, tac, tic, tac\u2026 L\u2019heure fatidique approche pour les <strong>26 pays qualifi\u00e9s pour l\u2019Eurovision 2025<\/strong>, <a href=\"https:\/\/actu.fr\/loisirs-culture\/videos-eurovision-2025-decouvrez-les-26-pays-qualifies-pour-la-finale-et-la-france-en-fait-partie_62643768.html\" rel=\"nofollow noopener\" target=\"_blank\">\u00e0 l\u2019issue des deux demi-finales mardi\u00a013 et jeudi 15\u00a0mai 2025<\/a>. Parmi eux, certains attirent particuli\u00e8rement l\u2019attention des bookmakers.<\/p>\n<p class=\" wall-content\">La <a href=\"https:\/\/actu.fr\/tag\/suede\" rel=\"nofollow noopener\" target=\"_blank\">Su\u00e8de<\/a> et son trio comique KAJ, qui fait l\u2019apologie du sauna est ainsi le grand favori des parieurs depuis des mois pour remporter <a href=\"https:\/\/actu.fr\/tag\/concours-eurovision\" rel=\"nofollow noopener\" target=\"_blank\">l\u2019Eurovision<\/a> \u2013 peut-\u00eatre parce qu\u2019il apporte un peu de l\u00e9g\u00e8ret\u00e9 dans un monde de brutes\u2009? Mais quelques-uns de ses 25\u00a0concurrents tirent aussi leurs \u00e9pingles du jeu, comme <strong>l\u2019Autriche, la France, les Pays-Bas et la Finlande<\/strong>.<\/p>\n<p class=\" wall-content\"><strong>Isra\u00ebl<\/strong> a aussi une carte \u00e0 jouer et bien s\u00fbr, on n\u2019est jamais \u00e0 l\u2019abri d\u2019une surprise\u2026 Tour d\u2019horizon des six pays pressentis pour gagner \u2013 <a href=\"https:\/\/actu.fr\/loisirs-culture\/eurovision-je-suis-choquee-gagnante-la-reaction-sans-appel-des-internautes-a-la-prestation-de-louane_62619950.html\" rel=\"nofollow noopener\" target=\"_blank\">et la France y a toute sa place<\/a>.<\/p>\n<p>Su\u00e8de\u2009: chaud devant\u2009!<\/p>\n<p class=\" wall-content\">Cette ann\u00e9e la s\u00e9lection su\u00e9doise est\u2026 finlandaise. Une premi\u00e8re\u2009! C\u2019est le trio comique KAJ \u2013 Kevin, Axel et Jakob \u2013 qui a \u00e9t\u00e9 choisi pour tenter de remporter le <strong>8e troph\u00e9e<\/strong> au profit du royaume avec un OMNI,<strong> un objet musical non identifi\u00e9<\/strong>.<\/p>\n<p class=\" wall-content\"><a href=\"https:\/\/www.youtube.com\/watch?v=zQSPqZkKzRQ\" rel=\"nofollow noopener\" target=\"_blank\">Bara bada bastu<\/a> (que l\u2019on traduit en fran\u00e7ais par \u00ab\u2009Allons au sauna\u2009\u00bb), est un improbable \u00e9loge de l\u2019art du sauna au rythme de l\u2019accord\u00e9on, en su\u00e9dois (leur langue maternelle car ils appartiennent \u00e0 la communaut\u00e9 su\u00e9dophone de la Finlande).<\/p>\n<p>Vid\u00e9os : en ce moment sur Actu<\/p>\n<p class=\" wall-content\">\n<p class=\" wall-content\">Ce titre insolite au refrain accrocheur ne ressemble en rien \u00e0 ceux propos\u00e9s par le pays scandinave les ann\u00e9es pr\u00e9c\u00e9dentes. La <strong>chor\u00e9graphie est<\/strong> d\u00e9jant\u00e9e\u2009: le trio de chanteurs en costume cravate accompagn\u00e9s de danseurs en serviette dans un faux sauna a plu au public.<\/p>\n<p class=\" wall-content\">La derni\u00e8re victoire de la Su\u00e8de remonte \u00e0 <strong>2023<\/strong>, avec la chanson pop et plus conventionnelle <a href=\"https:\/\/www.youtube.com\/watch?v=BE2Fj0W4jP4\" rel=\"nofollow noopener\" target=\"_blank\">Tattoo de l\u2019artiste Loreen<\/a>, qui avait d\u00e9j\u00e0 remport\u00e9 le concours europ\u00e9en en 2012.<\/p>\n<p class=\" wall-content\">\n<p>Autriche\u2009: sommets vocaux<\/p>\n<p class=\" wall-content\"><strong>JJ<\/strong>, alias Johannes Pietsch, est un contre-t\u00e9nor austro-philippin \u00e2g\u00e9 de 24\u00a0ans qui a grandi \u00e0 Duba\u00ef avant de d\u00e9couvrir la musique classique \u00e0 Vienne, o\u00f9 il fait actuellement ses gammes entre t\u00e9l\u00e9crochets et petits r\u00f4les \u00e0 l\u2019op\u00e9ra.<\/p>\n<p class=\" wall-content\">Avec <a href=\"https:\/\/www.youtube.com\/watch?v=coGaxAWtp58\" rel=\"nofollow noopener\" target=\"_blank\">Wasted love<\/a>, dont les paroles d\u00e9crivent l\u2019exp\u00e9rience d\u2019un amour non partag\u00e9, il propulse ses aigus de soprano dans un titre m\u00e9langeant <strong>art lyrique et ballade<\/strong> avant de culminer en <strong>envol\u00e9e techno<\/strong>.<\/p>\n<p class=\" wall-content\">La sc\u00e9nographie d\u2019une temp\u00eate et d\u2019un naufrage baigne dans un magnifique noir et blanc de studio Harcourt.<\/p>\n<p class=\" wall-content\">\n<p class=\" wall-content\">La derni\u00e8re victoire de l\u2019Autriche remonte au triomphe en <strong>2014<\/strong> de la poup\u00e9e barbue Conchita Wurst et <a href=\"https:\/\/www.youtube.com\/watch?v=xhCC_PN9UlA\" rel=\"nofollow noopener\" target=\"_blank\">sa chanson\u00a0Rise Like a Phoenix<\/a>.<\/p>\n<p class=\" wall-content\">\n<p>France\u2009: ode \u00e0 la m\u00e8re<\/p>\n<p class=\" wall-content\">Tr\u00e8s connue du grand public en France depuis une dizaine d\u2019ann\u00e9es, <strong>la chanteuse et actrice Louane<\/strong>, 28\u00a0ans, concourt avec <a href=\"https:\/\/www.youtube.com\/watch?v=TUyvT65c9ok\" rel=\"nofollow noopener\" target=\"_blank\">Maman<\/a>. Une chanson en hommage \u00e0 sa m\u00e8re, d\u00e9c\u00e9d\u00e9e d\u2019un cancer en 2014.<\/p>\n<p class=\" wall-content\">\u00ab\u2009Et j\u2019ai bien chang\u00e9, j\u2019ai bien grandi, de toi j\u2019ai gard\u00e9 tout ce qui fait qui je suis, je vais mieux, je sais o\u00f9 je vais\u2009\u00bb, chante Louane, v\u00eatue d\u2019une robe noire en dentelle fendue jusqu\u2019\u00e0 la cuisse.<\/p>\n<p class=\" wall-content\">Elle est seule sur sc\u00e8ne, pieds nus, dans une mise en sc\u00e8ne tr\u00e8s sobre et pleine de retenue <strong>qui symbolise le temps qui passe dans un sablier<\/strong>. En fait des billes de li\u00e8ge qui tombent sur sc\u00e8ne et non sans risques\u2009: la chanteuse en a aval\u00e9 aux r\u00e9p\u00e9titions.<\/p>\n<p class=\" wall-content\">\n<p class=\" wall-content\">La France, qui a d\u00e9croch\u00e9 cinq fois le titre supr\u00eame, n\u2019a plus remport\u00e9 ce concours de la chanson depuis la victoire de Marie Myriam, en 1977 avec <a href=\"https:\/\/www.youtube.com\/watch?v=wD95ztptvAU\" rel=\"nofollow noopener\" target=\"_blank\">L\u2019oiseau et l\u2019enfant<\/a>.<\/p>\n<p class=\" wall-content\">\n<p>Pays-Bas\u2009: C\u2019est la la la la vie<\/p>\n<p class=\" wall-content\">L\u2019artiste pop <strong>Claude Kiambe<\/strong>, connu sous le nom de Claude, est n\u00e9 en 2003 en R\u00e9publique d\u00e9mocratique du Congo. Il est arriv\u00e9 aux <a href=\"https:\/\/actu.fr\/tag\/pays-bas\" rel=\"nofollow noopener\" target=\"_blank\">Pays-Bas<\/a> en tant que r\u00e9fugi\u00e9 \u00e0 l\u2019\u00e2ge de neuf ans, en compagnie de sa m\u00e8re et de ses trois fr\u00e8res et deux s\u0153urs.<\/p>\n<p class=\" wall-content\"><a href=\"https:\/\/www.youtube.com\/watch?v=Wb8-gbgan80\" rel=\"nofollow noopener\" target=\"_blank\">C\u2019est la vie<\/a>, choisie pour l\u2019Eurovision, est <strong>interpr\u00e9t\u00e9e en anglais et en fran\u00e7ais<\/strong>, avec des sonorit\u00e9s pop. Les paroles \u00e9voquent la m\u00e8re de Claude et la r\u00e9silience de sa <a href=\"https:\/\/actu.fr\/tag\/famille\" rel=\"nofollow noopener\" target=\"_blank\">famille<\/a>.<\/p>\n<blockquote class=\"ac-article-quote wall-content\">\n<p>\u201cC\u2019est la vie\u201d, she sang to me, j me rappelle, j\u2019\u00e9tais petit. Oh, I was just a\u2005little\u2005boy, Could I remember\u2005la m\u00e9lodie, la m\u00e9lodie ?<\/p>\n<p>    <strong>Claude<\/strong><br \/>\n        Chanson \u00ab\u00a0C&rsquo;est la vie\u00a0\u00bb    <\/p><\/blockquote>\n<p class=\" wall-content\">\n<p class=\" wall-content\">Les Pays-Bas ont remport\u00e9 le concours de chansons \u00e0 <strong>cinq reprises<\/strong>, la derni\u00e8re fois en 2019 avec <a href=\"https:\/\/www.youtube.com\/watch?v=R3D-r4ogr7s\" rel=\"nofollow noopener\" target=\"_blank\">la chanson Arcade de Duncan Laurence<\/a>.<\/p>\n<p class=\" wall-content\">\n<p>Finlande\u2009: tout en jouissance<\/p>\n<p class=\" wall-content\">Pour la Finlande, <strong>Erika Vikman<\/strong>, 32\u00a0ans interpr\u00e8te <a href=\"https:\/\/www.youtube.com\/watch?v=4m1c46KAc3o\" rel=\"nofollow noopener\" target=\"_blank\">Ich Komme<\/a>. Avec des passages en allemand et en finnois, la <a href=\"https:\/\/actu.fr\/tag\/chanson\" rel=\"nofollow noopener\" target=\"_blank\">chanson<\/a> <strong>c\u00e9l\u00e8bre l\u2019orgasme<\/strong> sans aucune ambigu\u00eft\u00e9. Le th\u00e8me est \u00e9galement abord\u00e9 dans un autre titre de l\u2019Eurovision cette ann\u00e9e\u2009: Milkshake Man de l\u2019Australien Go-Jo \u2013 mais il n\u2019a pas \u00e9t\u00e9 retenu \u00e0 l\u2019issue des demi-finales.<\/p>\n<p class=\" wall-content\">En sc\u00e8ne en cuissardes et body de cuir noir clout\u00e9, celle qui a \u00e9t\u00e9 nomm\u00e9e \u00ab\u2009reine du tango\u2009\u00bb en Finlande s\u2019envole sur un micro g\u00e9ant \u00e0 la fin d\u2019une performance endiabl\u00e9e avec une gerbe d\u2019\u00e9tincelles jaillissantes comme point final.<\/p>\n<p class=\" wall-content\">\n<p class=\" wall-content\">La Finlande a remport\u00e9 le Concours Eurovision de la chanson <strong>une fois<\/strong>, en 2006, avec <a href=\"https:\/\/www.youtube.com\/watch?v=gAh9NRGNhUU\" rel=\"nofollow noopener\" target=\"_blank\">la chanson Hard Rock Hallelujah<\/a> interpr\u00e9t\u00e9e par le groupe de hard rock Lordi.<\/p>\n<p class=\" wall-content\">\n<p>Isra\u00ebl\u2009: \u00e9chapper aux t\u00e9n\u00e8bres<\/p>\n<p class=\" wall-content\">Yuval Raphael est une <strong>rescap\u00e9e<\/strong> du festival Nova, <a href=\"https:\/\/actu.fr\/monde\/plus-de-5-000-tirs-tires-vers-israel-qui-accuse-le-hamas-d-avoir-declenche-une-guerre_60178001.html\" rel=\"nofollow noopener\" target=\"_blank\">attaqu\u00e9 par le Hamas le 7\u00a0octobre 2023<\/a>. Elle a surv\u00e9cu en se cachant sous des piles de cadavres dans un abri antia\u00e9rien.<\/p>\n<p class=\" wall-content\">Pour l\u2019Eurovision, elle interpr\u00e8te <a href=\"https:\/\/www.youtube.com\/watch?v=R1J7nJXLKAg\" rel=\"nofollow noopener\" target=\"_blank\">la ballade New Day Will Rise<\/a> (que l\u2019on traduit en fran\u00e7ais par \u00ab\u2009Un jour nouveau va se lever\u2009\u00bb), un message <strong>en anglais, h\u00e9breu et fran\u00e7ais<\/strong> sur la survie apr\u00e8s la trag\u00e9die.<\/p>\n<p class=\" wall-content\">La <strong>participation d\u2019Isra\u00ebl<\/strong> fait (\u00e0 nouveau) d\u00e9bat cette ann\u00e9e, en raison <a href=\"https:\/\/actu.fr\/tag\/guerre-israel-hamas\" rel=\"nofollow noopener\" target=\"_blank\">des r\u00e9cents \u00e9v\u00e9nements se d\u00e9roulant sur la bande de Gaza<\/a>. Au point que plus de 70 anciens participants de l\u2019Eurovision ont sign\u00e9 une p\u00e9tition adress\u00e9e \u00e0 l\u2019Union europ\u00e9enne de radiot\u00e9l\u00e9vision (UER), organisatrice de l\u2019\u00e9v\u00e9nement, afin de faire exclure le pays de la comp\u00e9tition\u2026<\/p>\n<p class=\" wall-content\">\n<p class=\" wall-content\">Isra\u00ebl, qui participe au concours depuis 1973, l\u2019a remport\u00e9 \u00e0 <strong>quatre reprises<\/strong>, la derni\u00e8re fois en 2018 avec Toy interpr\u00e9t\u00e9 par Netta Barzila\u00ef.<\/p>\n<p class=\" wall-content\">\n<p class=\" wall-content\">Avec AFP.<\/p>\n<p class=\" wall-content\">Suivez toute l\u2019actualit\u00e9 de vos villes et m\u00e9dias favoris en vous inscrivant \u00e0 <a href=\"https:\/\/moncompte.actu.fr\" title=\"D\u00e9couvez Mon Actu\" rel=\"nofollow noopener\" data-trk=\"{&quot;cta&quot;:{&quot;action&quot;:&quot;https:\\\/\\\/moncompte.actu.fr&quot;,&quot;category&quot;:&quot;mon compte&quot;,&quot;from&quot;:&quot;article footer&quot;,&quot;name&quot;:&quot;Mon actu&quot;,&quot;type&quot;:&quot;cta&quot;}}\" target=\"_blank\">Mon Actu<\/a>.<\/p>\n","protected":false},"excerpt":{"rendered":"Par Alexandra Segond Publi\u00e9 le 17 mai 2025 \u00e0 9h36 Tic, tac, tic, tac\u2026 L\u2019heure fatidique approche pour&hellip;\n","protected":false},"author":2,"featured_media":106477,"comment_status":"","ping_status":"","sticky":false,"template":"","format":"standard","meta":{"footnotes":""},"categories":[4],"tags":[11,17666,1011,27,1652,4501,873,12,25],"class_list":{"0":"post-106476","1":"post","2":"type-post","3":"status-publish","4":"format-standard","5":"has-post-thumbnail","7":"category-france","8":"tag-actualites","9":"tag-concours-eurovision","10":"tag-fr","11":"tag-france","12":"tag-loisirs-culture","13":"tag-louane","14":"tag-musique","15":"tag-news","16":"tag-republique-francaise"},"share_on_mastodon":{"url":"https:\/\/pubeurope.com\/@fr\/114522095773893422","error":""},"_links":{"self":[{"href":"https:\/\/www.europesays.com\/fr\/wp-json\/wp\/v2\/posts\/106476","targetHints":{"allow":["GET"]}}],"collection":[{"href":"https:\/\/www.europesays.com\/fr\/wp-json\/wp\/v2\/posts"}],"about":[{"href":"https:\/\/www.europesays.com\/fr\/wp-json\/wp\/v2\/types\/post"}],"author":[{"embeddable":true,"href":"https:\/\/www.europesays.com\/fr\/wp-json\/wp\/v2\/users\/2"}],"replies":[{"embeddable":true,"href":"https:\/\/www.europesays.com\/fr\/wp-json\/wp\/v2\/comments?post=106476"}],"version-history":[{"count":0,"href":"https:\/\/www.europesays.com\/fr\/wp-json\/wp\/v2\/posts\/106476\/revisions"}],"wp:featuredmedia":[{"embeddable":true,"href":"https:\/\/www.europesays.com\/fr\/wp-json\/wp\/v2\/media\/106477"}],"wp:attachment":[{"href":"https:\/\/www.europesays.com\/fr\/wp-json\/wp\/v2\/media?parent=106476"}],"wp:term":[{"taxonomy":"category","embeddable":true,"href":"https:\/\/www.europesays.com\/fr\/wp-json\/wp\/v2\/categories?post=106476"},{"taxonomy":"post_tag","embeddable":true,"href":"https:\/\/www.europesays.com\/fr\/wp-json\/wp\/v2\/tags?post=106476"}],"curies":[{"name":"wp","href":"https:\/\/api.w.org\/{rel}","templated":true}]}}