{"id":106487,"date":"2025-05-17T08:01:10","date_gmt":"2025-05-17T08:01:10","guid":{"rendered":"https:\/\/www.europesays.com\/fr\/106487\/"},"modified":"2025-05-17T08:01:10","modified_gmt":"2025-05-17T08:01:10","slug":"dinan-sport-cycling-un-top-5-est-jouable-actualite","status":"publish","type":"post","link":"https:\/\/www.europesays.com\/fr\/106487\/","title":{"rendered":"Dinan Sport Cycling : \u00ab Un Top 5 est jouable \u00bb &#8211; Actualit\u00e9"},"content":{"rendered":"<p style=\"text-align: justify;\"><strong>Les ann\u00e9es se suivent mais ne se ressemblent pas pour Dinan Sport Cycling. Apr\u00e8s une saison 2024 r\u00e9ussie <a href=\"https:\/\/www.directvelo.com\/equipe\/749\/dinan-sport-cycling#results\" target=\"_blank\" rel=\"noopener\">(voir ici)<\/a>, le bilan \u00e0 mi-parcours de l\u2019ann\u00e9e 2025 est plus contrast\u00e9 pour les hommes de S\u00e9bastien Cottier. Ancien directeur sportif de Cr\u00e9\u2019Actuel-Marie Morin-U 22, structure disparue l\u2019an dernier, il a rebondi \u00e0 Dinan en prenant les r\u00eanes de l\u2019\u00e9quipe. \u00c0 l\u2019approche de la troisi\u00e8me manche de la Coupe de France ce dimanche au Chrono Champenois, il fait le point pour DirectVelo sur les premiers mois de comp\u00e9tition de la structure bretonne.\u00a0<\/strong><\/p>\n<p style=\"text-align: justify;\"><strong>DirectVelo : Mi-mai, quel bilan tires-tu de cette premi\u00e8re partie de saison ?<\/strong><strong><br \/><\/strong>S\u00e9bastien Cottier : Plut\u00f4t mitig\u00e9. On avait bien d\u00e9marr\u00e9 en f\u00e9vrier, l\u2019\u00e9quipe \u00e9tait tr\u00e8s forte. Mais d\u00e8s mars, on a commenc\u00e9 \u00e0 d\u00e9cliner. On n\u2019\u00e9tait plus au point. On avait Malo Stevant qui \u00e9tait tr\u00e8s fort individuellement, mais collectivement on n\u2019a pas r\u00e9ussi \u00e0 rivaliser avec certaines \u00e9quipes et nos r\u00e9sultats s\u2019en sont ressentis.\u00a0<\/p>\n<p style=\"text-align: justify;\"><strong>En avril, vous avez particip\u00e9 au Tour de Bretagne, comment l\u2019avez-vous v\u00e9cu ?<\/strong><strong><br \/><\/strong>C\u2019est une course cl\u00e9 pour nous, par rapport \u00e0 nos partenaires, aux enjeux sportifs. C\u2019est le petit Tour de France de la Bretagne pour nous. On l\u2019a abord\u00e9 avec de bonnes intentions, surtout apr\u00e8s un bon Tour du Loir-et-Cher. Mais on a eu beaucoup de malchance : d\u00e8s le premier jour, quatre coureurs sont tomb\u00e9s. Axel Rome a eu une d\u00e9chirure musculaire, puis Malo s\u2019est fractur\u00e9 le coude sur la cinqui\u00e8me \u00e9tape. Il a \u00e9t\u00e9 op\u00e9r\u00e9 d\u00e9but mai avec pose de plaques. Sa convalescence prendra du temps, et on ne sait pas encore quand il pourra revenir. On n\u2019a pas \u00e9t\u00e9 \u00e9pargn\u00e9, n\u00e9anmoins les intentions \u00e9taient l\u00e0. Les coureurs avaient envie d\u2019\u00eatre influents sur la course.\u00a0<\/p>\n<p style=\"text-align: justify;\"><strong>\u00ab\u00a0LA COUPE DE FRANCE, C&rsquo;EST FINI POUR NOUS\u00a0\u00bb<\/strong><\/p>\n<p style=\"text-align: justify;\"><strong>Et sur les manches de Coupe de France, comme Aix et la Sologne ?<\/strong><strong><br \/><\/strong>La premi\u00e8re manche \u00e0 Aix-en-Provence a \u00e9t\u00e9 une grosse d\u00e9ception, car \u00e7a ne refl\u00e9tait pas le niveau affich\u00e9 en f\u00e9vrier. Puis \u00e0 Sologne des Etangs, deux jours apr\u00e8s le Tour de Bretagne, on savait que \u00e7a allait \u00eatre difficile. On a mal couru, notamment dans le final. Globalement, on est pass\u00e9s \u00e0 c\u00f4t\u00e9 des manches de Coupe de France jusqu\u2019ici.<\/p>\n<p style=\"text-align: justify;\"><strong>Dimanche, ce sera la troisi\u00e8me manche avec le Chrono Champenois. Vous l\u2019avez pr\u00e9par\u00e9e ?<\/strong><strong><br \/><\/strong>Nous avons fait plusieurs journ\u00e9es de stage avec des s\u00e9ances sp\u00e9cifiques. Avec ce que j\u2019ai vu, je pense que \u00e7a peut rouler tr\u00e8s vite, le groupe est homog\u00e8ne. Sur le papier, le Top 5 est jouable si on g\u00e8re bien les 38,5 kilom\u00e8tres.\u00a0<\/p>\n<p style=\"text-align: justify;\"><strong>On arrive en deuxi\u00e8me partie de saison. Quels vont \u00eatre les principaux objectifs ?<\/strong><strong><br \/><\/strong>Pour commencer, gagner en \u00c9lite parce qu\u2019on a une seule victoire cette saison dans cette cat\u00e9gorie-l\u00e0 de course pour l&rsquo;instant (la Ronde du Pays Basque avec Malo Stevant, NDLR). On veut bien figurer sur les courses par \u00e9tapes des mois de mai et juin avec le Tour de la Manche, le Tour d&rsquo;Eure-et-Loire\u2026 Pour la Coupe de France, le classement g\u00e9n\u00e9ral, c\u2019est fini pour nous. Maintenant, l\u2019objectif est de performer sur une manche, voire d\u2019en gagner une. Et comme tout le monde, on veut \u00eatre acteur sur les Championnats de France.\u00a0<\/p>\n<p style=\"text-align: justify;\"><strong>\u00ab LA TRANSITION S&rsquo;EST FAITE SEREINEMENT\u00a0\u00bb<\/strong><\/p>\n<p style=\"text-align: justify;\"><strong>Avec un effectif r\u00e9duit\u2026<\/strong><strong><br \/><\/strong>Pour l\u2019instant, on n\u2019a droit qu\u2019\u00e0 quatre coureurs, vu notre classement en Coupe de France. \u00c7a pourrait passer \u00e0 cinq selon le r\u00e9sultat de ce week-end. Le classement actuel est une mauvaise nouvelle. \u00c7a renforce la d\u00e9ception de la Coupe de France car elle vient impacter la course la plus importante de la saison. C\u2019est un handicap mais on misera sur les coureurs en forme pour obtenir le meilleur r\u00e9sultat possible.\u00a0<\/p>\n<p style=\"text-align: justify;\"><strong>\u00c0 titre personnel, comment s\u2019est pass\u00e9e ton int\u00e9gration \u00e0 Dinan apr\u00e8s la disparition de l\u2019\u00e9quipe Cr\u00e9&rsquo;Actuel-Marie Morin-U 22 ?<\/strong><strong><br \/><\/strong>Tr\u00e8s bien. Je connaissais d\u00e9j\u00e0 du monde ici. Bertrand Pellois m\u2019a sollicit\u00e9 pour venir \u00e0 Dinan, puis j\u2019ai rencontr\u00e9 le pr\u00e9sident Michel Danjou. J\u2019ai ressenti que tout le monde \u00e9tait content de mon arriv\u00e9e au club. La transition s\u2019est faite relativement sereinement, l\u2019accueil a \u00e9t\u00e9 tr\u00e8s bon. Je suis venu pour un projet sur trois ans. L\u2019objectif est de continuer \u00e0 faire performer l\u2019\u00e9quipe, former des jeunes, les faire \u00e9voluer et les amener vers le haut niveau, c\u2019est tr\u00e8s motivant.<\/p>\n","protected":false},"excerpt":{"rendered":"Les ann\u00e9es se suivent mais ne se ressemblent pas pour Dinan Sport Cycling. Apr\u00e8s une saison 2024 r\u00e9ussie&hellip;\n","protected":false},"author":2,"featured_media":106488,"comment_status":"","ping_status":"","sticky":false,"template":"","format":"standard","meta":{"footnotes":""},"categories":[1411],"tags":[834,828,836,829,837,827,83,826,824,823,1154,207,814,817,815,816,822,821,832,211,839,1011,27,820,818,819,835,831,830,833,838,60,212,208,825],"class_list":{"0":"post-106487","1":"post","2":"type-post","3":"status-publish","4":"format-standard","5":"has-post-thumbnail","7":"category-cyclisme","8":"tag-attaque","9":"tag-belgique","10":"tag-braquet","11":"tag-bretagne","12":"tag-chute","13":"tag-competition","14":"tag-coupe-de-france","15":"tag-coureur","16":"tag-course-cyclisme","17":"tag-course-cycliste","18":"tag-cycling","19":"tag-cyclisme","20":"tag-direct","21":"tag-direct-velo","22":"tag-directvelo","23":"tag-directvelo-com","24":"tag-epreuve","25":"tag-epreuve-cycliste","26":"tag-federation-francaise-de-cyclisme","27":"tag-ffc","28":"tag-flandres","29":"tag-fr","30":"tag-france","31":"tag-live","32":"tag-live-course","33":"tag-live-epreuve","34":"tag-peloton","35":"tag-radio-peloton","36":"tag-radio-tour","37":"tag-ravitaillement","38":"tag-relance","39":"tag-sports","40":"tag-uci","41":"tag-velo","42":"tag-velos"},"share_on_mastodon":{"url":"https:\/\/pubeurope.com\/@fr\/114522127363418773","error":""},"_links":{"self":[{"href":"https:\/\/www.europesays.com\/fr\/wp-json\/wp\/v2\/posts\/106487","targetHints":{"allow":["GET"]}}],"collection":[{"href":"https:\/\/www.europesays.com\/fr\/wp-json\/wp\/v2\/posts"}],"about":[{"href":"https:\/\/www.europesays.com\/fr\/wp-json\/wp\/v2\/types\/post"}],"author":[{"embeddable":true,"href":"https:\/\/www.europesays.com\/fr\/wp-json\/wp\/v2\/users\/2"}],"replies":[{"embeddable":true,"href":"https:\/\/www.europesays.com\/fr\/wp-json\/wp\/v2\/comments?post=106487"}],"version-history":[{"count":0,"href":"https:\/\/www.europesays.com\/fr\/wp-json\/wp\/v2\/posts\/106487\/revisions"}],"wp:featuredmedia":[{"embeddable":true,"href":"https:\/\/www.europesays.com\/fr\/wp-json\/wp\/v2\/media\/106488"}],"wp:attachment":[{"href":"https:\/\/www.europesays.com\/fr\/wp-json\/wp\/v2\/media?parent=106487"}],"wp:term":[{"taxonomy":"category","embeddable":true,"href":"https:\/\/www.europesays.com\/fr\/wp-json\/wp\/v2\/categories?post=106487"},{"taxonomy":"post_tag","embeddable":true,"href":"https:\/\/www.europesays.com\/fr\/wp-json\/wp\/v2\/tags?post=106487"}],"curies":[{"name":"wp","href":"https:\/\/api.w.org\/{rel}","templated":true}]}}