{"id":106491,"date":"2025-05-17T08:03:09","date_gmt":"2025-05-17T08:03:09","guid":{"rendered":"https:\/\/www.europesays.com\/fr\/106491\/"},"modified":"2025-05-17T08:03:09","modified_gmt":"2025-05-17T08:03:09","slug":"liv-morgan-a-termine-le-tournage-du-film-bad-lieutenant-tokyo","status":"publish","type":"post","link":"https:\/\/www.europesays.com\/fr\/106491\/","title":{"rendered":"Liv Morgan a termin\u00e9 le tournage du film \u00a0\u00bbBad Lieutenant : Tokyo\u00a0\u00bb"},"content":{"rendered":"<p>\u00a0<\/p>\n<p style=\"text-align: justify;\">Liv Morgan est actuellement absente des shows de la WWE, mais son retour aura lieu tr\u00e8s bient\u00f4t.<\/p>\n<p style=\"text-align: justify;\">La moiti\u00e9 des championnes par \u00e9quipe de la WWE s&rsquo;est absent\u00e9e pour le tournage du film \u00ab\u00a0Bad Lieutenant : Tokyo\u00a0\u00bb qui a lieu au Japon. Selon PWInsider,<strong> Liv Morgan a officiellement termin\u00e9 le tournage de ses sc\u00e8nes au Japon<\/strong>.<\/p>\n<p style=\"text-align: justify;\">Il se dit que la catcheuse a \u00ab\u00a0excell\u00e9\u00a0\u00bb dans son r\u00f4le et qu&rsquo;elle a m\u00eame impressionn\u00e9 tout le monde par sa performance.<\/p>\n<p>Liv Morgan va donc pouvoir faire son retour \u00e0 la WWE \u00e0 tout moment.<\/p>\n<p>\u00a0<\/p>\n<p style=\"text-align: right;\">Cr\u00e9dit photo : WWE<\/p>\n","protected":false},"excerpt":{"rendered":"\u00a0 Liv Morgan est actuellement absente des shows de la WWE, mais son retour aura lieu tr\u00e8s bient\u00f4t.&hellip;\n","protected":false},"author":2,"featured_media":106492,"comment_status":"","ping_status":"","sticky":false,"template":"","format":"standard","meta":{"footnotes":""},"categories":[1359],"tags":[253,7039,7042,650,58,59,2081,1011,27,7041,973,7040,521,252,1364,2051],"class_list":{"0":"post-106491","1":"post","2":"type-post","3":"status-publish","4":"format-standard","5":"has-post-thumbnail","7":"category-people","8":"tag-acteur","9":"tag-catch","10":"tag-cena","11":"tag-cinema","12":"tag-divertissement","13":"tag-entertainment","14":"tag-film","15":"tag-fr","16":"tag-france","17":"tag-john","18":"tag-people","19":"tag-rock","20":"tag-serie","21":"tag-television","22":"tag-tv","23":"tag-wwe"},"share_on_mastodon":{"url":"https:\/\/pubeurope.com\/@fr\/114522135178637659","error":""},"_links":{"self":[{"href":"https:\/\/www.europesays.com\/fr\/wp-json\/wp\/v2\/posts\/106491","targetHints":{"allow":["GET"]}}],"collection":[{"href":"https:\/\/www.europesays.com\/fr\/wp-json\/wp\/v2\/posts"}],"about":[{"href":"https:\/\/www.europesays.com\/fr\/wp-json\/wp\/v2\/types\/post"}],"author":[{"embeddable":true,"href":"https:\/\/www.europesays.com\/fr\/wp-json\/wp\/v2\/users\/2"}],"replies":[{"embeddable":true,"href":"https:\/\/www.europesays.com\/fr\/wp-json\/wp\/v2\/comments?post=106491"}],"version-history":[{"count":0,"href":"https:\/\/www.europesays.com\/fr\/wp-json\/wp\/v2\/posts\/106491\/revisions"}],"wp:featuredmedia":[{"embeddable":true,"href":"https:\/\/www.europesays.com\/fr\/wp-json\/wp\/v2\/media\/106492"}],"wp:attachment":[{"href":"https:\/\/www.europesays.com\/fr\/wp-json\/wp\/v2\/media?parent=106491"}],"wp:term":[{"taxonomy":"category","embeddable":true,"href":"https:\/\/www.europesays.com\/fr\/wp-json\/wp\/v2\/categories?post=106491"},{"taxonomy":"post_tag","embeddable":true,"href":"https:\/\/www.europesays.com\/fr\/wp-json\/wp\/v2\/tags?post=106491"}],"curies":[{"name":"wp","href":"https:\/\/api.w.org\/{rel}","templated":true}]}}