{"id":106493,"date":"2025-05-17T08:04:09","date_gmt":"2025-05-17T08:04:09","guid":{"rendered":"https:\/\/www.europesays.com\/fr\/106493\/"},"modified":"2025-05-17T08:04:09","modified_gmt":"2025-05-17T08:04:09","slug":"euro-visions-par-philippe-trias","status":"publish","type":"post","link":"https:\/\/www.europesays.com\/fr\/106493\/","title":{"rendered":"\u00ab Euro-visions \u00bb par Philippe Trias"},"content":{"rendered":"<p>Ce vendredi matin au Parc des Bains, \u00e0 Lons-le-Saunier, deux joueurs d\u2018\u00e9checs, tranquillement install\u00e9s au soleil, tentent de plier la partie en matant le roi.<\/p>\n<p>Au m\u00eame moment \u00e0 Istanbul, une autre partie se joue entre les d\u00e9l\u00e9gations ukrainiennes et russes affair\u00e9es \u00e0 ramener la Paix dans ce conflit aux portes de l\u2019Europe. Et ce soir en Suisse, 26 pays d\u00e9fendront leurs couleurs sur la sc\u00e8ne internationale de l\u2019Eurovision, des milliers de fans viendront soutenir leur favori et Louane, avec sa chanson Maman , tentera d\u2018\u00e9mouvoir le public.<\/p>\n<p>Que la musique apaise <a href=\"https:\/\/www.leprogres.fr\/culture-loisirs\/2025\/05\/09\/l-oeil-de-notre-photographe-week-end-en-paix-par-philippe-trias\" target=\"_blank\" rel=\"noopener\">cette p\u00e9riode tourment\u00e9e<\/a> !<\/p>\n<p class=\"note\">Photo r\u00e9alis\u00e9e avec un Leica M et un 35mm, une vitesse de 1\/750 s \u00e0 f\/10 et une sensibilit\u00e9 de 400 iso.<\/p>\n","protected":false},"excerpt":{"rendered":"Ce vendredi matin au Parc des Bains, \u00e0 Lons-le-Saunier, deux joueurs d\u2018\u00e9checs, tranquillement install\u00e9s au soleil, tentent de&hellip;\n","protected":false},"author":2,"featured_media":106494,"comment_status":"","ping_status":"","sticky":false,"template":"","format":"standard","meta":{"footnotes":""},"categories":[1358],"tags":[1348,1384,1385,1687,1386,58,2274,59,1011,27,1826,3352,7874],"class_list":{"0":"post-106493","1":"post","2":"type-post","3":"status-publish","4":"format-standard","5":"has-post-thumbnail","7":"category-arts-et-design","8":"tag-arts","9":"tag-arts-and-design","10":"tag-arts-et-design","11":"tag-culture-loisirs","12":"tag-design","13":"tag-divertissement","14":"tag-edition-jura-sud","15":"tag-entertainment","16":"tag-fr","17":"tag-france","18":"tag-jura","19":"tag-lons-le-saunier","20":"tag-lons-le-saunier-ville"},"share_on_mastodon":{"url":"https:\/\/pubeurope.com\/@fr\/114522139227646689","error":""},"_links":{"self":[{"href":"https:\/\/www.europesays.com\/fr\/wp-json\/wp\/v2\/posts\/106493","targetHints":{"allow":["GET"]}}],"collection":[{"href":"https:\/\/www.europesays.com\/fr\/wp-json\/wp\/v2\/posts"}],"about":[{"href":"https:\/\/www.europesays.com\/fr\/wp-json\/wp\/v2\/types\/post"}],"author":[{"embeddable":true,"href":"https:\/\/www.europesays.com\/fr\/wp-json\/wp\/v2\/users\/2"}],"replies":[{"embeddable":true,"href":"https:\/\/www.europesays.com\/fr\/wp-json\/wp\/v2\/comments?post=106493"}],"version-history":[{"count":0,"href":"https:\/\/www.europesays.com\/fr\/wp-json\/wp\/v2\/posts\/106493\/revisions"}],"wp:featuredmedia":[{"embeddable":true,"href":"https:\/\/www.europesays.com\/fr\/wp-json\/wp\/v2\/media\/106494"}],"wp:attachment":[{"href":"https:\/\/www.europesays.com\/fr\/wp-json\/wp\/v2\/media?parent=106493"}],"wp:term":[{"taxonomy":"category","embeddable":true,"href":"https:\/\/www.europesays.com\/fr\/wp-json\/wp\/v2\/categories?post=106493"},{"taxonomy":"post_tag","embeddable":true,"href":"https:\/\/www.europesays.com\/fr\/wp-json\/wp\/v2\/tags?post=106493"}],"curies":[{"name":"wp","href":"https:\/\/api.w.org\/{rel}","templated":true}]}}