{"id":1064957,"date":"2026-07-14T22:21:49","date_gmt":"2026-07-14T22:21:49","guid":{"rendered":"https:\/\/www.europesays.com\/fr\/1064957\/"},"modified":"2026-07-14T22:21:49","modified_gmt":"2026-07-14T22:21:49","slug":"strasbourg-lete-11-evenements-a-ne-pas-manquer-pour-cloturer-le-mois-de-juillet","status":"publish","type":"post","link":"https:\/\/www.europesays.com\/fr\/1064957\/","title":{"rendered":"Strasbourg, l&rsquo;\u00e9t\u00e9 : 11 \u00e9v\u00e8nements \u00e0 ne pas manquer pour cl\u00f4turer le mois de juillet"},"content":{"rendered":"<p><b>Apr\u00e8s les bals du 14 juillet, il souffle plus que jamais un vent d\u2019\u00e9t\u00e9 sur la ville. L\u2019heure est \u00e0 l\u2019oisivet\u00e9. On pense aux festivals (comme la<a href=\"https:\/\/pokaa.fr\/2026\/04\/14\/scene-flottante-et-electro-les-pieds-dans-leau-le-sea-you-revient-a-1h-de-strasbourg\/\" target=\"_blank\" rel=\"noopener nofollow\"> Sea You<\/a> ou<a href=\"https:\/\/pokaa.fr\/2026\/06\/27\/soprano-louane-matmatah-a-saverne-le-festival-des-alpagas-bleus-revient-faire-la-fete\/\" target=\"_blank\" rel=\"noopener nofollow\"> les Alpagas Bleus<\/a>), au cin\u00e9ma en plein air (<a href=\"https:\/\/pokaa.fr\/2026\/06\/12\/cine-plein-air-cet-ete-9-films-seront-diffuses-gratuitement-dans-8-parcs-strasbourgeois\/\" target=\"_blank\" rel=\"noopener nofollow\">dans les parcs strasbourgeois<\/a> ou \u00e0 <a href=\"https:\/\/pokaa.fr\/2026\/07\/07\/popcorn-cine-gratuits-en-juillet-3-films-seront-diffuses-en-plein-air-a-cote-de-strasbourg\/\" target=\"_blank\" rel=\"noopener nofollow\">Shopping Promenade<\/a>) et m\u00eame \u00e0<a href=\"https:\/\/pokaa.fr\/2026\/07\/11\/avec-lancer-de-tongs-cine-et-dj-set-la-soiree-brice-de-nice-va-casser-strasbourg\/\" target=\"_blank\" rel=\"noopener nofollow\"> Brice de Nice<\/a> pour un air de vacances. Et par ici ? Tu trouveras d\u2019autres festivals, teufs, brocantes, plans d\u00e9conne et chill pour s\u2019a\u00e9rer la t\u00eate \u00e0 domicile.<\/b><\/p>\n<p>Les teufs et festivals<\/p>\n<p>La Kulture en juillet<\/p>\n<p>Difficile de choisir une soir\u00e9e plut\u00f4t que l\u2019autre <b>\u00e0 la Kulture<\/b>, tant le club r\u00e9chauffera l\u2019agenda pour cette fin de mois\u00a0!<\/p>\n<p>On se notera par exemple le <b>jeudi 16, la soir\u00e9e trance et eurodance avec GQB <\/b>(cofondateur du collectif EURO IDOL) <b>et FanixX<\/b>\u00a0; puis la prog\u2019<b> techno du vendredi 17<\/b> <b>avec Justine Maze<\/b> (r\u00e9sidente de z\u00b7est radio)<b> et DJ Clarisse <\/b>(La Finca)\u00a0; ou encore<b> house le samedi 25<\/b> <b>avec El Kazed<\/b> (Ordinaire Records) et <b>Aneka<\/b> (Merci Beaucoup)<\/p>\n<p align=\"CENTER\"><b>Quand et o\u00f9\u00a0?<br \/><\/b>En juillet<br \/>\u00c0 la Kulture<br \/><a href=\"https:\/\/www.facebook.com\/profile.php?id=61577320964508&amp;sk=events\" target=\"_blank\" rel=\"noopener nofollow\">+ d\u2019infos<\/a><\/p>\n<p>                <img width=\"667\" height=\"500\" src=\"https:\/\/www.europesays.com\/fr\/wp-content\/uploads\/2025\/11\/photos-kulture-samy-jour-clubimg-0045-667x500.jpeg\" class=\"attachment-gallery size-gallery\" alt=\"photos Kulture Samy jour clubIMG_0045\" data-full-url=\"https:\/\/pokaa.fr\/wp-content\/uploads\/2025\/11\/05\/photos-kulture-samy-jour-clubimg-0045.jpeg\" decoding=\"async\" loading=\"lazy\"  \/>            <\/p>\n<p>                <img width=\"667\" height=\"500\" src=\"https:\/\/www.europesays.com\/fr\/wp-content\/uploads\/2025\/11\/photos-kulture-samy-jour-clubimg-0049-667x500.jpeg\" class=\"attachment-gallery size-gallery\" alt=\"photos Kulture Samy jour clubIMG_0049\" data-full-url=\"https:\/\/pokaa.fr\/wp-content\/uploads\/2025\/11\/05\/photos-kulture-samy-jour-clubimg-0049.jpeg\" decoding=\"async\" loading=\"lazy\"  \/>            <\/p>\n<p>                    \u00a9 Samy Compion \/ Pokaa<\/p>\n<p>Z51 Fest #2 aux Tanzmatten (S\u00e9lestat)<\/p>\n<p>On part du c\u00f4t\u00e9 de S\u00e9lestat, cette fois, avec <b>les Tanzmatten <\/b>qui nous mettront \u00e0 la f\u00eate <b>du 17 au 19 juillet avec la deuxi\u00e8me \u00e9dition du Z51 Fest<\/b>.<\/p>\n<p>\u00c0 l\u2019affiche\u00a0? <b>Th\u00e9a<\/b>,<b>Vanupi\u00e9<\/b>, <b>DJ Pone<\/b>, La P\u2019tite Fum\u00e9e, Sergent Garcia, Jahneration, Triptik, DJ Cam, Svinkels Family &amp; Friends, La Rumeur\u2026 Et bien d\u2019autres artistes pour <b>trois jours de punk, rap, dub et reggae<\/b>.<\/p>\n<p align=\"CENTER\"><b>Quand et o\u00f9\u00a0?<br \/><\/b>Du vendredi 17 au dimanche 19 juillet<br \/>Aux Tanzmatten<br \/><a href=\"https:\/\/www.zone51.net\/billetterie\/\" target=\"_blank\" rel=\"noopener nofollow\">+ d\u2019infos<\/a><\/p>\n<\/p>\n<p>\u00ab\u00a0The Matriarch\u00a0\u00bb avec le Cabaret Madame au Phare Citadelle<\/p>\n<p>Elle est de retour le <b>samedi 18 juillet <\/b>pr\u00e8s d\u2019un an apr\u00e8s l\u2019annonce de sa fin\u00a0: <b>The Matriarch<\/b>\u00a0! La soir\u00e9e queer du<b> Cabaret Madame<\/b> revient exceptionnellement<b> au Phare Citadelle<\/b>.<\/p>\n<p>Pour faire monter la temp\u00e9rature \u00e0 Strasbourg, elle nous donnera rendez-vous d\u00e8s 20h avec <b>une table ronde<\/b> (sur \u00ab\u00a0La place de la joie dans nos combats militants\u00a0\u00bb),<b> une performance<\/b> caliente et des <b>DJ sets br\u00fblants de Daddy Iencli, DJ Clarisse et Aurora Sow<\/b>.<\/p>\n<p align=\"CENTER\"><b>Quand et o\u00f9\u00a0?<br \/><\/b>Samedi 18 juillet de 20h \u00e0 00h30<br \/>Au Phare Citadelle<br \/><a href=\"https:\/\/www.instagram.com\/matriarch.strasbourg\/\" target=\"_blank\" rel=\"noopener nofollow\">+ d\u2019infos<\/a><\/p>\n<p>    <img width=\"800\" height=\"533\" src=\"https:\/\/www.europesays.com\/fr\/wp-content\/uploads\/2026\/07\/cabaret-madame-2-e1731592249262-800x533.jpg\" class=\"attachment-image-size-L size-image-size-L\" alt=\"Cabaret Madame\" decoding=\"async\" loading=\"lazy\"  \/>         Cabaret Madame \u00a9 @zarbibitch \/ Document remis <\/p>\n<p>\u00ab\u00a0M\u00e9lanine\u00a0\u00bb avec Flashball \u00e0 la Montagne Verte<\/p>\n<p>Gros coup de chaud, <b>le dimanche 19 juillet avec le retour d\u2019une \u00ab\u00a0M\u00e9lanine\u00a0\u00bb<\/b>. Pr\u00e8s d\u2019un \u00e9tang, \u00e0 la Montagne Verte, profite d\u2019une journ\u00e9e chill et housy en compagnie du<b> collectif Flashball<\/b>. Aux platines\u00a0? Des DJ d\u2019ici, r\u00e9parti(e)s sur <b>deux dancefloors d\u00e8s 7h<\/b>, pour un r\u00e9veil en douceur ou un plan d\u2019after.<\/p>\n<p align=\"CENTER\"><b>Quand et o\u00f9\u00a0?<br \/><\/b>Dimanche 19 juillet de 7h \u00e0 minuit<br \/>\u00c0 la Montagne Verte<br \/><a href=\"https:\/\/www.instagram.com\/flsh.ball\/\" target=\"_blank\" rel=\"noopener nofollow\">+ d\u2019infos<\/a><\/p>\n<p>    <img width=\"450\" height=\"600\" src=\"https:\/\/www.europesays.com\/fr\/wp-content\/uploads\/2026\/07\/image4-450x600.jpeg\" class=\"attachment-image-size-M size-image-size-M\" alt=\"M\u00e9lanine + Flashball\" decoding=\"async\" loading=\"lazy\"  \/>         Le collectif Flashball (open-air estival \u00ab\u00a0M\u00e9lanine\u00a0\u00bb) \u00a9 Flashball \/ Document remis <\/p>\n<p>Underground Mountain Festival \u00e0 Haguenau<\/p>\n<p>Toujours dans la saison des festivals\u00a0: l\u2019Underground Mountain revient te faire grimper jusqu\u2019\u00e0 Haguenau, les vendredi 24 et samedi 25 juillet. <b>Une 7e \u00e9dition <\/b><b>\u00ab\u00a0au c\u0153ur de la nature alsacienne\u00a0\u00bb<\/b>.<\/p>\n<p>On y attend\u00a0:<b> des performances artistiques, des groupes et DJ sets, du live mapping<\/b>, et <b>un village associatif <\/b>avec du DIY, un stand paillettes et du face-painting, des associations et de l\u2019artisanat local, ainsi que de la sensibilisation \u00e9cologique, et \u00e0 la r\u00e9duction des risques.<\/p>\n<p>Et sur l\u2019affiche\u00a0? Calling Marian, Justine Maze, Jeune Pousse, Gremmlins, Capricciosa Baby, Ugo Guisto, Kick, Zinedine Tisane, KD, ELAY, Batucada Tudo Bom, Fonkiture, Arak et Air Torn. Une belle ascension\u00a0!<\/p>\n<p align=\"CENTER\"><b>Quand et o\u00f9\u00a0?<br \/><\/b>Vendredi 24 et samedi 25 juillet<br \/>\u00c0 Haguenau<br \/><a href=\"https:\/\/um-festival.fr\/\" target=\"_blank\" rel=\"noopener nofollow\">+ d\u2019infos<\/a><\/p>\n<p>                <img width=\"750\" height=\"500\" src=\"https:\/\/www.europesays.com\/fr\/wp-content\/uploads\/2026\/07\/underground-mountain-candid-photographie-2-750x500.jpg\" class=\"attachment-gallery size-gallery\" alt=\"Underground Mountain festival\" data-full-url=\"https:\/\/pokaa.fr\/wp-content\/uploads\/2026\/07\/13\/underground-mountain-candid-photographie-2.jpg\" decoding=\"async\" loading=\"lazy\"  \/>            <\/p>\n<p>                <img width=\"750\" height=\"500\" src=\"https:\/\/www.europesays.com\/fr\/wp-content\/uploads\/2026\/07\/underground-mountain-candid-photographie-3-750x500.jpg\" class=\"attachment-gallery size-gallery\" alt=\"Underground Mountain festival\" data-full-url=\"https:\/\/pokaa.fr\/wp-content\/uploads\/2026\/07\/13\/underground-mountain-candid-photographie-3.jpg\" decoding=\"async\" loading=\"lazy\"  \/>            <\/p>\n<p>                <img width=\"400\" height=\"500\" src=\"https:\/\/www.europesays.com\/fr\/wp-content\/uploads\/2026\/07\/underground-mountain-candid-photographies-400x500.jpg\" class=\"attachment-gallery size-gallery\" alt=\"Underground Mountain festival\" data-full-url=\"https:\/\/pokaa.fr\/wp-content\/uploads\/2026\/07\/13\/underground-mountain-candid-photographies.jpg\" decoding=\"async\" loading=\"lazy\"  \/>            <\/p>\n<p>                    \u00a9 Candid Photographie \/ Captures d&rsquo;\u00e9cran Page Facebook Underground Mountain Festival<\/p>\n<p>Les sorties insolites<br \/>\nF\u00eate de la sorci\u00e8re \u00e0 Rouffach<\/p>\n<p>C\u00e9l\u00e9bration annuelle et \u00ab\u00a0incontournable\u00a0\u00bb en Alsace, <b>la F\u00eate de la Sorci\u00e8re<\/b> est, nous dit-on\u00a0: <b>\u00ab\u00a0un fabuleux m\u00e9lange entre l\u2019univers m\u00e9di\u00e9val et un monde fantastique\u00a0\u00bb<\/b>.<\/p>\n<p><b>Le samedi 18 juillet, elle revient enchanter Rouffach avec des animations du jour \u00e0 la nuit<\/b>\u2026 Au programme\u00a0? Des <b>spectacles<\/b> (de marionnettes, historiques, th\u00e9\u00e2tre m\u00e9di\u00e9val, d\u00e9ambulations),<b> des ateliers de d\u00e9monstration<\/b> (autour de l\u2019herboristerie, les armures, armes ou engins de si\u00e8ge), des <b>jeux g\u00e9ants en bois ou anciens<\/b>, des initiations au lancer de hache\u2026<\/p>\n<p>Mais aussi un <b>concert du Balkan Express Orchestra <\/b>et <b>le \u00ab\u00a0Sentier de l\u2019\u00e9trange\u00a0\u00bb<\/b> pour frissonner entour\u00e9(e) de figurant(e)s costum\u00e9(e)s.<\/p>\n<p align=\"CENTER\"><b>Quand et o\u00f9\u00a0?<br \/><\/b>Samedi 18 juillet d\u00e8s 14h<br \/>\u00c0 Rouffach<br \/><a href=\"https:\/\/fb.me\/e\/7VzeAsRjI\" target=\"_blank\" rel=\"noopener nofollow\">+ d\u2019infos<\/a><\/p>\n<p>                <img width=\"752\" height=\"500\" src=\"https:\/\/www.europesays.com\/fr\/wp-content\/uploads\/2026\/07\/230715-pka-fete-sorciere-5-752x500.jpg\" class=\"attachment-gallery size-gallery\" alt=\"F\u00eate de la sorci\u00e8re Rouffach\" data-full-url=\"https:\/\/pokaa.fr\/wp-content\/uploads\/2023\/07\/230715-pka-fete-sorciere-5.jpg\" decoding=\"async\" loading=\"lazy\"  \/>            <\/p>\n<p>                <img width=\"752\" height=\"500\" src=\"https:\/\/www.europesays.com\/fr\/wp-content\/uploads\/2026\/07\/230715-pka-fete-sorciere-4-752x500.jpg\" class=\"attachment-gallery size-gallery\" alt=\"F\u00eate de la sorci\u00e8re Rouffach\" data-full-url=\"https:\/\/pokaa.fr\/wp-content\/uploads\/2023\/07\/230715-pka-fete-sorciere-4.jpg\" decoding=\"async\" loading=\"lazy\"  \/>            <\/p>\n<p>                <img width=\"752\" height=\"500\" src=\"https:\/\/www.europesays.com\/fr\/wp-content\/uploads\/2026\/07\/230715-pka-fete-sorciere-3-752x500.jpg\" class=\"attachment-gallery size-gallery\" alt=\"F\u00eate de la sorci\u00e8re Rouffach\" data-full-url=\"https:\/\/pokaa.fr\/wp-content\/uploads\/2023\/07\/230715-pka-fete-sorciere-3.jpg\" decoding=\"async\" loading=\"lazy\"  \/>            <\/p>\n<p>                <img width=\"752\" height=\"500\" src=\"https:\/\/www.europesays.com\/fr\/wp-content\/uploads\/2026\/07\/230715-pka-fete-sorciere-6-752x500.jpg\" class=\"attachment-gallery size-gallery\" alt=\"F\u00eate de la sorci\u00e8re Rouffach\" data-full-url=\"https:\/\/pokaa.fr\/wp-content\/uploads\/2023\/07\/230715-pka-fete-sorciere-6.jpg\" decoding=\"async\" loading=\"lazy\"  \/>            <\/p>\n<p>                <img width=\"752\" height=\"500\" src=\"https:\/\/www.europesays.com\/fr\/wp-content\/uploads\/2026\/07\/230715-pka-fete-sorciere-29-752x500.jpg\" class=\"attachment-gallery size-gallery\" alt=\"F\u00eate de la sorci\u00e8re Rouffach\" data-full-url=\"https:\/\/pokaa.fr\/wp-content\/uploads\/2023\/07\/230715-pka-fete-sorciere-29.jpg\" decoding=\"async\" loading=\"lazy\"  \/>            <\/p>\n<p>                    La F\u00eate de la Sorci\u00e8re \u00e0 Rouffach (2023) \u00a9 Adrien Labit \/ Pokaa<\/p>\n<p>                <a href=\"https:\/\/pokaa.fr\/2023\/07\/23\/spectacle-de-feu-et-potions-immersion-dans-la-magie-de-la-fete-de-la-sorciere-de-rouffach\/\" rel=\"nofollow noopener\" target=\"_blank\"><br \/>\n                    <img width=\"450\" height=\"270\" src=\"https:\/\/www.europesays.com\/fr\/wp-content\/uploads\/2026\/07\/230715-pka-fete-sorciere-31-450x270.jpg\" class=\"attachment-card-horizontal--same-subject size-card-horizontal--same-subject wp-post-image\" alt=\"\" decoding=\"async\" loading=\"lazy\"\/>                <\/a><\/p>\n<p>Les Olympiades de La Grenze<\/p>\n<p>On se croirait au Club Med\u2019 mais c\u2019est pr\u00e8s de la gare que \u00e7a se passera\u00a0: <b>la Grenze organisera le samedi 18 juillet, ses Olympiades<\/b>\u00a0!<\/p>\n<p>Au programme\u00a0? <b>Tir \u00e0 la corde, courses d\u2019orientation, de chaises de bureau ou de brouettes<\/b>, battle de Shi Fu Mi ou de blagues, <b>concours d\u2019imitations<\/b>, Twister, jeux du go\u00fbt, marelle\u2026 Une soir\u00e9e d\u00e9conne et sportive, ponctu\u00e9e d\u2019\u00e9preuves en tout genre. Avec <b>des places de concert \u00e0 gagner<\/b> pour les champion(ne)s.<\/p>\n<p align=\"CENTER\"><b>Quand et o\u00f9\u00a0?<br \/><\/b>Samedi 18 juillet de 18h \u00e0 21h<br \/>\u00c0 la Grenze<br \/><a href=\"https:\/\/fb.me\/e\/4E6N4sV8v\" target=\"_blank\" rel=\"noopener nofollow\">+ d\u2019infos<\/a><\/p>\n<p>    <img width=\"800\" height=\"435\" src=\"https:\/\/www.europesays.com\/fr\/wp-content\/uploads\/2025\/09\/la-grenze16-francoisfreundlich-800x435.jpg\" class=\"attachment-image-size-L size-image-size-L\" alt=\"La Grenze\" decoding=\"async\" loading=\"lazy\"  \/>         La Grenze \u00a9 Fran\u00e7ois Freundlich \/ Document remis <\/p>\n<p>J&rsquo;Te Paye impro au Bistrot D\u00e9kal\u00e9 (Kal\u00e9idoscoop)<\/p>\n<p>Parmi les nombreux \u00e9v\u00e9nements organis\u00e9s pour l\u2019\u00e9t\u00e9, <b>le Bistrot D\u00e9kal\u00e9 invitera la compagnie J\u2019Te Paye impro le jeudi 23 juillet<\/b>.<\/p>\n<p>Au menu\u00a0? <b>Un spectacle improvis\u00e9 et \u00e0 prix libre<\/b>, concoct\u00e9 autour d\u2019une th\u00e9matique\u00a0: celle des \u00ab\u00a0Futurs possibles\u00a0\u00bb. \u00ab\u00a0\u00c0 d\u00e9guster sans mod\u00e9ration, accompagn\u00e9 de quelques gla\u00e7ons\u00a0\u00bb.<\/p>\n<p align=\"CENTER\"><b>Quand et o\u00f9\u00a0?<br \/><\/b>Jeudi 23 juillet \u00e0 19h<br \/>Au Bistrot D\u00e9kal\u00e9 \u00e0 Kal\u00e9idoscoop<br \/><a href=\"https:\/\/fb.me\/e\/4zPC30ee0\" target=\"_blank\" rel=\"noopener nofollow\">+ d\u2019infos<\/a><\/p>\n<p>    <img width=\"405\" height=\"600\" src=\"https:\/\/www.europesays.com\/fr\/wp-content\/uploads\/2026\/07\/jte-paye-impro-405x600.jpg\" class=\"attachment-image-size-M size-image-size-M\" alt=\"J\u2019Te Paye impro\" decoding=\"async\" loading=\"lazy\"  \/>         \u00a9 J&rsquo;Te Paye impro \/ Document remis <\/p>\n<p>Gala des cornichons au Bistrot D\u00e9kal\u00e9 (Kal\u00e9idoscoop)<\/p>\n<p>Et on retourne<b> au Bistrot D\u00e9kal\u00e9, d\u00e8s le jeudi 30 juillet<\/b>. S\u2019y pr\u00e9parera <b>une soir\u00e9e d\u00e9jant\u00e9e<\/b>, \u00ab\u00a0d\u00e9di\u00e9e au cornichon, au pickle et \u00e0 leurs lointains cousins ferment\u00e9s\u00a0\u00bb\u00a0:<b> le Gala des cornichons.<\/b><\/p>\n<p>\u00c0 la carte\u00a0? <b>D\u00e9gustations, ateliers, cr\u00e9ations artistiques et d\u00e9couvertes gustatives<\/b>, pour \u00ab\u00a0explorer l\u2019univers fascinant des l\u00e9gumes conserv\u00e9s dans le vinaigre ou ferment\u00e9s\u00a0\u00bb. Comme un atelier maquillage \u00ab\u00a0et transformation progressive en cornichon respectable\u00a0\u00bb, du <b>\u00ab\u00a0lancer de cornichons dans les bocaux\u00a0\u00bb<\/b> et un \u00ab\u00a0dress code facultatif mais fortement encourag\u00e9\u00a0: vert ou paillettes\u00a0\u00bb.<\/p>\n<p align=\"CENTER\"><b>Quand et o\u00f9\u00a0?<br \/><\/b>Jeudi 30 juillet de 18h30 \u00e0 23h<br \/>Au Bistrot D\u00e9kal\u00e9 \u00e0 Kal\u00e9idoscoop<br \/><a href=\"https:\/\/fb.me\/e\/aFD7JD9tt\" target=\"_blank\" rel=\"noopener nofollow\">+ d\u2019infos<\/a><\/p>\n<p><img decoding=\"async\" class=\"aligncenter\" src=\"https:\/\/www.europesays.com\/fr\/wp-content\/uploads\/2026\/07\/1784067693_403_giphy.gif\"\/><\/p>\n<p>Freak Show au Malleus Maleficarum bar<\/p>\n<p>Pourquoi attendre Halloween pour faire ressortir le monstre qui est en nous\u00a0? <b>Le vendredi 31 juillet<\/b>, le <b>Malleus Maleficarum <\/b>bar convie \u00ab\u00a0les cr\u00e9atures les plus \u00e9tranges de l\u2019\u00e9t\u00e9\u00a0\u00bb \u00e0 prendre possession du bar, le temps d\u2019une <b>soir\u00e9e r\u00e9tro et costum\u00e9e<\/b>.<\/p>\n<p>Un <b>\u00ab\u00a0Freak Show\u00a0\u00bb<\/b> auquel \u00ab\u00a0vampires, momies, loups-garous, extraterrestres, monstres marins et autres horreurs r\u00e9tro\u00a0\u00bb seront les bienvenu(e)s. Sur place\u00a0: blind tests, quiz r\u00e9tro et fantastiques, karaok\u00e9, des d\u00e9fis (et lots \u00e0 gagner) et un concours photo \u00ab\u00a0des plus belles cr\u00e9atures\u00a0\u00bb.<\/p>\n<p align=\"CENTER\"><b>Quand et o\u00f9\u00a0?<br \/><\/b>Vendredi 31 juillet d\u00e8s 19h<br \/>Au Malleus Maleficarum bar<br \/><a href=\"https:\/\/fb.me\/e\/4QYfeMHZa\" target=\"_blank\" rel=\"noopener nofollow\">+ d\u2019infos<\/a><\/p>\n<p>                <img width=\"875\" height=\"500\" src=\"https:\/\/www.europesays.com\/fr\/wp-content\/uploads\/2026\/03\/malleus2-875x500.png\" class=\"attachment-gallery size-gallery\" alt=\"Malleus2\" data-full-url=\"https:\/\/pokaa.fr\/wp-content\/uploads\/2024\/02\/20\/malleus2.png\" decoding=\"async\" loading=\"lazy\"  \/>            <\/p>\n<p>                <img width=\"667\" height=\"500\" src=\"https:\/\/www.europesays.com\/fr\/wp-content\/uploads\/2026\/07\/malleus-maleficarum-dooz-escape-bar-a-jeux-destroy-room-bastien-p-pokaa-strasbourgimage00002.jpeg\" class=\"attachment-gallery size-gallery\" alt=\"Malleus Maleficarum Dooz Escape bar a\u0300 jeux Destroy room Bastien P Pokaa Strasbourgimage00002\" data-full-url=\"https:\/\/www.europesays.com\/fr\/wp-content\/uploads\/2026\/07\/malleus-maleficarum-dooz-escape-bar-a-jeux-destroy-room-bastien-p-pokaa-strasbourgimage00002.jpeg\" decoding=\"async\" loading=\"lazy\"  \/>            <\/p>\n<p>                <img width=\"375\" height=\"500\" src=\"https:\/\/www.europesays.com\/fr\/wp-content\/uploads\/2026\/07\/malleus-maleficarum-dooz-escape-bar-a-jeux-destroy-room-bastien-p-pokaa-strasbourgimage00012.jpeg\" class=\"attachment-gallery size-gallery\" alt=\"Malleus Maleficarum Dooz Escape bar a\u0300 jeux Destroy room Bastien P Pokaa Strasbourgimage00012\" data-full-url=\"https:\/\/www.europesays.com\/fr\/wp-content\/uploads\/2026\/07\/malleus-maleficarum-dooz-escape-bar-a-jeux-destroy-room-bastien-p-pokaa-strasbourgimage00012.jpeg\" decoding=\"async\" loading=\"lazy\"  \/>            <\/p>\n<p>                    Malleus Maleficarum bar \u00a9 Bastien Pietronave \/ Pokaa<\/p>\n<p>Grande Braderie et bonus chine<\/p>\n<p>On te la fait pas \u00e0 toi\u00a0: ce mois-ci, y a bien<a href=\"https:\/\/vitrines-strasbourg.com\/evenements\/grande-braderie-2\/\" target=\"_blank\" rel=\"noopener nofollow\"> <b>la Grande Braderie<\/b><\/a>, aussi. <b>Le samedi 25 juillet<\/b>, elle reprendra le contr\u00f4le du centre-ville strasbourgeois avec des \u00e9tals dans tous les sens.<\/p>\n<p>Si tu pr\u00e9f\u00e8res chiner qu\u2019acheter neuf, fais un d\u00e9tour ce jour-l\u00e0 par <a href=\"https:\/\/fb.me\/e\/6xLUGLKRd\" target=\"_blank\" rel=\"noopener nofollow\"><b>le cin\u00e9ma Vox qui vendra ses affiches<\/b><\/a>\u00a0; et par <a href=\"https:\/\/brocabrac.fr\/67\/strasbourg\/1381145-vide-grenier-place-saint-thomas\" target=\"_blank\" rel=\"noopener nofollow\"><b>les places Broglie et Saint-Thomas o\u00f9 se tiendront deux brocantes<\/b><\/a>.<\/p>\n<p>    <img width=\"800\" height=\"533\" src=\"https:\/\/www.europesays.com\/fr\/wp-content\/uploads\/2026\/07\/283974326-3301199423433187-4556180385781663795-n-800x533.jpg\" class=\"attachment-image-size-L size-image-size-L\" alt=\"grande braderie vitrines de strasbourg\" decoding=\"async\" loading=\"lazy\"  \/>         \u00a9 Document remis \/ Vitrines de Strasbourg <\/p>\n<p>                <img width=\"376\" height=\"500\" src=\"https:\/\/www.europesays.com\/fr\/wp-content\/uploads\/2025\/11\/pxl-20240602-1637324231-scaled-e1732168159193-376x500.jpg\" class=\"attachment-gallery size-gallery\" alt=\"Grenze\" data-full-url=\"https:\/\/pokaa.fr\/wp-content\/uploads\/2024\/11\/21\/pxl-20240602-1637324231-1500x1992.jpg\" decoding=\"async\" loading=\"lazy\"  \/>            <\/p>\n<p>                <img width=\"376\" height=\"500\" src=\"https:\/\/www.europesays.com\/fr\/wp-content\/uploads\/2026\/06\/pxl-20240602-163708033-scaled-e1732168189432-376x500.jpg\" class=\"attachment-gallery size-gallery\" alt=\"Grenze\" data-full-url=\"https:\/\/pokaa.fr\/wp-content\/uploads\/2024\/11\/21\/pxl-20240602-163708033-1500x1992.jpg\" decoding=\"async\" loading=\"lazy\"  \/>            <\/p>\n<p>                    March\u00e9 de cr\u00e9ateurs\/trices \u00e0 la Grenze (printemps 2024) \u00a9 Fanny Soriano \/ Pokaa<\/p>\n<p>Et on t\u2019en parlait d\u00e9j\u00e0 sur les derniers agendas\u00a0: <b>la Grenze <\/b>accueille ce mois-ci quelques march\u00e9s de cr\u00e9ateurs\/rices th\u00e9matiques et \u00e9ph\u00e9m\u00e8res\u2026 <a href=\"https:\/\/fb.me\/e\/4LpPjev0H\" target=\"_blank\" rel=\"noopener nofollow\"><b>Les \u00ab\u00a0Cr\u00e9puscule Markets\u00a0\u00bb<\/b><\/a>. Il en reste encore deux, <b>les jeudis 16 et 23 juillet<\/b>. Tandis qu\u2019au <b>Phare Citadelle<\/b>, c\u2019est un nouveau <a href=\"https:\/\/fb.me\/e\/6hH6CxoQq\" target=\"_blank\" rel=\"noopener nofollow\"><b>\u00ab\u00a0Chine Citadelle\u00a0\u00bb<\/b> <\/a>qui attendra les fanas de brocante, <b>le dimanche 19 juillet<\/b>.<\/p>\n<p>\u2026\u00c7a sent bon les vacances et le chill, m\u00eame sans quitter la ville.<\/p>\n<p>    <img width=\"800\" height=\"541\" src=\"https:\/\/www.europesays.com\/fr\/wp-content\/uploads\/2025\/08\/phare-citadelle-bourse-aux-disques-chine-citadelle-e1662741676206.jpg\" class=\"attachment-image-size-L size-image-size-L\" alt=\"Phare Citadelle + bourse aux disques + chine citadelle brocante\" decoding=\"async\" loading=\"lazy\"\/>         Chine Citadelle \u00a9 Hunay Saday \/ Capture d&rsquo;\u00e9cran Page Facebook Phare Citadelle <\/p>\n<p><script async src=\"\/\/www.instagram.com\/embed.js\"><\/script><\/p>\n","protected":false},"excerpt":{"rendered":"Apr\u00e8s les bals du 14 juillet, il souffle plus que jamais un vent d\u2019\u00e9t\u00e9 sur la ville. L\u2019heure&hellip;\n","protected":false},"author":2,"featured_media":1064958,"comment_status":"","ping_status":"","sticky":false,"template":"","format":"standard","meta":{"footnotes":"","_share_on_mastodon":"0"},"categories":[2820],"tags":[1111,11,4763,6961,1697,12084,2883,1777,674,652,849,1011,27,775,708,1757,873,12,21919,3907,25,953,3140,640,4064],"class_list":["post-1064957","post","type-post","status-publish","format-standard","has-post-thumbnail","category-strasbourg","tag-actu","tag-actualites","tag-agenda","tag-brocante","tag-concert","tag-dj-set","tag-ete","tag-eu","tag-europe","tag-famille","tag-festival","tag-fr","tag-france","tag-grand-est","tag-humour","tag-insolite","tag-musique","tag-news","tag-ou-sortir","tag-que-faire","tag-republique-francaise","tag-soiree","tag-spectacle","tag-strasbourg","tag-week-end"],"share_on_mastodon":{"url":"https:\/\/pubeurope.com\/@fr\/116920674372544155","error":""},"_links":{"self":[{"href":"https:\/\/www.europesays.com\/fr\/wp-json\/wp\/v2\/posts\/1064957","targetHints":{"allow":["GET"]}}],"collection":[{"href":"https:\/\/www.europesays.com\/fr\/wp-json\/wp\/v2\/posts"}],"about":[{"href":"https:\/\/www.europesays.com\/fr\/wp-json\/wp\/v2\/types\/post"}],"author":[{"embeddable":true,"href":"https:\/\/www.europesays.com\/fr\/wp-json\/wp\/v2\/users\/2"}],"replies":[{"embeddable":true,"href":"https:\/\/www.europesays.com\/fr\/wp-json\/wp\/v2\/comments?post=1064957"}],"version-history":[{"count":0,"href":"https:\/\/www.europesays.com\/fr\/wp-json\/wp\/v2\/posts\/1064957\/revisions"}],"wp:featuredmedia":[{"embeddable":true,"href":"https:\/\/www.europesays.com\/fr\/wp-json\/wp\/v2\/media\/1064958"}],"wp:attachment":[{"href":"https:\/\/www.europesays.com\/fr\/wp-json\/wp\/v2\/media?parent=1064957"}],"wp:term":[{"taxonomy":"category","embeddable":true,"href":"https:\/\/www.europesays.com\/fr\/wp-json\/wp\/v2\/categories?post=1064957"},{"taxonomy":"post_tag","embeddable":true,"href":"https:\/\/www.europesays.com\/fr\/wp-json\/wp\/v2\/tags?post=1064957"}],"curies":[{"name":"wp","href":"https:\/\/api.w.org\/{rel}","templated":true}]}}