{"id":1064990,"date":"2026-07-14T22:48:17","date_gmt":"2026-07-14T22:48:17","guid":{"rendered":"https:\/\/www.europesays.com\/fr\/1064990\/"},"modified":"2026-07-14T22:48:17","modified_gmt":"2026-07-14T22:48:17","slug":"mer-dazov-lukraine-aurait-frappe-116-navires-russes-en-neuf-jours-2","status":"publish","type":"post","link":"https:\/\/www.europesays.com\/fr\/1064990\/","title":{"rendered":"Mer d\u2019Azov : l\u2019Ukraine aurait frapp\u00e9 116 navires russes en neuf jours"},"content":{"rendered":"<p>\n      L&rsquo;Ukraine a lanc\u00e9 une vaste campagne de frappes contre des navires russes en mer d&rsquo;Azov. Selon le commandant d&rsquo;une unit\u00e9 de drones, 116 navires auraient \u00e9t\u00e9 touch\u00e9s en seulement neuf jours dans le cadre d&rsquo;une offensive destin\u00e9e \u00e0 perturber un corridor logistique strat\u00e9gique, tandis que Moscou reconna\u00eet une recrudescence des attaques contre le trafic maritime.\n    <\/p>\n<p>Robert Brovdi, commandant de l\u2019unit\u00e9 de dronistes des Ptakhi Madyara, a affirm\u00e9, mardi 14 juillet, que 116 navires ont \u00e9t\u00e9 frapp\u00e9s par des drones de la SBS (forces de syst\u00e8mes sans pilote) en neuf jours en mer d\u2019Azov, dans le cadre de l\u2019op\u00e9ration MoLoChKa. Dans la nuit du 13 au 14 juillet, ce sont \u00ab\u00a0cinq p\u00e9troliers, cinq cargos et un remorqueur\u00a0\u00bb, qui ont \u00e9t\u00e9 attaqu\u00e9s dans cette mer ferm\u00e9e, au nord de la mer Noire, selon l\u2019un des messages de ce commandant ukrainien qui diffuse \u00e9galement des montages montrant les frappes.<\/p>\n<p>Il pr\u00e9cise que les navires sont vis\u00e9s dans l&rsquo;optique de les rendre inop\u00e9rants, plut\u00f4t que de les couler. Selon Robert Brovdi, ces frappes ciblent essentiellement des petites et moyennes unit\u00e9s de transport de p\u00e9trole \u00e0 fond plat empruntant le canal Don-Volga, qui permet d\u2019atteindre la mer Caspienne, et la mer d\u2019Azov pour approvisionner de plus grands p\u00e9troliers pour l\u2019export. Mais la mer d&rsquo;Azov permet aussi d\u2019exporter des c\u00e9r\u00e9ales, en particulier de r\u00e9gions ukrainiennes sous occupation, en passant par le d\u00e9troit de Kertch, entre la Crim\u00e9e et la p\u00e9ninsule de Taman, pour acc\u00e9der \u00e0 la mer Noire.<\/p>\n<p>D\u2019apr\u00e8s le Guardian, la Russie a d\u00fb suspendre la navigation sur le canal Don-Azov. L\u2019Ukraine a ainsi coup\u00e9 un couloir logistique strat\u00e9gique entre la mer Caspienne et le d\u00e9troit du Bosphore, via la mer d\u2019Azov et la mer Noire. Depuis longtemps, l&rsquo;Ukraine cherche \u00e0 perturber la production et les exportations d&rsquo;hydrocarbures russes. Kiev a notamment cibl\u00e9 \u00e0 plusieurs reprises des navires de la flotte fant\u00f4me russe en mer Noire et jusqu&rsquo;en M\u00e9diterran\u00e9e.<\/p>\n<p>Le minist\u00e8re russe des Transports a dit prendre \u00ab\u00a0toutes les mesures n\u00e9cessaires pour assurer la logistique des cargaisons, compte tenu de la fr\u00e9quence croissante des attaques ennemies contre des navires civils dans la zone de la mer d&rsquo;Azov\u00a0\u00bb. Le transfert du vrac vers d\u2019autres modes de transports est envisag\u00e9, selon le minist\u00e8re.<\/p>\n<p>Dans une d\u00e9claration, le secr\u00e9taire g\u00e9n\u00e9ral de l\u2019Organisation maritime internationale (OMI), Arsenio Dominguez, \u00ab\u00a0d\u00e9plore la s\u00e9rie d\u2019attaques perp\u00e9tr\u00e9es au cours de la semaine pass\u00e9e contre des navires marchands civils op\u00e9rant en mer d\u2019Azov et en mer Noire\u00a0\u00bb. Il \u00ab\u00a0condamne toutes les attaques injustifi\u00e9es contre des navires marchands civils r\u00e9sultant de conflits g\u00e9opolitiques, o\u00f9 qu\u2019elles se produisent. De tels actes mettent en danger les marins, menacent la s\u00e9curit\u00e9 de la navigation, perturbent les cha\u00eenes d\u2019approvisionnement mondiales et sapent les principes sur lesquels repose le transport maritime international. J\u2019appelle toutes les parties impliqu\u00e9es dans des conflits \u00e0 s\u2019abstenir de toute action mettant en danger la marine marchande innocente ou l\u2019environnement marin, \u00e0 respecter le droit international et \u00e0 garantir la protection des marins. Les marins ne devraient jamais \u00eatre les victimes de conflits auxquels ils ne prennent pas part\u00a0\u00bb.<\/p>\n<p><strong>\u00a9 Un article de la r\u00e9daction de Mer et Marine. Reproduction interdite sans consentement du ou des auteurs.<\/strong><\/p>\n<p>\u00a0<\/p>\n","protected":false},"excerpt":{"rendered":"L&rsquo;Ukraine a lanc\u00e9 une vaste campagne de frappes contre des navires russes en mer d&rsquo;Azov. Selon le commandant&hellip;\n","protected":false},"author":2,"featured_media":1064991,"comment_status":"","ping_status":"","sticky":false,"template":"","format":"standard","meta":{"footnotes":"","_share_on_mastodon":"0"},"categories":[1591],"tags":[11,6130,6141,6131,6138,2380,6135,554,6136,1887,6139,6134,3135,6128,567,6129,6127,12,6132,4838,6133,1885,1886,132,6140,6137],"class_list":["post-1064990","post","type-post","status-publish","format-standard","has-post-thumbnail","category-russie","tag-actualites","tag-chantiers","tag-commando","tag-construction-navale","tag-costa","tag-croisiere","tag-dcns","tag-defense","tag-euronaval","tag-federation-de-russie","tag-fremm","tag-interviews","tag-littoral","tag-marine","tag-marine-nationale","tag-maritime","tag-mer","tag-news","tag-offshore","tag-peche","tag-reportages","tag-russia","tag-russian-federation","tag-russie","tag-sncm","tag-stx"],"share_on_mastodon":{"url":"https:\/\/pubeurope.com\/@fr\/116920772534944352","error":""},"_links":{"self":[{"href":"https:\/\/www.europesays.com\/fr\/wp-json\/wp\/v2\/posts\/1064990","targetHints":{"allow":["GET"]}}],"collection":[{"href":"https:\/\/www.europesays.com\/fr\/wp-json\/wp\/v2\/posts"}],"about":[{"href":"https:\/\/www.europesays.com\/fr\/wp-json\/wp\/v2\/types\/post"}],"author":[{"embeddable":true,"href":"https:\/\/www.europesays.com\/fr\/wp-json\/wp\/v2\/users\/2"}],"replies":[{"embeddable":true,"href":"https:\/\/www.europesays.com\/fr\/wp-json\/wp\/v2\/comments?post=1064990"}],"version-history":[{"count":0,"href":"https:\/\/www.europesays.com\/fr\/wp-json\/wp\/v2\/posts\/1064990\/revisions"}],"wp:featuredmedia":[{"embeddable":true,"href":"https:\/\/www.europesays.com\/fr\/wp-json\/wp\/v2\/media\/1064991"}],"wp:attachment":[{"href":"https:\/\/www.europesays.com\/fr\/wp-json\/wp\/v2\/media?parent=1064990"}],"wp:term":[{"taxonomy":"category","embeddable":true,"href":"https:\/\/www.europesays.com\/fr\/wp-json\/wp\/v2\/categories?post=1064990"},{"taxonomy":"post_tag","embeddable":true,"href":"https:\/\/www.europesays.com\/fr\/wp-json\/wp\/v2\/tags?post=1064990"}],"curies":[{"name":"wp","href":"https:\/\/api.w.org\/{rel}","templated":true}]}}