{"id":1065049,"date":"2026-07-14T23:30:22","date_gmt":"2026-07-14T23:30:22","guid":{"rendered":"https:\/\/www.europesays.com\/fr\/1065049\/"},"modified":"2026-07-14T23:30:22","modified_gmt":"2026-07-14T23:30:22","slug":"mission-jeanne-darc-le-dixmude-et-laconit-de-retour-a-toulon","status":"publish","type":"post","link":"https:\/\/www.europesays.com\/fr\/1065049\/","title":{"rendered":"Mission Jeanne d\u2019Arc : le Dixmude et l\u2019Aconit de retour \u00e0 Toulon"},"content":{"rendered":"<p>\n      Apr\u00e8s cinq mois d\u2019un d\u00e9ploiement dont le programme a \u00e9t\u00e9 boulevers\u00e9 par la guerre au Moyen-Orient, le groupe amphibie assurant la 17\u00e8me \u00e9dition de mission Jeanne d\u2019Arc a retrouv\u00e9 la base navale de Toulon le 14 juillet. \u00c0 son bord, pr\u00e8s de 800 militaires, dont 162 officiers \u00e9l\u00e8ves.\n    <\/p>\n<p>Au moment o\u00f9 pr\u00e8s de 6700 militaires, 315 v\u00e9hicules et 131 a\u00e9ronefs s\u2019appr\u00eataient \u00e0 descendre les Champs \u00c9lys\u00e9es dans le cadre du d\u00e9fil\u00e9 du 14 juillet, le groupe Jeanne d\u2019Arc a, lui, travers\u00e9 la rade de Toulon, la fr\u00e9gate Aconit rendant les honneurs au canon de salut. \u00c9quipages, \u00e9l\u00e8ves et soldats au poste de bande, le porte-h\u00e9licopt\u00e8res amphibie Dixmude a gagn\u00e9 les appontements Milhaud, o\u00f9 les familles des militaires attendaient avec impatience leurs proches, partis il y a cinq mois.\u00a0<\/p>\n<p>\u00a0<\/p>\n<p>\u00a0<\/p>\n<p>\u00a0<\/p>\n<p>      Le Dixmude arrivant \u00e0 Toulon.\u00a0<\/p>\n<p>\u00a0<\/p>\n<p>      L&rsquo;Aconit arrivant \u00e0 Toulon.\u00a0<\/p>\n<p>\u00a0<\/p>\n<p>\u00a0<\/p>\n<p>\u00a0<\/p>\n<p>Le Dixmude et l&rsquo;Aconit de retour \u00e0 Toulon le 14 juillet. <\/p>\n<p>\u00a0<\/p>\n<p>\u00a0<\/p>\n<p>\u00a0<\/p>\n<p>L&rsquo;arriv\u00e9e du Dixmude \u00e0 la base navale de Toulon, o\u00f9 les familles ont accueilli les marins et soldats apr\u00e8s cinq mois d&rsquo;absence. <\/p>\n<p>\u00a0<\/p>\n<p>      Le radier du Dixmude avec des v\u00e9hicules du groupe tactique embarqu\u00e9 de l&rsquo;arm\u00e9e de Terre.\u00a0<\/p>\n<p>\u00a0<\/p>\n<p>      Les marins retrouvant leurs proches.\u00a0<\/p>\n<p>\u00a0<\/p>\n<p>C\u2019est le 17 f\u00e9vrier dernier que le groupe amphibie avait quitt\u00e9 Toulon pour cette nouvelle \u00e9dition de la mission Jeanne d\u2019Arc, d\u00e9ploiement annuel ayant succ\u00e9d\u00e9 aux campagnes d\u2019application de l\u2019ancien porte-h\u00e9licopt\u00e8res Jeanne d\u2019Arc, qui fut de 1964 \u00e0 2010 le principal b\u00e2timent \u00e9cole de la Marine nationale. La mission \u00e9ponyme, qui a d\u00e9but\u00e9 en 2010, a repris ces fonctions de formation \u00e0 la mer des jeunes officiers, en particulier ceux de l\u2019\u00c9cole navale, les \u00ab\u00a0Bordaches\u00a0\u00bb, qui vivent l\u00e0 leur premier d\u00e9ploiement lointain et de longue dur\u00e9e, dans un cadre interarm\u00e9es et international. Car le PHA et la fr\u00e9gate de la classe La Fayette mobilis\u00e9s chaque ann\u00e9e ont \u00e9galement pour but, parall\u00e8lement \u00e0 leur r\u00f4le d\u2019\u00e9cole embarqu\u00e9e, de servir de moyens pr\u00e9positionn\u00e9s dans des zones d\u2019int\u00e9r\u00eat strat\u00e9gique. Ils permettent aussi de renforcer la pr\u00e9sence navale de la France dans ses territoires ultramarins et de fortifier la coop\u00e9ration avec les pays riverains des r\u00e9gions travers\u00e9es.\u00a0<\/p>\n<p>Au total, ce sont pr\u00e8s de 800 militaires, comprenant 515 marins dont 162 officiers-\u00e9l\u00e8ves, et 160 soldats de l\u2019arm\u00e9e de Terre qui ont particip\u00e9 \u00e0 la mission Jeanne d\u2019Arc 2026. Celle-ci a \u00e9t\u00e9 ponctu\u00e9e de six grands exercices et onze escales, le programme ayant \u00e9t\u00e9 modifi\u00e9 en mars suite au d\u00e9clenchement de l\u2019op\u00e9ration militaire am\u00e9ricano-isra\u00e9lienne contre l\u2019Iran. Le Dixmude et l\u2019Aconit, qui devaient initialement \u00e9voluer jusqu\u2019en Asie, sont finalement, apr\u00e8s leur passage mer Rouge et \u00e0 l\u2019ouest de l\u2019oc\u00e9an Indien, <a href=\"https:\/\/www.meretmarine.com\/fr\/defense\/le-groupe-jeanne-d-arc-de-retour-en-mediterranee-0\" target=\"_blank\" rel=\"nofollow noopener\">pass\u00e9s en Atlantique pour naviguer vers l\u2019Am\u00e9rique Latine, les Cara\u00efbes et l\u2019Am\u00e9rique du Nord<\/a>.\u00a0<\/p>\n<p>\u00a0<\/p>\n<p>      Les quais toulonnais se sont regarnis, notamment suite au retour du groupe a\u00e9ronaval puis de la mission Jeanne d&rsquo;Arc.\u00a0<\/p>\n<p>\u00a0<\/p>\n<p>Le retour \u00e0 Toulon du Dixmude et de l\u2019Aconit regarnit un peu plus les quais de la base navale varoise, <a href=\"https:\/\/www.meretmarine.com\/fr\/defense\/marine-nationale-quasiment-toute-la-flotte-de-surface-francaise-est-desormais-en-mer\" target=\"_blank\" rel=\"nofollow noopener\">qui \u00e9taient quasiment vides au mois de mars compte tenu des nombreuses missions et op\u00e9rations en cours \u00e0 ce moment-l\u00e0<\/a>. Trois jours plus t\u00f4t, le 11 juillet, <a href=\"https:\/\/www.meretmarine.com\/fr\/defense\/le-porte-avions-charles-de-gaulle-est-rentre-a-toulon-fin-de-la-mission-la-fayette-2026\" target=\"_blank\" rel=\"nofollow noopener\">c\u2019est le groupe a\u00e9ronaval, avec le porte-avions Charles de Gaulle, la fr\u00e9gate de d\u00e9fense a\u00e9rienne Chevalier Paul, la fr\u00e9gate multi-missions Alsace et le b\u00e2timent ravitailleur de forces Jacques Chevallier, qui \u00e9tait rentr\u00e9 apr\u00e8s 166 jours de d\u00e9ploiement dans le cadre de la mission La Fayette.\u00a0<\/a><\/p>\n<p><strong>\u00a9 Un article de la r\u00e9daction de Mer et Marine.\u00a0Reproduction interdite sans consentement du ou des auteurs.\u00a0<\/strong><\/p>\n<p>\u00a0<\/p>\n","protected":false},"excerpt":{"rendered":"Apr\u00e8s cinq mois d\u2019un d\u00e9ploiement dont le programme a \u00e9t\u00e9 boulevers\u00e9 par la guerre au Moyen-Orient, le groupe&hellip;\n","protected":false},"author":2,"featured_media":1065050,"comment_status":"","ping_status":"","sticky":false,"template":"","format":"standard","meta":{"footnotes":"","_share_on_mastodon":"0"},"categories":[9619],"tags":[1111,11,6130,6141,6131,6138,2380,6135,554,1777,6136,674,1011,27,6139,6134,3135,6128,567,6129,6127,12,6132,4838,882,6133,25,6140,6137,2310],"class_list":["post-1065049","post","type-post","status-publish","format-standard","has-post-thumbnail","category-toulon","tag-actu","tag-actualites","tag-chantiers","tag-commando","tag-construction-navale","tag-costa","tag-croisiere","tag-dcns","tag-defense","tag-eu","tag-euronaval","tag-europe","tag-fr","tag-france","tag-fremm","tag-interviews","tag-littoral","tag-marine","tag-marine-nationale","tag-maritime","tag-mer","tag-news","tag-offshore","tag-peche","tag-provence-alpes-cote-dazur","tag-reportages","tag-republique-francaise","tag-sncm","tag-stx","tag-toulon"],"share_on_mastodon":{"url":"https:\/\/pubeurope.com\/@fr\/116920937751154736","error":""},"_links":{"self":[{"href":"https:\/\/www.europesays.com\/fr\/wp-json\/wp\/v2\/posts\/1065049","targetHints":{"allow":["GET"]}}],"collection":[{"href":"https:\/\/www.europesays.com\/fr\/wp-json\/wp\/v2\/posts"}],"about":[{"href":"https:\/\/www.europesays.com\/fr\/wp-json\/wp\/v2\/types\/post"}],"author":[{"embeddable":true,"href":"https:\/\/www.europesays.com\/fr\/wp-json\/wp\/v2\/users\/2"}],"replies":[{"embeddable":true,"href":"https:\/\/www.europesays.com\/fr\/wp-json\/wp\/v2\/comments?post=1065049"}],"version-history":[{"count":0,"href":"https:\/\/www.europesays.com\/fr\/wp-json\/wp\/v2\/posts\/1065049\/revisions"}],"wp:featuredmedia":[{"embeddable":true,"href":"https:\/\/www.europesays.com\/fr\/wp-json\/wp\/v2\/media\/1065050"}],"wp:attachment":[{"href":"https:\/\/www.europesays.com\/fr\/wp-json\/wp\/v2\/media?parent=1065049"}],"wp:term":[{"taxonomy":"category","embeddable":true,"href":"https:\/\/www.europesays.com\/fr\/wp-json\/wp\/v2\/categories?post=1065049"},{"taxonomy":"post_tag","embeddable":true,"href":"https:\/\/www.europesays.com\/fr\/wp-json\/wp\/v2\/tags?post=1065049"}],"curies":[{"name":"wp","href":"https:\/\/api.w.org\/{rel}","templated":true}]}}