{"id":106505,"date":"2025-05-17T08:11:10","date_gmt":"2025-05-17T08:11:10","guid":{"rendered":"https:\/\/www.europesays.com\/fr\/106505\/"},"modified":"2025-05-17T08:11:10","modified_gmt":"2025-05-17T08:11:10","slug":"christine-bost-bordeaux-metropole-jai-deja-fait-valoir-la-lettre-de-garantie-aupres-de-gerard-lopez-et-de-jogo-bonito","status":"publish","type":"post","link":"https:\/\/www.europesays.com\/fr\/106505\/","title":{"rendered":"Christine Bost (Bordeaux M\u00e9tropole) : \u00ab\u00a0J&rsquo;ai d\u00e9j\u00e0 fait valoir la lettre de garantie aupr\u00e8s de G\u00e9rard Lopez et de Jogo Bonito\u00a0\u00bb"},"content":{"rendered":"<p><img decoding=\"async\" src=\"https:\/\/www.europesays.com\/fr\/wp-content\/uploads\/2025\/05\/671_45c6a6cb848cbbcf7e249b2ec1c99049.jpg\" alt=\"Christine Bost (Bordeaux M\u00e9tropole) : &quot;J'ai d\u00e9j\u00e0 fait valoir la lettre de garantie aupr\u00e8s de G\u00e9rard Lopez et de Jogo Bonito&quot;\" class=\"img-responsive mt-3\"\/><\/p>\n<p class=\"text-center mb-3\" style=\"font-size: 14px\">\u00a9 Iconsport<\/p>\n<p>      <strong>\u201cJe fais valoir les int\u00e9r\u00eats de la M\u00e9tropole\u201d<\/strong><\/p>\n<p style=\"text-align: justify;\">\u00a0<\/p>\n<p style=\"text-align: justify;\">La pr\u00e9sidente de la M\u00e9tropole, Christine Bost, passe \u00e0 l\u2019offensive et monte au cr\u00e9neau en actionnant la lettre de garantie fournie par G\u00e9rard Lopez, comme <a href=\"https:\/\/www.lequipe.fr\/Football\/Actualites\/-je-dois-preserver-nos-interets-gerard-lopez-tance-par-la-presidente-de-bordeaux-metropole\/1562164\" target=\"_blank\" rel=\"noopener nofollow\">le rapporte L\u2019\u00c9quipe<\/a>. Elle s&rsquo;est exprim\u00e9e devant les m\u00e9dias ce verdredi matin. Elle dit ne pas \u00eatre satisfaite par la proposition de remboursement de la dette formul\u00e9e par le club bordelais.<\/p>\n<p style=\"text-align: justify;\"><a href=\"https:\/\/www.webgirondins.com\/actualite-girondins-dette-girondins-bordeaux-metropole-et-la-mairie-de-bordeaux-devraient-refuser-le-plan-de-remboursement-de-leur-creance-129083\" target=\"_blank\" rel=\"noopener nofollow\">Comme indiqu\u00e9 par WebGirondins hier<\/a>, Bordeaux M\u00e9tropole s&rsquo;oppose \u00e0 la proposition du club pour le remboursement de sa dette. De plus elle va aussi faire jouer la lettre de garientie de Jogo Bonito pour recouvrer la somme de 20M\u20ac correspondant \u00e0 la dette du club envers la collectivit\u00e9.<\/p>\n<p style=\"text-align: justify;\">Chistine Bost en conf\u00e9rence de presse : \u201cLa proposition d&rsquo;\u00e9crasement de la dette due \u00e0 la M\u00e9tropole (90 % sur les 20 M\u20ac) n&rsquo;est pas acceptable pour une gestionnaire des fonds publics. J&rsquo;ai d\u00e9j\u00e0 fait valoir la lettre de garantie aupr\u00e8s de G\u00e9rard Lopez et de Jogo Bonito. Je fais valoir les int\u00e9r\u00eats de la M\u00e9tropole.\u201d<\/p>\n<p style=\"text-align: justify;\">En conf\u00e9rence de presse, elle pousse le propri\u00e9taire du club \u00e0 prouver son engagement : \u201cC&rsquo;est aujourd&rsquo;hui que l&rsquo;engagement doit faire ses preuves.\u201d<\/p>\n<p style=\"text-align: justify;\">Dans la foul\u00e9e de cette d\u00e9cision, un \u00e9change important doit se tenir entre la M\u00e9tropole et la direction bordelaise concernant la dette du club envers la collectivit\u00e9. <\/p>\n<blockquote class=\"twitter-tweet\">\n<p dir=\"ltr\" lang=\"fr\">:red_circle: Christine Bost, Pr\u00e9sidente de <a href=\"https:\/\/twitter.com\/BxMetro?ref_src=twsrc%5Etfw\" rel=\"nofollow noopener\" target=\"_blank\">@BxMetro<\/a> a annonc\u00e9 en conf\u00e9rence de presse ce vendredi que la lettre de garantie des loyers fournie par Jogo Bonito pour les <a href=\"https:\/\/twitter.com\/hashtag\/Girondins?src=hash&amp;ref_src=twsrc%5Etfw\" rel=\"nofollow noopener\" target=\"_blank\">#Girondins<\/a> de <a href=\"https:\/\/twitter.com\/hashtag\/Bordeaux?src=hash&amp;ref_src=twsrc%5Etfw\" rel=\"nofollow noopener\" target=\"_blank\">#Bordeaux<\/a> a \u00e9t\u00e9 actionn\u00e9e pour le paiement des loyers du stade Atlantique.<br \/>La dette du club est de 20M\u20ac :stadium:\ufe0f<\/p>\n<p>\u2014 WebGirondins (@webgirondins) <a href=\"https:\/\/twitter.com\/webgirondins\/status\/1923318326102524187?ref_src=twsrc%5Etfw\" rel=\"nofollow noopener\" target=\"_blank\">May 16, 2025<\/a>\n<\/p><\/blockquote>\n<p>\u00a0<\/p>\n<p>\u00c0 lire aussi &gt;&gt; <strong><a href=\"https:\/\/www.webgirondins.com\/actualite-girondins-girondins-les-politiques-a-bordeaux-vont-devoir-aussi-prendre-leurs-responsabilites-129074\" target=\"_blank\" rel=\"noopener nofollow\">Girondins : \u00ab\u00a0Les politiques \u00e0 Bordeaux vont devoir aussi prendre leurs responsabilit\u00e9s\u00a0\u00bb<\/a><\/strong><\/p>\n<p>Notre podcast court \u00e0 \u00e9couter :<\/p>\n<p>\u00a0<\/p>\n<p>R\u00e9\u00e9dition article du 16 mai 2025.<\/p>\n<p>    <script async src=\"https:\/\/platform.twitter.com\/widgets.js\" charset=\"utf-8\"><\/script><\/p>\n","protected":false},"excerpt":{"rendered":"\u00a9 Iconsport \u201cJe fais valoir les int\u00e9r\u00eats de la M\u00e9tropole\u201d \u00a0 La pr\u00e9sidente de la M\u00e9tropole, Christine Bost,&hellip;\n","protected":false},"author":2,"featured_media":87621,"comment_status":"","ping_status":"","sticky":false,"template":"","format":"standard","meta":{"footnotes":""},"categories":[9],"tags":[3683,22343,8851,22345,1997,19926,19925,1442,10153,21,1011,27,22347,22342,8294,1987,22344,22341,8295,22348,2800,22346,17050,5242,22349,104,60,2858,22340],"class_list":{"0":"post-106505","1":"post","2":"type-post","3":"status-publish","4":"format-standard","5":"has-post-thumbnail","7":"category-sports","8":"tag-alors","9":"tag-aupres","10":"tag-avait","11":"tag-bonito","12":"tag-bordeaux","13":"tag-bost","14":"tag-christine","15":"tag-deja","16":"tag-elus","17":"tag-fait","18":"tag-fr","19":"tag-france","20":"tag-garanti","21":"tag-garantie","22":"tag-gerard","23":"tag-girondins","24":"tag-jogo","25":"tag-lettre","26":"tag-lopez","27":"tag-loyers","28":"tag-metropole","29":"tag-offensive","30":"tag-paiement","31":"tag-passe","32":"tag-reclament","33":"tag-societe","34":"tag-sports","35":"tag-stade","36":"tag-valoir"},"share_on_mastodon":{"url":"https:\/\/pubeurope.com\/@fr\/114522166642425859","error":""},"_links":{"self":[{"href":"https:\/\/www.europesays.com\/fr\/wp-json\/wp\/v2\/posts\/106505","targetHints":{"allow":["GET"]}}],"collection":[{"href":"https:\/\/www.europesays.com\/fr\/wp-json\/wp\/v2\/posts"}],"about":[{"href":"https:\/\/www.europesays.com\/fr\/wp-json\/wp\/v2\/types\/post"}],"author":[{"embeddable":true,"href":"https:\/\/www.europesays.com\/fr\/wp-json\/wp\/v2\/users\/2"}],"replies":[{"embeddable":true,"href":"https:\/\/www.europesays.com\/fr\/wp-json\/wp\/v2\/comments?post=106505"}],"version-history":[{"count":0,"href":"https:\/\/www.europesays.com\/fr\/wp-json\/wp\/v2\/posts\/106505\/revisions"}],"wp:featuredmedia":[{"embeddable":true,"href":"https:\/\/www.europesays.com\/fr\/wp-json\/wp\/v2\/media\/87621"}],"wp:attachment":[{"href":"https:\/\/www.europesays.com\/fr\/wp-json\/wp\/v2\/media?parent=106505"}],"wp:term":[{"taxonomy":"category","embeddable":true,"href":"https:\/\/www.europesays.com\/fr\/wp-json\/wp\/v2\/categories?post=106505"},{"taxonomy":"post_tag","embeddable":true,"href":"https:\/\/www.europesays.com\/fr\/wp-json\/wp\/v2\/tags?post=106505"}],"curies":[{"name":"wp","href":"https:\/\/api.w.org\/{rel}","templated":true}]}}