{"id":106506,"date":"2025-05-17T08:12:08","date_gmt":"2025-05-17T08:12:08","guid":{"rendered":"https:\/\/www.europesays.com\/fr\/106506\/"},"modified":"2025-05-17T08:12:08","modified_gmt":"2025-05-17T08:12:08","slug":"quelles-sont-vraiment-les-chances-de-la-france-avec-louane","status":"publish","type":"post","link":"https:\/\/www.europesays.com\/fr\/106506\/","title":{"rendered":"quelles sont vraiment les chances de la France avec Louane ?"},"content":{"rendered":"<p><strong>D\u00c9CRYPTAGE<\/strong> &#8211; Avec sa chanson Maman, la chanteuse de 28 ans caracole dans le Top 3 des bookmakers du concours qui se tient ce samedi soir \u00e0 B\u00e2le, en Suisse. Explications.<\/p>\n<p class=\"fig-paragraph\">.Troisi\u00e8me dans le classement des bookmakers,\u00a0<a href=\"http:\/\/tvmag.lefigaro.fr\/programme-tv\/people\/eurovision-premiere-repetition-sur-scene-pour-louane-20250509\" target=\"_blank\" data-fig-type=\"Article\" rel=\"noopener\" data-gtm-custom-categorie=\"navigation\" data-gtm-custom-action=\"crossclick\" data-gtm-custom-label=\"Contextuel\" data-gtm-event=\"customEventSPE\" data-fig-domain=\"TVMAG\"><strong>Louane<\/strong><\/a> \u00a0compte parmi les favoris de l\u2019Eurovision 2025. \u00ab\u200aSa chanson Maman peut jouer sur la corde sensible, estime Beno\u00eet Blaszczyk, secr\u00e9taire g\u00e9n\u00e9ral des Eurofans fran\u00e7ais. On n\u2019attend pas forc\u00e9ment des boom, boom, tralala. Par ailleurs, maman est un mot que toute l\u2019Europe peut comprendre facilement\u00a0\u00bb. Dans ce registre, le Portugais<a href=\"https:\/\/tvmag.lefigaro.fr\/programme-tv\/salvador-sobral-vainqueur-de-l-eurovision-2017-a-recu-une-greffe-du-coeur_f71132f0-de52-11e7-9511-98d62490889b\" target=\"_blank\" data-fig-type=\"Article\" rel=\"noopener\" data-gtm-custom-categorie=\"navigation\" data-gtm-custom-action=\"crossclick\" data-gtm-custom-label=\"Contextuel\" data-gtm-event=\"customEventSPE\" data-fig-domain=\"TVMAG\">\u00a0Salvador Sobral avait \u00e9mu le public en 2017<\/a>, avec Amar pelois dois. Cet artiste, en attente d\u2019une greffe de c\u0153ur \u00e0 l\u2019\u00e9poque, l\u2019avait finalement emport\u00e9, d\u00e9jouant ainsi les pronostics. Avant la soir\u00e9e, il \u00e9tait seulement cinqui\u00e8me chez les bookmakers.<\/p>\n<p class=\"fig-paragraph\">En enregistrant une version anglaise de son morceau Maman (un hommage \u00e0 sa m\u00e8re Isabel d\u00e9c\u00e9d\u00e9e d\u2019un cancer en 2014), Louane a confirm\u00e9 son Top 3 chez les bookmakers. Et sa premi\u00e8re r\u00e9p\u00e9tition \u00e0 B\u00e2le, la semaine derni\u00e8re, sous une temp\u00eate de sable dor\u00e9e, n\u2019a pas fragilis\u00e9 ce classement.<\/p>\n<p>    <a href=\"https:\/\/photo.lefigaro.fr\/programme-tv\/actu-tele\/eurovision-2025-les-images-de-la-prestation-de-louane-a-bale-20250516\" target=\"_blank\" rel=\"noopener\"><\/p>\n<p class=\"fig-slideshow__title\">\n                    Eurovision 2025\u00a0: les images de la prestation de Louane \u00e0 B\u00e2le\n                <\/p>\n<p>Acc\u00e9der au diaporama (10)<\/p>\n<p>    <\/a><\/p>\n<p class=\"fig-paragraph\">Louane semble aussi participer \u00e0 son propre lobbying. Bien ancr\u00e9e dans son \u00e9poque, l\u2019artiste de 28 ans multiplie, sur les r\u00e9seaux sociaux, des vid\u00e9os \u00e0 destination des Eurofans, comme cette reprise de Tatoo, une chanson de la tr\u00e8s populaire et double-gagnante de l\u2019Eurovision, la Su\u00e9doise Loreen. Cette vid\u00e9o, r\u00e9alis\u00e9e d\u00e8s son arriv\u00e9e dans sa chambre d\u2019h\u00f4tel \u00e0 B\u00e2le, a d\u00e9pass\u00e9 le million de vues.<\/p>\n<p class=\"fig-paragraph\">Elle a \u00e9galement r\u00e9interpr\u00e9t\u00e9 Ne partez pas sans moi, chanson avec laquelle\u00a0<a href=\"http:\/\/tvmag.lefigaro.fr\/programme-tv\/actu-tele\/si-elle-voit-ca-celine-dion-ne-va-pas-venir-anne-elisabeth-lemoine-hilare-face-a-la-mascotte-de-l-eurovision-2025-20250509\" target=\"_blank\" data-fig-type=\"Article\" rel=\"noopener\" data-gtm-custom-categorie=\"navigation\" data-gtm-custom-action=\"crossclick\" data-gtm-custom-label=\"Contextuel\" data-gtm-event=\"customEventSPE\" data-fig-domain=\"TVMAG\">C\u00e9line Dion<\/a>\u00a0avait remport\u00e9 le concours de l\u2019Eurovision pour la Suisse en 1988. Une vid\u00e9o, visionn\u00e9e plus de 300.000 fois, qui fait aussi \u00e9cho aux rumeurs de plus en plus insistantes qui annoncent la venue exceptionnelle de la chanteuse sur la sc\u00e8ne de la Halle Saint Jacques samedi.<\/p>\n<p class=\"fig-paragraph\">\u00ab\u200aTout se joue au d\u00e9tail \u00e0 l\u2019Eurovision\u00bb, explique Bruno Berberes, ancien membre de la d\u00e9l\u00e9gation fran\u00e7aise qui a rep\u00e9r\u00e9 Louane alors qu\u2019elle \u00e9tait une fillette. C\u2019est gr\u00e2ce \u00e0 ce directeur de casting qu\u2019elle participera \u00e0 la deuxi\u00e8me saison de \u00abThe Voice\u00bb en 2013, t\u00e9l\u00e9crochet qui la r\u00e9v\u00e8le au grand public. \u00abSi le public comprend le message du morceau et est attendri par la voix de la fille de Louane \u00e0 la fin, c\u2019est gagn\u00e9.\u200a\u00bb<\/p>\n<blockquote class=\"fig-quote&#10;    \">\n<p class=\"fig-quote__text\">\u00ab La France m\u00e9riterait d\u2019\u00eatre r\u00e9compens\u00e9e pour son travail et son enthousiasme\u00a0\u00bb<\/p>\n<p>            Nicolas Tanner, commentateur de l\u2019Eurovision pour la Suisse\n    <\/p><\/blockquote>\n<p class=\"fig-paragraph\">\u00abOn serait ravis de redonner le troph\u00e9e \u00e0 la France\u00bb, estime Nicolas Tanner qui commente l\u2019Eurovision pour la Suisse depuis dix-huit ans sur la RTS. \u00abDepuis des ann\u00e9es, la France fait beaucoup d\u2019efforts et je trouve qu\u2019elle m\u00e9riterait d\u2019\u00eatre r\u00e9compens\u00e9e pour son travail et son enthousiasme\u00bb, ajoute-t-il. \u00abIl y a un travail de fond qui se fait, avec la d\u00e9l\u00e9gation, les artistes\u00bb, compl\u00e8te son acolyte Jean-Marc Richard, star de la t\u00e9l\u00e9 en Suisse.<\/p>\n<p class=\"fig-paragraph\">L\u2019an pass\u00e9, Slimane n\u2019a pas d\u00e9m\u00e9rit\u00e9 en atteignant la quatri\u00e8me place avec son titre Mon amour.<\/p>\n<p>\u00a0\u00bb<br \/>\n        data-script=\u00a0\u00bbhttps:\/\/static.lefigaro.fr\/widget-video\/short-ttl\/video\/index.js\u00a0\u00bb<br \/>\n    &gt;<\/p>\n","protected":false},"excerpt":{"rendered":"D\u00c9CRYPTAGE &#8211; Avec sa chanson Maman, la chanteuse de 28 ans caracole dans le Top 3 des bookmakers&hellip;\n","protected":false},"author":2,"featured_media":106507,"comment_status":"","ping_status":"","sticky":false,"template":"","format":"standard","meta":{"footnotes":""},"categories":[8],"tags":[497,496,499,58,59,2399,1011,27,4501,500,504,505,495,503,502,501,498],"class_list":{"0":"post-106506","1":"post","2":"type-post","3":"status-publish","4":"format-standard","5":"has-post-thumbnail","7":"category-divertissement","8":"tag-actu-tv","9":"tag-actualite-tv","10":"tag-buzz-tv","11":"tag-divertissement","12":"tag-entertainment","13":"tag-eurovision","14":"tag-fr","15":"tag-france","16":"tag-louane","17":"tag-medias","18":"tag-news-tele","19":"tag-news-television","20":"tag-news-tv","21":"tag-programme-tele","22":"tag-programme-tv","23":"tag-quiz-tv","24":"tag-tv-actu"},"share_on_mastodon":{"url":"https:\/\/pubeurope.com\/@fr\/114522170596426978","error":""},"_links":{"self":[{"href":"https:\/\/www.europesays.com\/fr\/wp-json\/wp\/v2\/posts\/106506","targetHints":{"allow":["GET"]}}],"collection":[{"href":"https:\/\/www.europesays.com\/fr\/wp-json\/wp\/v2\/posts"}],"about":[{"href":"https:\/\/www.europesays.com\/fr\/wp-json\/wp\/v2\/types\/post"}],"author":[{"embeddable":true,"href":"https:\/\/www.europesays.com\/fr\/wp-json\/wp\/v2\/users\/2"}],"replies":[{"embeddable":true,"href":"https:\/\/www.europesays.com\/fr\/wp-json\/wp\/v2\/comments?post=106506"}],"version-history":[{"count":0,"href":"https:\/\/www.europesays.com\/fr\/wp-json\/wp\/v2\/posts\/106506\/revisions"}],"wp:featuredmedia":[{"embeddable":true,"href":"https:\/\/www.europesays.com\/fr\/wp-json\/wp\/v2\/media\/106507"}],"wp:attachment":[{"href":"https:\/\/www.europesays.com\/fr\/wp-json\/wp\/v2\/media?parent=106506"}],"wp:term":[{"taxonomy":"category","embeddable":true,"href":"https:\/\/www.europesays.com\/fr\/wp-json\/wp\/v2\/categories?post=106506"},{"taxonomy":"post_tag","embeddable":true,"href":"https:\/\/www.europesays.com\/fr\/wp-json\/wp\/v2\/tags?post=106506"}],"curies":[{"name":"wp","href":"https:\/\/api.w.org\/{rel}","templated":true}]}}