{"id":1065090,"date":"2026-07-14T23:58:15","date_gmt":"2026-07-14T23:58:15","guid":{"rendered":"https:\/\/www.europesays.com\/fr\/1065090\/"},"modified":"2026-07-14T23:58:15","modified_gmt":"2026-07-14T23:58:15","slug":"des-affrontements-violents-un-homme-blesse-par-balle-soiree-agitee-a-lyon-apres-la-defaite-des-bleus","status":"publish","type":"post","link":"https:\/\/www.europesays.com\/fr\/1065090\/","title":{"rendered":"Des affrontements violents, un homme bless\u00e9 par balle&#8230; Soir\u00e9e agit\u00e9e \u00e0 Lyon apr\u00e8s la d\u00e9faite des Bleus"},"content":{"rendered":"<p>                    Par<br \/>\n        <strong><br \/>\n            <a href=\"https:\/\/actu.fr\/auteur\/nicolas-zaugra\" title=\"Consulter tous les articles de Nicolas Zaugra\" rel=\"nofollow noopener\" target=\"_blank\">Nicolas Zaugra<\/a><br \/>\n                    <\/strong><\/p>\n<p>        Publi\u00e9 le<\/p>\n<p>            15 juil. 2026 \u00e0 1h15<br \/>\n        ; mis \u00e0 jour le 15 juil. 2026 \u00e0 1h23    <\/p>\n<p>Fin de match et de <a href=\"https:\/\/actu.fr\/auvergne-rhone-alpes\/lyon_69123\/feu-d-artifice-du-14-juillet-a-lyon-le-spectacle-maintenu-malgre-la-secheresse-la-mairie-a-tranche_64522035.html\" rel=\"nofollow noopener\" target=\"_blank\">feu d\u2019artifice<\/a> tendu dans le centre-ville de <a href=\"https:\/\/actu.fr\/auvergne-rhone-alpes\/lyon_69123\" rel=\"nofollow noopener\" target=\"_blank\">Lyon<\/a> ce mardi 14 juillet. Apr\u00e8s le traditionnel feu tir\u00e9 depuis Fourvi\u00e8re et la <a href=\"https:\/\/actu.fr\/sports\/football\/france-espagne-qui-atteindra-la-finale-suivez-la-demi-finale-de-prestige-en-direct_64539919.html\" rel=\"nofollow noopener\" target=\"_blank\">d\u00e9faite des Bleus face \u00e0 l\u2019Espagne en demi-finale de Coupe du monde<\/a>, les deux \u00e9v\u00e9nements se sont termin\u00e9s quasi en m\u00eame temps, des tensions ont \u00e9clat\u00e9 dans la ville.<\/p>\n<p class=\" wall-content\">Alors que la foule quittait le secteur des quais de Sa\u00f4ne pour rejoindre Bellecour, notamment le m\u00e9tro, des tensions ont \u00e9clat\u00e9 dans le secteur entre jeunes et forces de l\u2019ordre, a constat\u00e9 actu Lyon sur place.<\/p>\n<p>Tirs de mortiers vers la police, gaz lacrymog\u00e8ne\u2026<\/p>\n<p class=\" wall-content\">Des groupes mobiles de jeunes ont tir\u00e9 des feux d\u2019artifices en l\u2019air apr\u00e8s le match, mais aussi pour certains en visant les forces de l\u2019ordre positionn\u00e9es tout autour de la place. Des tirs de mortiers ont aussi touch\u00e9 les compagnies d\u00e9partementales d\u2019intervention et des compagnies r\u00e9publicaines de s\u00e9curit\u00e9, dont la CRS 83, selon la pr\u00e9fecture du Rh\u00f4ne.<\/p>\n<p class=\" wall-content\">La police a d\u00fb faire usage \u00e0 plusieurs reprises de gaz lacrymog\u00e8ne pour disperser les individus de la place Bellecour, rue de la R\u00e9publique et rue de la Barre. Du gaz lacrymog\u00e8ne a aussi \u00e9t\u00e9 tir\u00e9, en r\u00e9action \u00e0 des tirs de mortiers, dans la station de m\u00e9tro qui a \u00e9t\u00e9 ferm\u00e9e toute la soir\u00e9e.<\/p>\n<p class=\" wall-content\">Des poubelles ont \u00e9galement \u00e9t\u00e9 incendi\u00e9es. <strong>Quatre personnes ont \u00e9t\u00e9 interpell\u00e9es<\/strong> pour jets de projectiles et de mortiers, selon un bilan apr\u00e8s minuit. L\u2019un des suspects avait des \u00ab\u00a0engins incendiaires\u00a0\u00bb sur lui, selon une source s\u00e9curitaire.<\/p>\n<p class=\" wall-content\">\u00ab\u00a0Les op\u00e9rations se poursuivent et les groupes \u00e0 risque sont syst\u00e9matiquement dispers\u00e9s et les auteurs de violence interpell\u00e9s\u00a0\u00bb, indique la pr\u00e9fecture dans un tweet \u00e0 1h du matin.<\/p>\n<p class=\" wall-content\">\n<p>Un bless\u00e9 par balle \u00e0 la Guilloti\u00e8re<\/p>\n<p class=\" wall-content\">En plus de ces violences en Presqu\u2019\u00eele, un homme a \u00e9t\u00e9 bless\u00e9 par balles vers 23h alors que le match France-Espagne se terminait. Les faits ont eu lieu dans le quartier de la Guilloti\u00e8re (7\u1d49 arrondissement).\u00a0<\/p>\n<p class=\" wall-content\">Deux individus ont pris la fuite en trottinette et on ignore l\u2019\u00e9tat de sant\u00e9 de la victime et les motifs de l\u2019agression.\u00a0<\/p>\n<p class=\" wall-content\">Personnalisez votre actualit\u00e9 en ajoutant vos villes et m\u00e9dias en favori avec <a href=\"https:\/\/moncompte.actu.fr\" title=\"D\u00e9couvez Mon Actu\" rel=\"nofollow noopener\" data-trk=\"{&quot;cta&quot;:{&quot;action&quot;:&quot;https:\\\/\\\/moncompte.actu.fr&quot;,&quot;category&quot;:&quot;mon compte&quot;,&quot;from&quot;:&quot;article footer&quot;,&quot;name&quot;:&quot;Mon actu&quot;,&quot;type&quot;:&quot;cta&quot;}}\" target=\"_blank\">Mon Actu<\/a>.<\/p>\n","protected":false},"excerpt":{"rendered":"Par Nicolas Zaugra Publi\u00e9 le 15 juil. 2026 \u00e0 1h15 ; mis \u00e0 jour le 15 juil. 2026&hellip;\n","protected":false},"author":2,"featured_media":1065091,"comment_status":"","ping_status":"","sticky":false,"template":"","format":"standard","meta":{"footnotes":"","_share_on_mastodon":"0"},"categories":[1889],"tags":[1111,11,2430,5272,18833,1777,674,1011,27,2428,12,25,104,2949],"class_list":["post-1065090","post","type-post","status-publish","format-standard","has-post-thumbnail","category-lyon","tag-actu","tag-actualites","tag-auvergne-rhone-alpes","tag-bellecour","tag-coupe-du-monde-2026","tag-eu","tag-europe","tag-fr","tag-france","tag-lyon","tag-news","tag-republique-francaise","tag-societe","tag-violences"],"share_on_mastodon":{"url":"https:\/\/pubeurope.com\/@fr\/116921047781360465","error":""},"_links":{"self":[{"href":"https:\/\/www.europesays.com\/fr\/wp-json\/wp\/v2\/posts\/1065090","targetHints":{"allow":["GET"]}}],"collection":[{"href":"https:\/\/www.europesays.com\/fr\/wp-json\/wp\/v2\/posts"}],"about":[{"href":"https:\/\/www.europesays.com\/fr\/wp-json\/wp\/v2\/types\/post"}],"author":[{"embeddable":true,"href":"https:\/\/www.europesays.com\/fr\/wp-json\/wp\/v2\/users\/2"}],"replies":[{"embeddable":true,"href":"https:\/\/www.europesays.com\/fr\/wp-json\/wp\/v2\/comments?post=1065090"}],"version-history":[{"count":0,"href":"https:\/\/www.europesays.com\/fr\/wp-json\/wp\/v2\/posts\/1065090\/revisions"}],"wp:featuredmedia":[{"embeddable":true,"href":"https:\/\/www.europesays.com\/fr\/wp-json\/wp\/v2\/media\/1065091"}],"wp:attachment":[{"href":"https:\/\/www.europesays.com\/fr\/wp-json\/wp\/v2\/media?parent=1065090"}],"wp:term":[{"taxonomy":"category","embeddable":true,"href":"https:\/\/www.europesays.com\/fr\/wp-json\/wp\/v2\/categories?post=1065090"},{"taxonomy":"post_tag","embeddable":true,"href":"https:\/\/www.europesays.com\/fr\/wp-json\/wp\/v2\/tags?post=1065090"}],"curies":[{"name":"wp","href":"https:\/\/api.w.org\/{rel}","templated":true}]}}