{"id":106511,"date":"2025-05-17T08:15:10","date_gmt":"2025-05-17T08:15:10","guid":{"rendered":"https:\/\/www.europesays.com\/fr\/106511\/"},"modified":"2025-05-17T08:15:10","modified_gmt":"2025-05-17T08:15:10","slug":"leon-xiv-le-pape-dune-amerique-ou-le-catholicisme-recule","status":"publish","type":"post","link":"https:\/\/www.europesays.com\/fr\/106511\/","title":{"rendered":"L\u00e9on XIV, le pape d\u2019une Am\u00e9rique o\u00f9 le catholicisme recule"},"content":{"rendered":"<p><strong>ANALYSE<\/strong> &#8211; En baisse depuis vingt ans, mais maintenu \u00e0 flot par l\u2019immigration latine et asiatique, le catholicisme aux \u00c9tats-Unis reste le plus grand groupe religieux dans un pays o\u00f9 la chr\u00e9tient\u00e9 ne cesse de se fragmenter entre plusieurs ob\u00e9diences.<\/p>\n<p class=\"fig-paragraph\">Le pape est am\u00e9ricain, mais ce n\u2019est pas encore Donald Trump. Jusqu\u2019\u00e0 ce que soit prononc\u00e9 le nom de Robert Prevost en latin depuis la loggia de la place Saint-Pierre, la visite de\u00a0<a href=\"http:\/\/www.lefigaro.fr\/vox\/monde\/mathieu-bock-cote-jean-paul-ii-benoit-xvi-francois-et-l-europe-20250426\" data-fig-type=\"Article\" data-gtm-custom-categorie=\"navigation\" data-gtm-custom-action=\"crossclick\" data-gtm-custom-label=\"Contextuel\" data-gtm-event=\"customEventSPE\" data-fig-domain=\"LEFIGARO\" target=\"_blank\" rel=\"noopener\">Jean-Paul II<\/a>\u00a0et sa messe \u00e0 Grant Park en 1979 constituaient le plus bel \u00e9v\u00e9nement qu\u2019aient v\u00e9cu les catholiques de Chicago. Jusqu\u2019\u00e0 l\u2019\u00e9lection de L\u00e9on XIV, donc. C\u2019est ainsi que le quotidien Chicago Tribune a comment\u00e9 l\u2019\u00e9lection du nouveau souverain pontife, qui a grandi au 212 de la 141e rue de Dolton, banlieue perdue du sud de la ville venteuse.<\/p>\n<p class=\"fig-paragraph\">Plus grande ville de l\u2019Illinois,\u00a0<a href=\"http:\/\/www.lefigaro.fr\/international\/1960-quand-kennedy-est-elu-grace-a-la-fraude-et-a-la-pegre-de-chicago-20241101\" data-fig-type=\"Article\" data-gtm-custom-categorie=\"navigation\" data-gtm-custom-action=\"crossclick\" data-gtm-custom-label=\"Contextuel\" data-gtm-event=\"customEventSPE\" data-fig-domain=\"LEFIGARO\" target=\"_blank\" rel=\"noopener\">Chicago<\/a>\u00a0est \u00e0 l\u2019image du reste du pays. Certes, les \u00c9tats-Unis sont la plus grande nation chr\u00e9tienne du monde, devant le Br\u00e9sil, mais on y constate un ph\u00e9nom\u00e8ne depuis le milieu des ann\u00e9es 2000\u00a0: le catholicisme et la chr\u00e9tient\u00e9 en g\u00e9n\u00e9ral reculent.<\/p>\n<p class=\"fig-body-link\">\n            \u00c0 lire aussi<br \/>\n        <a class=\"fig-body-link__link fig-premium-mark\" href=\"http:\/\/www.lefigaro.fr\/conjoncture\/leon-xiv-devra-t-il-payer-des-impots-aux-etats-unis-le-casse-tete-de-la-declaration-fiscale-du-pape-20250511\" data-fig-type=\"NewsFlash\" data-gtm-custom-categorie=\"navigation\" data-gtm-custom-action=\"crossclick\" data-gtm-custom-label=\"Contextuel\" data-gtm-event=\"customEventSPE\" data-fig-domain=\"LEFIGARO\" target=\"_blank\" rel=\"noopener\">L\u00e9on XIV devra-t-il payer des imp\u00f4ts aux \u00c9tats-Unis\u00a0? Le casse-t\u00eate de la d\u00e9claration fiscale du Pape<br \/>\n    <\/a>\n<\/p>\n<p class=\"fig-paragraph\">Les \u00e9tudes sur le sujet sont sans \u00e9quivoque\u00a0: 62 % des Am\u00e9ricains se consid\u00e8rent comme chr\u00e9tiens, contre 78 % il y a 20 ans. Selon une \u00e9tude du Pew Research Center, utilisant les\u2026<\/p>\n<p class=\"fig-premium-paywall__infos\">\n        Cet article est r\u00e9serv\u00e9 aux abonn\u00e9s.        Il vous reste 88% \u00e0 d\u00e9couvrir.\n    <\/p>\n<p>                <img  data- alt=\"Le Figaro\" class=\"fig-img--complete fig-img\"\/><\/p>\n<p class=\"fig-premium-paywall__title\">Vente Flash<\/p>\n<p class=\"fig-premium-paywall__subtitle\">4,99\u20ac par mois pendant 12 mois. Sans engagement.<\/p>\n<p class=\"fig-premium-paywall__connect\">\n                D\u00e9j\u00e0 abonn\u00e9\u00a0?                <a class=\"fig-premium-paywall__connect-link\" href=\"https:\/\/connect.lefigaro.fr\/login?client=horizon_web&amp;type=main&amp;redirect_uri=https%3A%2F%2Fwww.lefigaro.fr%2Factualite-france%2Fleon-xiv-le-pape-d-une-amerique-ou-le-catholicisme-recule-20250517\" data-js-gtm=\"{&quot;customCategorie&quot;: &quot;conversion&quot;, &quot;customAction&quot;: &quot;before_Landing_Connexion_paywall_auto&quot;, &quot;customLabel&quot;: &quot;bGVmaWdhcm8uZnJfXzFmMDMxNzM3LTM5NWEtNjEwMC1hODVlLWVmZWMzYzAyODA4NF9fQXJ0aWNsZQ==_L\u00e9on XIV, le pape d\u2019une Am\u00e9rique o\u00f9 le catholicisme recule_183&quot;, &quot;customIDSPE&quot;: &quot;bGVmaWdhcm8uZnJfXzFmMDMxNzM3LTM5NWEtNjEwMC1hODVlLWVmZWMzYzAyODA4NF9fQXJ0aWNsZQ==&quot;, &quot;event&quot;: &quot;customEventSPE&quot;}\" target=\"_blank\" rel=\"noopener\"><br \/>\n                    Connectez-vous<br \/>\n                <\/a>\n            <\/p>\n","protected":false},"excerpt":{"rendered":"ANALYSE &#8211; En baisse depuis vingt ans, mais maintenu \u00e0 flot par l\u2019immigration latine et asiatique, le catholicisme&hellip;\n","protected":false},"author":2,"featured_media":106512,"comment_status":"","ping_status":"","sticky":false,"template":"","format":"standard","meta":{"footnotes":""},"categories":[5],"tags":[47,1058,1054,1059,1060,1055,11,1057,118,1011,27,1061,14,303,19741,12,1062,656,104,1056,809,28],"class_list":{"0":"post-106511","1":"post","2":"type-post","3":"status-publish","4":"format-standard","5":"has-post-thumbnail","7":"category-international","8":"tag-actualite","9":"tag-actualite-education","10":"tag-actualite-france","11":"tag-actualite-justice","12":"tag-actualite-securite","13":"tag-actualite-societe","14":"tag-actualites","15":"tag-education","16":"tag-faits-divers","17":"tag-fr","18":"tag-france","19":"tag-immigration","20":"tag-international","21":"tag-justice","22":"tag-leon-xiv","23":"tag-news","24":"tag-polemique","25":"tag-securite","26":"tag-societe","27":"tag-societe-francaise","28":"tag-violence","29":"tag-world"},"share_on_mastodon":{"url":"https:\/\/pubeurope.com\/@fr\/114522182331398574","error":""},"_links":{"self":[{"href":"https:\/\/www.europesays.com\/fr\/wp-json\/wp\/v2\/posts\/106511","targetHints":{"allow":["GET"]}}],"collection":[{"href":"https:\/\/www.europesays.com\/fr\/wp-json\/wp\/v2\/posts"}],"about":[{"href":"https:\/\/www.europesays.com\/fr\/wp-json\/wp\/v2\/types\/post"}],"author":[{"embeddable":true,"href":"https:\/\/www.europesays.com\/fr\/wp-json\/wp\/v2\/users\/2"}],"replies":[{"embeddable":true,"href":"https:\/\/www.europesays.com\/fr\/wp-json\/wp\/v2\/comments?post=106511"}],"version-history":[{"count":0,"href":"https:\/\/www.europesays.com\/fr\/wp-json\/wp\/v2\/posts\/106511\/revisions"}],"wp:featuredmedia":[{"embeddable":true,"href":"https:\/\/www.europesays.com\/fr\/wp-json\/wp\/v2\/media\/106512"}],"wp:attachment":[{"href":"https:\/\/www.europesays.com\/fr\/wp-json\/wp\/v2\/media?parent=106511"}],"wp:term":[{"taxonomy":"category","embeddable":true,"href":"https:\/\/www.europesays.com\/fr\/wp-json\/wp\/v2\/categories?post=106511"},{"taxonomy":"post_tag","embeddable":true,"href":"https:\/\/www.europesays.com\/fr\/wp-json\/wp\/v2\/tags?post=106511"}],"curies":[{"name":"wp","href":"https:\/\/api.w.org\/{rel}","templated":true}]}}