{"id":1065205,"date":"2026-07-15T01:27:22","date_gmt":"2026-07-15T01:27:22","guid":{"rendered":"https:\/\/www.europesays.com\/fr\/1065205\/"},"modified":"2026-07-15T01:27:22","modified_gmt":"2026-07-15T01:27:22","slug":"lequipage-americano-russe-arrive-a-la-station-spatiale-internationale","status":"publish","type":"post","link":"https:\/\/www.europesays.com\/fr\/1065205\/","title":{"rendered":"L&rsquo;\u00e9quipage am\u00e9ricano-russe arrive \u00e0 la Station spatiale internationale"},"content":{"rendered":"<p>Un \u00e9quipage spatial am\u00e9ricano-russe est arriv\u00e9 mardi \u00e0 la Station spatiale internationale apr\u00e8s avoir d\u00e9coll\u00e9 du cosmodrome de Ba\u00efkonour, au Kazakhstan, lou\u00e9 par la Russie. <\/p>\n<p>L\u2019astronaute de la NASA Anil Menon et ses co\u00e9quipiers russes Piotr Dubrov et Anna Kikina ont d\u00e9coll\u00e9 comme pr\u00e9vu \u00e0 10\u00a0h\u00a047 (heure de l\u2019est) \u00e0 bord du vaisseau Soyouz MS-29 de Roscosmos pour une mission de huit mois \u00e0 bord de la station orbitale. Leur vaisseau s\u2019est arrim\u00e9 sans encombre \u00e0 la station en mode automatique environ trois heures apr\u00e8s le lancement.<\/p>\n<p>L\u2019administrateur de la NASA, Jared Isaacman, a assist\u00e9 au lancement. Il s\u2019agissait de la premi\u00e8re visite d\u2019un responsable de la NASA \u00e0 Ba\u00efkonour depuis huit ans, soulignant la coop\u00e9ration continue dans ce domaine entre Moscou et Washington, malgr\u00e9 les tensions li\u00e9es \u00e0 l\u2019intervention militaire russe en Ukraine.<\/p>\n<p>Avant le lancement, M.\u00a0Isaacman a rencontr\u00e9 le directeur de l\u2019agence spatiale russe Roscosmos, Dmitry Bakanov. S\u2019exprimant lors de la r\u00e9union de lundi avec l\u2019\u00e9quipage, M.\u00a0Isaacman a remerci\u00e9 Roscosmos pour ses efforts dans la pr\u00e9paration de la mission, d\u00e9clarant que \u00able travail coordonn\u00e9 accompli au cours des derniers mois refl\u00e8te le professionnalisme et le d\u00e9vouement de toutes les personnes impliqu\u00e9es\u00bb.<\/p>\n<p>M.\u00a0Isaacman s\u2019est \u00e9galement entretenu avec le vice-premier ministre russe, Denis Manturov. Le bureau de M.\u00a0Manturov a indiqu\u00e9 qu\u2019ils avaient discut\u00e9 d\u2019une coop\u00e9ration future concernant la Station spatiale internationale et d\u2019autres projets.<\/p>\n<p>Il s\u2019agit du premier vol spatial d\u2019Anil Menon et du deuxi\u00e8me pour Piotr Dubrov et Anna Kikina.<\/p>\n<p>Le trio rejoindra les astronautes de la NASA Jessica Meir, Jack Hathaway et Chris Williams, l\u2019astronaute de l\u2019Agence spatiale europ\u00e9enne Sophie Adenot, ainsi que les cosmonautes de Roscosmos Sergue\u00ef Kud-Sverchkov, Sergue\u00ef Mika\u00efev et Andre\u00ef Fedya\u00efev.<\/p>\n<p>Autrefois rivaux acharn\u00e9s dans la course \u00e0 l\u2019espace pendant la Guerre froide, la Russie et les \u00c9tats-Unis coop\u00e8rent aujourd\u2019hui sur la station spatiale et d\u2019autres projets. Ces relations ont \u00e9t\u00e9 entach\u00e9es par des tensions apr\u00e8s l\u2019envoi de troupes russes en Ukraine en 2022, mais Washington et Moscou ont continu\u00e9 \u00e0 travailler de concert, des \u00e9quipages am\u00e9ricains et russes se rendant \u00e0 la station orbitale \u00e0 bord des vaisseaux spatiaux de chaque pays.<\/p>\n<p>Les projets de coop\u00e9ration plus large, notamment une \u00e9ventuelle participation russe au programme Artemis de la NASA consacr\u00e9 \u00e0 la recherche lunaire, ont \u00e9chou\u00e9. Alors que la Russie d\u00e9pend de plus en plus de la Chine pour ses exportations d\u2019\u00e9nergie et ses importations de technologies cl\u00e9s dans un contexte de sanctions occidentales, Roscosmos a entam\u00e9 une coop\u00e9ration avec la Chine dans le cadre de sa future mission lunaire.<\/p>\n","protected":false},"excerpt":{"rendered":"Un \u00e9quipage spatial am\u00e9ricano-russe est arriv\u00e9 mardi \u00e0 la Station spatiale internationale apr\u00e8s avoir d\u00e9coll\u00e9 du cosmodrome de&hellip;\n","protected":false},"author":2,"featured_media":1065206,"comment_status":"","ping_status":"","sticky":false,"template":"","format":"standard","meta":{"footnotes":"","_share_on_mastodon":"0"},"categories":[1591],"tags":[11,1887,4574,48760,1854,16175,12,1885,1886,132],"class_list":["post-1065205","post","type-post","status-publish","format-standard","has-post-thumbnail","category-russie","tag-actualites","tag-federation-de-russie","tag-https-lactualite-com-sujet-affaires","tag-https-lactualite-com-sujet-fabrication","tag-https-lactualite-com-sujet-international","tag-https-lactualite-com-sujet-science-et-technologie","tag-news","tag-russia","tag-russian-federation","tag-russie"],"share_on_mastodon":{"url":"https:\/\/pubeurope.com\/@fr\/116921397882319410","error":""},"_links":{"self":[{"href":"https:\/\/www.europesays.com\/fr\/wp-json\/wp\/v2\/posts\/1065205","targetHints":{"allow":["GET"]}}],"collection":[{"href":"https:\/\/www.europesays.com\/fr\/wp-json\/wp\/v2\/posts"}],"about":[{"href":"https:\/\/www.europesays.com\/fr\/wp-json\/wp\/v2\/types\/post"}],"author":[{"embeddable":true,"href":"https:\/\/www.europesays.com\/fr\/wp-json\/wp\/v2\/users\/2"}],"replies":[{"embeddable":true,"href":"https:\/\/www.europesays.com\/fr\/wp-json\/wp\/v2\/comments?post=1065205"}],"version-history":[{"count":0,"href":"https:\/\/www.europesays.com\/fr\/wp-json\/wp\/v2\/posts\/1065205\/revisions"}],"wp:featuredmedia":[{"embeddable":true,"href":"https:\/\/www.europesays.com\/fr\/wp-json\/wp\/v2\/media\/1065206"}],"wp:attachment":[{"href":"https:\/\/www.europesays.com\/fr\/wp-json\/wp\/v2\/media?parent=1065205"}],"wp:term":[{"taxonomy":"category","embeddable":true,"href":"https:\/\/www.europesays.com\/fr\/wp-json\/wp\/v2\/categories?post=1065205"},{"taxonomy":"post_tag","embeddable":true,"href":"https:\/\/www.europesays.com\/fr\/wp-json\/wp\/v2\/tags?post=1065205"}],"curies":[{"name":"wp","href":"https:\/\/api.w.org\/{rel}","templated":true}]}}