{"id":106522,"date":"2025-05-17T08:21:14","date_gmt":"2025-05-17T08:21:14","guid":{"rendered":"https:\/\/www.europesays.com\/fr\/106522\/"},"modified":"2025-05-17T08:21:14","modified_gmt":"2025-05-17T08:21:14","slug":"un-gendarme-volontairement-percute-par-un-motard-lors-dun-rodeo-urbain-pres-de-nancy","status":"publish","type":"post","link":"https:\/\/www.europesays.com\/fr\/106522\/","title":{"rendered":"Un gendarme volontairement percut\u00e9 par un motard lors d\u2019un rod\u00e9o urbain pr\u00e8s de Nancy"},"content":{"rendered":"<p>Un gendarme a \u00e9t\u00e9 bless\u00e9 apr\u00e8s avoir \u00e9t\u00e9 \u00ab\u00a0percut\u00e9 volontairement\u00a0\u00bb par un motard lors d\u2019un rod\u00e9o urbain, vendredi 16\u00a0mai 2025, pr\u00e8s de Nancy, a-t-on appris samedi 17\u00a0mai aupr\u00e8s de la gendarmerie de Meurthe-et-Moselle. Souffrant de \u00ab\u00a0fractures assez importantes\u00a0\u00bb \u00e0 la jambe, la victime a \u00e9t\u00e9 op\u00e9r\u00e9e pendant la nuit \u00e0 l\u2019h\u00f4pital de Nancy, a indiqu\u00e9 l\u2019officier de permanence.<\/p>\n<p>L\u2019incident s\u2019est produit\u00a0lorsque le jeune gendarme a fait signe au motard de s\u2019arr\u00eater, vendredi vers 21\u00a0h\u00a030 \u00e0 Neuves-Maisons, une commune de 6.500 habitants situ\u00e9e au sud de Nancy. En r\u00e9action, \u00ab\u00a0le motard a percut\u00e9 volontairement le gendarme\u00a0\u00bb avant de quitter les lieux avec son v\u00e9hicule, a d\u00e9clar\u00e9 son coll\u00e8gue.<\/p>\n<p>Une enqu\u00eate a \u00e9t\u00e9 confi\u00e9e \u00e0 la brigade de recherche de Nancy. \u00ab\u00a0On va certainement parvenir \u00e0 l\u2019identifier\u00a0\u00bb, a assur\u00e9 l\u2019officier de permanence.<\/p>\n<p>Un pompier victime la semaine derni\u00e8re<\/p>\n<p>La semaine derni\u00e8re d\u00e9j\u00e0, le samedi 10\u00a0mai, un pompier a \u00e9t\u00e9 gravement bless\u00e9 lors d\u2019un rod\u00e9o urbain, \u00c9vian-les-Bains (Haute-Savoie), dans un sc\u00e9nario similaire. Deux v\u00e9hicules r\u00e9alisaient des d\u00e9rapages contr\u00f4l\u00e9s vers 6\u00a0h du matin devant la caserne. Des pompiers sont sortis pour leur demander d\u2019arr\u00eater. S\u2019en est suivie une altercation, puis l\u2019un des v\u00e9hicules est venu percuter l\u2019un des pompiers.<\/p>\n","protected":false},"excerpt":{"rendered":"Un gendarme a \u00e9t\u00e9 bless\u00e9 apr\u00e8s avoir \u00e9t\u00e9 \u00ab\u00a0percut\u00e9 volontairement\u00a0\u00bb par un motard lors d\u2019un rod\u00e9o urbain, vendredi&hellip;\n","protected":false},"author":2,"featured_media":106523,"comment_status":"","ping_status":"","sticky":false,"template":"","format":"standard","meta":{"footnotes":""},"categories":[9635],"tags":[328,1111,11,1777,674,274,1011,27,329,775,1702,12,25],"class_list":{"0":"post-106522","1":"post","2":"type-post","3":"status-publish","4":"format-standard","5":"has-post-thumbnail","7":"category-nancy","8":"tag-a-la-une","9":"tag-actu","10":"tag-actualites","11":"tag-eu","12":"tag-europe","13":"tag-faits-divers-justice","14":"tag-fr","15":"tag-france","16":"tag-france-monde","17":"tag-grand-est","18":"tag-nancy","19":"tag-news","20":"tag-republique-francaise"},"share_on_mastodon":{"url":"https:\/\/pubeurope.com\/@fr\/114522205901365032","error":""},"_links":{"self":[{"href":"https:\/\/www.europesays.com\/fr\/wp-json\/wp\/v2\/posts\/106522","targetHints":{"allow":["GET"]}}],"collection":[{"href":"https:\/\/www.europesays.com\/fr\/wp-json\/wp\/v2\/posts"}],"about":[{"href":"https:\/\/www.europesays.com\/fr\/wp-json\/wp\/v2\/types\/post"}],"author":[{"embeddable":true,"href":"https:\/\/www.europesays.com\/fr\/wp-json\/wp\/v2\/users\/2"}],"replies":[{"embeddable":true,"href":"https:\/\/www.europesays.com\/fr\/wp-json\/wp\/v2\/comments?post=106522"}],"version-history":[{"count":0,"href":"https:\/\/www.europesays.com\/fr\/wp-json\/wp\/v2\/posts\/106522\/revisions"}],"wp:featuredmedia":[{"embeddable":true,"href":"https:\/\/www.europesays.com\/fr\/wp-json\/wp\/v2\/media\/106523"}],"wp:attachment":[{"href":"https:\/\/www.europesays.com\/fr\/wp-json\/wp\/v2\/media?parent=106522"}],"wp:term":[{"taxonomy":"category","embeddable":true,"href":"https:\/\/www.europesays.com\/fr\/wp-json\/wp\/v2\/categories?post=106522"},{"taxonomy":"post_tag","embeddable":true,"href":"https:\/\/www.europesays.com\/fr\/wp-json\/wp\/v2\/tags?post=106522"}],"curies":[{"name":"wp","href":"https:\/\/api.w.org\/{rel}","templated":true}]}}