{"id":106532,"date":"2025-05-17T08:26:08","date_gmt":"2025-05-17T08:26:08","guid":{"rendered":"https:\/\/www.europesays.com\/fr\/106532\/"},"modified":"2025-05-17T08:26:08","modified_gmt":"2025-05-17T08:26:08","slug":"une-grande-enseigne-de-bazar-discount-va-bientot-ouvrir-a-saint-sever-a-rouen","status":"publish","type":"post","link":"https:\/\/www.europesays.com\/fr\/106532\/","title":{"rendered":"Une grande enseigne de bazar discount va bient\u00f4t ouvrir \u00e0 Saint-Sever \u00e0 Rouen"},"content":{"rendered":"<p>            Par<br \/>\n        <strong><br \/>\n            <a href=\"https:\/\/actu.fr\/auteur\/julien-bouteiller\" title=\"Consulter tous les articles de Julien Bouteiller\" target=\"_blank\" rel=\"noopener\">Julien Bouteiller<\/a><br \/>\n        <\/strong><\/p>\n<p>        Publi\u00e9 le<\/p>\n<p>            17 mai 2025 \u00e0 10h18        <\/p>\n<p>\u00c7a bouge aux Docks 76 <a href=\"https:\/\/actu.fr\/?p=62646724\" target=\"_blank\" rel=\"noopener\">avec l\u2019arriv\u00e9e prochaine de Darty<\/a>, mais c\u2019est aussi le cas <a href=\"https:\/\/actu.fr\/tag\/centre-commercial-saint-sever\" target=\"_blank\" rel=\"noopener\">\u00e0 Saint-Sever<\/a>. Le centre commercial de la rive gauche de <strong>Rouen<\/strong> va bient\u00f4t accueillir de nouvelles enseignes, dont une de bazar discount : <strong>March\u00e9 aux Affaires.<\/strong><\/p>\n<p>March\u00e9 aux Affaires arrivent \u00e0 Saint-Sever<\/p>\n<p class=\" wall-content\">\u00c0 la place de la case de Go Sport, cette enseigne proposera une vaste gamme de produits pour la maison <strong>: d\u00e9co, bricolage, jardin, cuisine, animalerie, textile, etc.<\/strong> March\u00e9 aux Affaires se targue de proposer plus de 15 000 r\u00e9f\u00e9rences, et se place dans une gamme similaire aux magasins Gifi.<\/p>\n<p class=\" wall-content\">Cr\u00e9\u00e9 en 2004, March\u00e9 aux Affaires compte aujourd\u2019hui plus de 350 magasins en France, <strong>dont un au Grand-Quevilly.\u00a0<\/strong><\/p>\n<p class=\" wall-content\">Pour Audrey Anne, la directrice du centre, ce magasin \u00ab\u00a0vient compl\u00e9ter l\u2019offre de Saint-Sever avec Action pas loin, ce qui est assez compl\u00e9mentaire\u00a0\u00bb, en remplissant qui plus est une grande case rest\u00e9e vide.\u00a0\u00a0<\/p>\n<p class=\" wall-content\">Par ailleurs, le centre Saint-Sever continue d\u2019accueillir des nouveaut\u00e9s : plusieurs restaurants (Chamas Tacos, Crust, Tasty Pizza), un centre ophtalmologique, Cache-Cache qui remplace Pimkie\u2026 Et bient\u00f4t, si tout se passe bien, <strong>le remplacement de la case vide du Chalet<\/strong> par une nouvelle enseigne, autour de laquelle le secret demeure toujours.<\/p>\n<p>Vid\u00e9os : en ce moment sur ActuSuivez l\u2019actualit\u00e9 de Rouen <a href=\"https:\/\/www.whatsapp.com\/channel\/0029VaKfnf99hXF2ddApFB1D\" target=\"_blank\" rel=\"noopener\">sur notre cha\u00eene WhatsApp<\/a> et <a href=\"https:\/\/www.tiktok.com\/@76actu.fr?lang=fr\" target=\"_blank\" rel=\"noopener\">sur notre compte TikTok<\/a><\/p>\n<p class=\" wall-content\">Suivez toute l\u2019actualit\u00e9 de vos villes et m\u00e9dias favoris en vous inscrivant \u00e0 <a href=\"https:\/\/moncompte.actu.fr\" title=\"D\u00e9couvez Mon Actu\" rel=\"nofollow noopener\" data-trk=\"{&quot;cta&quot;:{&quot;action&quot;:&quot;https:\\\/\\\/moncompte.actu.fr&quot;,&quot;category&quot;:&quot;mon compte&quot;,&quot;from&quot;:&quot;article footer&quot;,&quot;name&quot;:&quot;Mon actu&quot;,&quot;type&quot;:&quot;cta&quot;}}\" target=\"_blank\">Mon Actu<\/a>.<\/p>\n<p>                    <script async src=\"\/\/www.tiktok.com\/embed.js\"><\/script><\/p>\n","protected":false},"excerpt":{"rendered":"Par Julien Bouteiller Publi\u00e9 le 17 mai 2025 \u00e0 10h18 \u00c7a bouge aux Docks 76 avec l\u2019arriv\u00e9e prochaine&hellip;\n","protected":false},"author":2,"featured_media":106533,"comment_status":"","ping_status":"","sticky":false,"template":"","format":"standard","meta":{"footnotes":""},"categories":[9587],"tags":[1111,11,22353,215,1777,674,1011,27,1652,12,5161,3147,25,9590],"class_list":{"0":"post-106532","1":"post","2":"type-post","3":"status-publish","4":"format-standard","5":"has-post-thumbnail","7":"category-rouen","8":"tag-actu","9":"tag-actualites","10":"tag-centre-commercial-saint-sever","11":"tag-commerce","12":"tag-eu","13":"tag-europe","14":"tag-fr","15":"tag-france","16":"tag-loisirs-culture","17":"tag-news","18":"tag-normandie","19":"tag-nouveaux-commerces","20":"tag-republique-francaise","21":"tag-rouen"},"share_on_mastodon":{"url":"https:\/\/pubeurope.com\/@fr\/114522225661698980","error":""},"_links":{"self":[{"href":"https:\/\/www.europesays.com\/fr\/wp-json\/wp\/v2\/posts\/106532","targetHints":{"allow":["GET"]}}],"collection":[{"href":"https:\/\/www.europesays.com\/fr\/wp-json\/wp\/v2\/posts"}],"about":[{"href":"https:\/\/www.europesays.com\/fr\/wp-json\/wp\/v2\/types\/post"}],"author":[{"embeddable":true,"href":"https:\/\/www.europesays.com\/fr\/wp-json\/wp\/v2\/users\/2"}],"replies":[{"embeddable":true,"href":"https:\/\/www.europesays.com\/fr\/wp-json\/wp\/v2\/comments?post=106532"}],"version-history":[{"count":0,"href":"https:\/\/www.europesays.com\/fr\/wp-json\/wp\/v2\/posts\/106532\/revisions"}],"wp:featuredmedia":[{"embeddable":true,"href":"https:\/\/www.europesays.com\/fr\/wp-json\/wp\/v2\/media\/106533"}],"wp:attachment":[{"href":"https:\/\/www.europesays.com\/fr\/wp-json\/wp\/v2\/media?parent=106532"}],"wp:term":[{"taxonomy":"category","embeddable":true,"href":"https:\/\/www.europesays.com\/fr\/wp-json\/wp\/v2\/categories?post=106532"},{"taxonomy":"post_tag","embeddable":true,"href":"https:\/\/www.europesays.com\/fr\/wp-json\/wp\/v2\/tags?post=106532"}],"curies":[{"name":"wp","href":"https:\/\/api.w.org\/{rel}","templated":true}]}}