{"id":106538,"date":"2025-05-17T08:31:06","date_gmt":"2025-05-17T08:31:06","guid":{"rendered":"https:\/\/www.europesays.com\/fr\/106538\/"},"modified":"2025-05-17T08:31:06","modified_gmt":"2025-05-17T08:31:06","slug":"trois-jeunes-venus-securiser-le-quartier-de-villejean-arretes-en-possession-darmes-2","status":"publish","type":"post","link":"https:\/\/www.europesays.com\/fr\/106538\/","title":{"rendered":"Trois jeunes venus \u00ab\u00a0s\u00e9curiser\u00a0\u00bb le quartier de Villejean arr\u00eat\u00e9s en possession d\u2019armes"},"content":{"rendered":"<p>Un nouveau <a href=\"https:\/\/www.20minutes.fr\/dossier\/reglement-compte\" class=\"color-ultramarine c-link\" target=\"_blank\" rel=\"noopener\">r\u00e8glement de compte<\/a> sur fond de trafic de stup\u00e9fiants a-t-il \u00e9t\u00e9 \u00e9vit\u00e9 dans le quartier de Villejean \u00e0 Rennes\u00a0? Moins d\u2019une semaine <a href=\"https:\/\/www.20minutes.fr\/faits_divers\/faits-divers-rennes\/4152436-20250508-rennes-apres-fusillade-kalachnikov-retrouvee-trois-hommes-mis-examen\" class=\"color-ultramarine c-link\" target=\"_blank\" rel=\"noopener\">apr\u00e8s la fusillade qui a fait trois bless\u00e9s le 3\u00a0mai<\/a>, trois individus ont \u00e9t\u00e9 interpell\u00e9s vendredi en possession d\u2019armes. C\u2019est le propri\u00e9taire de chambres normalement vacantes qui a alert\u00e9 les policiers, suspectant l\u2019occupation illicite de ses biens situ\u00e9s rue du Bourbonnais, un lieu de deal bien connu dans la capitale bretonne.<\/p>\n<p>En d\u00e9barquant sur place, les policiers ont interpell\u00e9 trois hommes \u00ab\u00a0qui n\u2019\u00e9taient pas des locataires\u00a0\u00bb, pr\u00e9cise le parquet de Rennes. \u00c2g\u00e9s de 20 \u00e0 30 ans, ils avaient en leur possession une arme de poing semi-automatique ainsi que <a href=\"https:\/\/www.20minutes.fr\/dossier\/stupefiant\" class=\"color-ultramarine c-link\" target=\"_blank\" rel=\"noopener\">des produits stup\u00e9fiants<\/a>. En fouillant le logement, les policiers ont \u00e9galement d\u00e9couvert plusieurs cartouches de 9 mm, une seconde arme de poing, un couteau et du num\u00e9raire.<\/p>\n<p>Venus de Nantes pour une mission de \u00ab\u00a0s\u00e9curit\u00e9\u00a0\u00bb<\/p>\n<p>En garde \u00e0 vue, deux des trois individus \u00ab\u00a0ont reconnu \u00eatre venus de Nantes pour assurer une mission de \u00ab\u00a0s\u00e9curit\u00e9\u00a0\u00bb sur le secteur de Villejean\u00a0\u00bb, un quartier en proie <a href=\"https:\/\/www.20minutes.fr\/faits_divers\/faits-divers-rennes\/4149231-20250417-rennes-tirs-kalachnikov-font-plusieurs-blesses-quartier-villejean\" class=\"color-ultramarine c-link\" target=\"_blank\" rel=\"noopener\">\u00e0 une guerre de territoire entre trafiquants<\/a> depuis plusieurs mois.<\/p>\n<\/p>\n<p>Mis en examen pour d\u00e9tention d\u2019armes, de munitions et de produits stup\u00e9fiants et participation \u00e0 une association de malfaiteurs en vue de la pr\u00e9paration d\u2019un crime, ils seront jug\u00e9s en comparution \u00e0 d\u00e9lai diff\u00e9r\u00e9 le 9\u00a0juillet. En attendant leur proc\u00e8s, le plus \u00e2g\u00e9 des trois, qui \u00e9tait sorti de prison en d\u00e9cembre, a \u00e9t\u00e9 plac\u00e9 en d\u00e9tention provisoire. Les deux autres, inconnus de la justice, ont \u00e9t\u00e9 plac\u00e9s sous contr\u00f4le judiciaire.<\/p>\n","protected":false},"excerpt":{"rendered":"Un nouveau r\u00e8glement de compte sur fond de trafic de stup\u00e9fiants a-t-il \u00e9t\u00e9 \u00e9vit\u00e9 dans le quartier de&hellip;\n","protected":false},"author":2,"featured_media":106539,"comment_status":"","ping_status":"","sticky":false,"template":"","format":"standard","meta":{"footnotes":""},"categories":[2821],"tags":[1111,47,11,6376,829,1052,1777,674,118,7641,1011,27,3832,848,3047,766,813,12,2636,584,25,4377,887],"class_list":{"0":"post-106538","1":"post","2":"type-post","3":"status-publish","4":"format-standard","5":"has-post-thumbnail","7":"category-rennes","8":"tag-actu","9":"tag-actualite","10":"tag-actualites","11":"tag-armes","12":"tag-bretagne","13":"tag-drogue","14":"tag-eu","15":"tag-europe","16":"tag-faits-divers","17":"tag-faits-divers-rennes","18":"tag-fr","19":"tag-france","20":"tag-fusillade","21":"tag-ille-et-vilaine","22":"tag-loire-atlantique","23":"tag-nantes","24":"tag-narcotrafiquants","25":"tag-news","26":"tag-pays-de-la-loire","27":"tag-rennes","28":"tag-republique-francaise","29":"tag-stupefiant","30":"tag-trafic-de-drogue"},"share_on_mastodon":{"url":"https:\/\/pubeurope.com\/@fr\/114522245290867255","error":""},"_links":{"self":[{"href":"https:\/\/www.europesays.com\/fr\/wp-json\/wp\/v2\/posts\/106538","targetHints":{"allow":["GET"]}}],"collection":[{"href":"https:\/\/www.europesays.com\/fr\/wp-json\/wp\/v2\/posts"}],"about":[{"href":"https:\/\/www.europesays.com\/fr\/wp-json\/wp\/v2\/types\/post"}],"author":[{"embeddable":true,"href":"https:\/\/www.europesays.com\/fr\/wp-json\/wp\/v2\/users\/2"}],"replies":[{"embeddable":true,"href":"https:\/\/www.europesays.com\/fr\/wp-json\/wp\/v2\/comments?post=106538"}],"version-history":[{"count":0,"href":"https:\/\/www.europesays.com\/fr\/wp-json\/wp\/v2\/posts\/106538\/revisions"}],"wp:featuredmedia":[{"embeddable":true,"href":"https:\/\/www.europesays.com\/fr\/wp-json\/wp\/v2\/media\/106539"}],"wp:attachment":[{"href":"https:\/\/www.europesays.com\/fr\/wp-json\/wp\/v2\/media?parent=106538"}],"wp:term":[{"taxonomy":"category","embeddable":true,"href":"https:\/\/www.europesays.com\/fr\/wp-json\/wp\/v2\/categories?post=106538"},{"taxonomy":"post_tag","embeddable":true,"href":"https:\/\/www.europesays.com\/fr\/wp-json\/wp\/v2\/tags?post=106538"}],"curies":[{"name":"wp","href":"https:\/\/api.w.org\/{rel}","templated":true}]}}