{"id":1065415,"date":"2026-07-15T04:30:21","date_gmt":"2026-07-15T04:30:21","guid":{"rendered":"https:\/\/www.europesays.com\/fr\/1065415\/"},"modified":"2026-07-15T04:30:21","modified_gmt":"2026-07-15T04:30:21","slug":"amir-evoque-sa-carriere-dacteur-pas-assumee-apres-avoir-joue-dans-deux-series-en-quelques-mois","status":"publish","type":"post","link":"https:\/\/www.europesays.com\/fr\/1065415\/","title":{"rendered":"Amir \u00e9voque sa carri\u00e8re d&rsquo;acteur \u00ab\u00a0pas assum\u00e9e\u00a0\u00bb apr\u00e8s avoir jou\u00e9 dans deux s\u00e9ries en quelques mois"},"content":{"rendered":"<p>Un second r\u00eave qu&rsquo;il a aussi concr\u00e9tis\u00e9. Amir \u00e9tait l&rsquo;invit\u00e9 de l&rsquo;\u00e9mission Dans ma valise anim\u00e9e par <a href=\"https:\/\/www.programme-tv.net\/biographie\/37827-begot-amandine\/\" data-link-people=\"ebadea75-db7a-4820-9eea-707e6882f030\" rel=\"nofollow noopener\" target=\"_blank\">Amandine B\u00e9got<\/a> sur RTL ce mardi 14 juillet 2026. Le chanteur, \u00e0 l&rsquo;affiche de la mini-s\u00e9rie <a href=\"https:\/\/www.programme-tv.net\/news\/series-tv\/397237-la-belle-et-le-boulanger-une-saison-2-est-elle-prevue-pour-la-serie-de-tf1-avec-amir\/\" data-api-deeplink=\"teleloisirs:\/\/news\/397237\" rel=\"nofollow noopener\" target=\"_blank\">La Belle et le Boulanger<\/a>, diffus\u00e9e en f\u00e9vrier dernier sur TF1, et de la premi\u00e8re saison du thriller isra\u00e9lien Unconditional, disponible sur Apple TV depuis mai, s&rsquo;est confi\u00e9 sur cette nouvelle carri\u00e8re d&rsquo;acteur.<\/p>\n<p>\u00ab\u00a0\u00c7a a d\u00e9but\u00e9 en 2021 avec une pi\u00e8ce de th\u00e9\u00e2tre que j&rsquo;ai jou\u00e9e pendant deux ans (S\u00e9lectionn\u00e9, l&rsquo;incroyable destin du nageur Alfred Nakache de Marc Elya, ndlr). Je pense que c&rsquo;est \u00e0 la fois une r\u00e9v\u00e9lation et un r\u00eave de gosse que je n&rsquo;ai pas forc\u00e9ment assum\u00e9\u00a0\u00bb, explique celui qui a pr\u00e9f\u00e9r\u00e9 se consacrer \u00e0 la musique pendant toutes ces ann\u00e9es.<\/p>\n<p>Amir bient\u00f4t \u00e0 l&rsquo;affiche d&rsquo;une autre s\u00e9rie isra\u00e9lienne<\/p>\n<p>Apr\u00e8s un d\u00e9but de carri\u00e8re en Isra\u00ebl o\u00f9 il a particip\u00e9 \u00e0 la version locale de Nouvelle Star, Amir s&rsquo;est fait conna\u00eetre en France lors de la saison 3 de The Voice en 2013 dont il a fini troisi\u00e8me avec Jenifer comme coach. Deux ans plus tard, il a repr\u00e9sent\u00e9 la France au <a href=\"https:\/\/www.programme-tv.net\/news\/people\/368392-qu-est-ce-que-tu-fous-pourquoi-tu-y-vas-amir-revele-les-craintes-de-ses-proches-quand-il-a-fait-leurovision\/\" data-api-deeplink=\"teleloisirs:\/\/news\/368392\" rel=\"nofollow noopener\" target=\"_blank\">concours de l&rsquo;Eurovision<\/a> avec son titre J&rsquo;ai cherch\u00e9. Un succ\u00e8s assur\u00e9 qui lui a permis d&rsquo;enfin se lancer dans la com\u00e9die.<\/p>\n<p>\u00ab\u00a0Je pense qu&rsquo;un beau jour, en voyant que la musique c&rsquo;\u00e9tait l\u00e0, install\u00e9, que \u00e7a ne dispara\u00eetrait probablement pas, je pouvais me permettre de m&rsquo;\u00e9chapper un petit peu des sentiers battus et de tenter quelque chose de nouveau sans vraiment savoir si \u00e7a allait arriver\u00a0\u00bb, d\u00e9crit-il. Il devrait d&rsquo;ailleurs bient\u00f4t \u00eatre de retour dans une autre s\u00e9rie isra\u00e9lienne, <a href=\"https:\/\/www.programme-tv.net\/news\/series-tv\/398266-apres-la-belle-et-le-boulanger-amir-revient-bientot-dans-une-serie-internationale\/\" data-api-deeplink=\"teleloisirs:\/\/news\/398266\" rel=\"nofollow noopener\" target=\"_blank\">comme il l&rsquo;avait confi\u00e9 \u00e0 T\u00e9l\u00e9-Loisirs<\/a>.<\/p>\n<p>\u00ab\u00a0\u00c7a n&rsquo;a jamais \u00e9t\u00e9 particuli\u00e8rement la chanson\u00a0\u00bb : Amir voulait \u00eatre acteur d\u00e8s l&rsquo;enfance<\/p>\n<p>Reconnu en tant que chanteur, Amir veut d\u00e9sormais l&rsquo;\u00eatre aussi en tant qu&rsquo;acteur. \u00ab\u00a0Quand j&rsquo;\u00e9tais gamin je montais sur la table du salon pour chanter et pour jouer des personnages. \u00c7a n&rsquo;a jamais \u00e9t\u00e9 particuli\u00e8rement la chanson plus qu&rsquo;autre chose. Mais avec le temps, un chemin s&rsquo;est trac\u00e9 plus naturellement dans la musique et je m&rsquo;y suis accroch\u00e9\u00a0\u00bb, d\u00e9taille-t-il.<\/p>\n<p>Apr\u00e8s quatre albums, il a trouv\u00e9 \u00ab\u00a0le courage de rajouter le deuxi\u00e8me r\u00eave\u00a0\u00bb. Une exp\u00e9rience qui le comble. \u00ab\u00a0Il n&rsquo;y a rien de plus beau qu&rsquo;un \u00e9ternel renouvellement, cette mise en abyme qui rythme ma vie, c&rsquo;est comme si je restais gosse. Et je suis tr\u00e8s heureux comme \u00e7a\u00a0\u00bb, conclut-il.<\/p>\n<\/p>\n<p>Article \u00e9crit en collaboration avec 6Medias<\/p>\n","protected":false},"excerpt":{"rendered":"Un second r\u00eave qu&rsquo;il a aussi concr\u00e9tis\u00e9. Amir \u00e9tait l&rsquo;invit\u00e9 de l&rsquo;\u00e9mission Dans ma valise anim\u00e9e par Amandine&hellip;\n","protected":false},"author":2,"featured_media":1065416,"comment_status":"","ping_status":"","sticky":false,"template":"","format":"standard","meta":{"footnotes":"","_share_on_mastodon":"0"},"categories":[1359],"tags":[33287,244,58,59,1011,27,973,1630],"class_list":["post-1065415","post","type-post","status-publish","format-standard","has-post-thumbnail","category-people","tag-amir","tag-commentaire","tag-divertissement","tag-entertainment","tag-fr","tag-france","tag-people","tag-zapping"],"share_on_mastodon":{"url":"https:\/\/pubeurope.com\/@fr\/116922117196325751","error":""},"_links":{"self":[{"href":"https:\/\/www.europesays.com\/fr\/wp-json\/wp\/v2\/posts\/1065415","targetHints":{"allow":["GET"]}}],"collection":[{"href":"https:\/\/www.europesays.com\/fr\/wp-json\/wp\/v2\/posts"}],"about":[{"href":"https:\/\/www.europesays.com\/fr\/wp-json\/wp\/v2\/types\/post"}],"author":[{"embeddable":true,"href":"https:\/\/www.europesays.com\/fr\/wp-json\/wp\/v2\/users\/2"}],"replies":[{"embeddable":true,"href":"https:\/\/www.europesays.com\/fr\/wp-json\/wp\/v2\/comments?post=1065415"}],"version-history":[{"count":0,"href":"https:\/\/www.europesays.com\/fr\/wp-json\/wp\/v2\/posts\/1065415\/revisions"}],"wp:featuredmedia":[{"embeddable":true,"href":"https:\/\/www.europesays.com\/fr\/wp-json\/wp\/v2\/media\/1065416"}],"wp:attachment":[{"href":"https:\/\/www.europesays.com\/fr\/wp-json\/wp\/v2\/media?parent=1065415"}],"wp:term":[{"taxonomy":"category","embeddable":true,"href":"https:\/\/www.europesays.com\/fr\/wp-json\/wp\/v2\/categories?post=1065415"},{"taxonomy":"post_tag","embeddable":true,"href":"https:\/\/www.europesays.com\/fr\/wp-json\/wp\/v2\/tags?post=1065415"}],"curies":[{"name":"wp","href":"https:\/\/api.w.org\/{rel}","templated":true}]}}