{"id":106542,"date":"2025-05-17T08:33:22","date_gmt":"2025-05-17T08:33:22","guid":{"rendered":"https:\/\/www.europesays.com\/fr\/106542\/"},"modified":"2025-05-17T08:33:22","modified_gmt":"2025-05-17T08:33:22","slug":"strasbourg-un-lycee-franco-allemand-ouvrira-en-septembre-le-deuxieme-en-france","status":"publish","type":"post","link":"https:\/\/www.europesays.com\/fr\/106542\/","title":{"rendered":"Strasbourg. Un lyc\u00e9e franco-allemand ouvrira en septembre, le deuxi\u00e8me en France"},"content":{"rendered":"<p>Le lyc\u00e9e franco-allemand de Strasbourg va ouvrir ses classes \u00e0 la rentr\u00e9e prochaine. Le conseil r\u00e9gional va en effet engager la proc\u00e9dure administrative visant \u00e0 obtenir de la pr\u00e9fecture l\u2019arr\u00eat\u00e9 d\u2019ouverture, a-t-il \u00e9t\u00e9 d\u00e9cid\u00e9 ce vendredi en commission permanente de la r\u00e9gion. Il s\u2019agit d\u2019un <a href=\"https:\/\/www.lalsace.fr\/education\/2021\/09\/02\/le-lycee-franco-allemand-joue-le-jeu-de-la-mixite\" target=\"_blank\" rel=\"noopener\">projet de coll\u00e8ge\/lyc\u00e9e d\u00e9marr\u00e9 en 2021<\/a>. Les coll\u00e9giens ayant commenc\u00e9 le cursus franco-allemand en classe de 6e cette ann\u00e9e-l\u00e0 (au sein du coll\u00e8ge Vauban) vont entrer en classe de seconde \u00e0 la rentr\u00e9e de septembre. Le projet est port\u00e9 par l\u2019\u00c9tat, la R\u00e9gion, la CEA, la Ville et l\u2019Eurom\u00e9tropole de Strasbourg dans le cadre du contrat triennal Strasbourg capitale de l\u2019Europe. Il s\u2019agit du second lyc\u00e9e franco-allemand en France apr\u00e8s celui de Buc (acad\u00e9mie de Versailles). Les enseignements sont dispens\u00e9s dans les deux langues et valid\u00e9s par un baccalaur\u00e9at franco-allemand.<\/p>\n","protected":false},"excerpt":{"rendered":"Le lyc\u00e9e franco-allemand de Strasbourg va ouvrir ses classes \u00e0 la rentr\u00e9e prochaine. Le conseil r\u00e9gional va en&hellip;\n","protected":false},"author":2,"featured_media":106168,"comment_status":"","ping_status":"","sticky":false,"template":"","format":"standard","meta":{"footnotes":""},"categories":[2820],"tags":[1111,11,2389,3599,1057,1777,674,107,1011,27,775,12,25,640],"class_list":{"0":"post-106542","1":"post","2":"type-post","3":"status-publish","4":"format-standard","5":"has-post-thumbnail","7":"category-strasbourg","8":"tag-actu","9":"tag-actualites","10":"tag-alsace","11":"tag-college-lycee","12":"tag-education","13":"tag-eu","14":"tag-europe","15":"tag-fil-info","16":"tag-fr","17":"tag-france","18":"tag-grand-est","19":"tag-news","20":"tag-republique-francaise","21":"tag-strasbourg"},"share_on_mastodon":{"url":"https:\/\/pubeurope.com\/@fr\/114522253131847433","error":""},"_links":{"self":[{"href":"https:\/\/www.europesays.com\/fr\/wp-json\/wp\/v2\/posts\/106542","targetHints":{"allow":["GET"]}}],"collection":[{"href":"https:\/\/www.europesays.com\/fr\/wp-json\/wp\/v2\/posts"}],"about":[{"href":"https:\/\/www.europesays.com\/fr\/wp-json\/wp\/v2\/types\/post"}],"author":[{"embeddable":true,"href":"https:\/\/www.europesays.com\/fr\/wp-json\/wp\/v2\/users\/2"}],"replies":[{"embeddable":true,"href":"https:\/\/www.europesays.com\/fr\/wp-json\/wp\/v2\/comments?post=106542"}],"version-history":[{"count":0,"href":"https:\/\/www.europesays.com\/fr\/wp-json\/wp\/v2\/posts\/106542\/revisions"}],"wp:featuredmedia":[{"embeddable":true,"href":"https:\/\/www.europesays.com\/fr\/wp-json\/wp\/v2\/media\/106168"}],"wp:attachment":[{"href":"https:\/\/www.europesays.com\/fr\/wp-json\/wp\/v2\/media?parent=106542"}],"wp:term":[{"taxonomy":"category","embeddable":true,"href":"https:\/\/www.europesays.com\/fr\/wp-json\/wp\/v2\/categories?post=106542"},{"taxonomy":"post_tag","embeddable":true,"href":"https:\/\/www.europesays.com\/fr\/wp-json\/wp\/v2\/tags?post=106542"}],"curies":[{"name":"wp","href":"https:\/\/api.w.org\/{rel}","templated":true}]}}