{"id":106547,"date":"2025-05-17T08:36:39","date_gmt":"2025-05-17T08:36:39","guid":{"rendered":"https:\/\/www.europesays.com\/fr\/106547\/"},"modified":"2025-05-17T08:36:39","modified_gmt":"2025-05-17T08:36:39","slug":"nice-brest-ils-nous-ont-aides-mais-roy-et-les-brestois-ne-feront-pas-de-sentiment","status":"publish","type":"post","link":"https:\/\/www.europesays.com\/fr\/106547\/","title":{"rendered":"Nice &#8211; Brest. \u00ab\u00a0Ils nous ont aid\u00e9s, mais\u2026\u00a0\u00bb\u00a0: Roy et les Brestois ne feront pas de sentiment"},"content":{"rendered":"<tr wp_automatic_readability=\"6.86875\">\n<td valign=\"middle\" align=\"center\" class=\"col-logo\" wp_automatic_readability=\"5\">\n    <img decoding=\"async\" src=\"https:\/\/www.europesays.com\/fr\/wp-content\/uploads\/2025\/04\/logo-of-monetise.svg\" alt=\"logo Ouest-France\" height=\"66\"\/><\/p>\n<p>Contenu r\u00e9serv\u00e9 aux abonn\u00e9s<\/p>\n<\/td>\n<td class=\"col-titre\">\n\t\t\tSamedi 17 mai 2025 08:36<br \/>\n\t\t\t<a class=\"icon-bulle sizeL count\" href=\"#ancreAvis\"><br \/>\n\t&#8230;<br \/>\n<\/a><\/td>\n<\/tr>\n<p>\t\t<a class=\"mavillebox2 elmt-photo\" href=\"https:\/\/maville.com\/photosmvi\/2025\/05\/17\/P35233445D6811843G.jpg\" title=\" Hugo Magnetti et les Brestois restent concentr\u00e9s avant le dernier match de la saison \u00e0 Nice.  \u00a9  Guillaume Saligot, Ouest-France  &lt;!--TAG-BLC credit--&gt;\" rel=\"galerie_actu noopener\" target=\"_blank\"><br \/>\n\t<img decoding=\"async\" src=\"https:\/\/www.europesays.com\/fr\/wp-content\/uploads\/2025\/05\/P35233445D6811843G_crop_640-330_.jpg\" alt=\"photo  hugo magnetti et les brestois restent concentr\u00e9s avant le dernier match de la saison \u00e0 nice.  \u00a9  guillaume saligot, ouest-france \"\/><br \/>\n\t2<br \/>\n<\/a><\/p>\n<p class=\"elmt-legende\"> Hugo Magnetti et les Brestois restent concentr\u00e9s avant le dernier match de la saison \u00e0 Nice.  \u00a9  Guillaume Saligot, Ouest-France  <\/p>\n<p><a class=\"mavillebox2\" href=\"https:\/\/maville.com\/photosmvi\/2025\/05\/17\/P35233446D6811843G.jpg\" title=\"lors de la derni\u00e8re journ\u00e9e la saison derni\u00e8re, les brestois attendent le coup de sifflet du match entre lille et nice. \u00a9  valentine chapuis, afp \" rel=\"galerie_actu noopener\" target=\"_blank\"><\/p>\n<p>\t\tCe samedi 17\u00a0mai (21\u00a0h), le Stade Brestois va terminer sa saison sur les terres de son entra\u00eeneur \u00c9ric Roy, \u00e0 Nice. Un final prestigieux contre un candidat \u00e0 la Ligue des champions qui avait permis aux Brestois de se qualifier directement pour la comp\u00e9tition l\u2019an dernier. Les Ti-Zefs ne comptent pas pour autant leur faire de cadeaux.Ligue 1. Nice \u2013 Brest, samedi (21\u00a0h). Dans la ville d\u2019\u00c9ric Roy, les Ti-Zefs veulent bien finir la saison. Sans sentiment face \u00e0 un adversaire qui lui avait ouvert les portes de la Ligue des champions l\u2019an dernier.<\/p>\n<p><b>Cet article est r\u00e9serv\u00e9 aux abonn\u00e9s<\/b><\/p>\n<p>Pour un acc\u00e8s imm\u00e9diat, abonnez-vous<\/p>\n<p><b>1\u00e8re semaine offerte<\/b><\/p>\n<p>\t\t Alexis CZAJA. \u00a0\u00a0<br \/>\n\t\tOuest-France<\/p>\n<p>Retrouvez d&rsquo;autres actus sur la commune de :<\/p>\n<p>\t\t&#13;<\/p>\n","protected":false},"excerpt":{"rendered":"Contenu r\u00e9serv\u00e9 aux abonn\u00e9s Samedi 17 mai 2025 08:36 &#8230; 2 Hugo Magnetti et les Brestois restent concentr\u00e9s&hellip;\n","protected":false},"author":2,"featured_media":106548,"comment_status":"","ping_status":"","sticky":false,"template":"","format":"standard","meta":{"footnotes":""},"categories":[2819],"tags":[1111,11,3809,1465,1777,674,63,1011,27,1792,1922,2693,12,2401,882,25,479,517,1470],"class_list":{"0":"post-106547","1":"post","2":"type-post","3":"status-publish","4":"format-standard","5":"has-post-thumbnail","7":"category-nice","8":"tag-actu","9":"tag-actualites","10":"tag-ball","11":"tag-basket","12":"tag-eu","13":"tag-europe","14":"tag-football","15":"tag-fr","16":"tag-france","17":"tag-handball","18":"tag-info","19":"tag-laval","20":"tag-news","21":"tag-nice","22":"tag-provence-alpes-cote-dazur","23":"tag-republique-francaise","24":"tag-rugby","25":"tag-sport","26":"tag-volley"},"share_on_mastodon":{"url":"https:\/\/pubeurope.com\/@fr\/114522264937082863","error":""},"_links":{"self":[{"href":"https:\/\/www.europesays.com\/fr\/wp-json\/wp\/v2\/posts\/106547","targetHints":{"allow":["GET"]}}],"collection":[{"href":"https:\/\/www.europesays.com\/fr\/wp-json\/wp\/v2\/posts"}],"about":[{"href":"https:\/\/www.europesays.com\/fr\/wp-json\/wp\/v2\/types\/post"}],"author":[{"embeddable":true,"href":"https:\/\/www.europesays.com\/fr\/wp-json\/wp\/v2\/users\/2"}],"replies":[{"embeddable":true,"href":"https:\/\/www.europesays.com\/fr\/wp-json\/wp\/v2\/comments?post=106547"}],"version-history":[{"count":0,"href":"https:\/\/www.europesays.com\/fr\/wp-json\/wp\/v2\/posts\/106547\/revisions"}],"wp:featuredmedia":[{"embeddable":true,"href":"https:\/\/www.europesays.com\/fr\/wp-json\/wp\/v2\/media\/106548"}],"wp:attachment":[{"href":"https:\/\/www.europesays.com\/fr\/wp-json\/wp\/v2\/media?parent=106547"}],"wp:term":[{"taxonomy":"category","embeddable":true,"href":"https:\/\/www.europesays.com\/fr\/wp-json\/wp\/v2\/categories?post=106547"},{"taxonomy":"post_tag","embeddable":true,"href":"https:\/\/www.europesays.com\/fr\/wp-json\/wp\/v2\/tags?post=106547"}],"curies":[{"name":"wp","href":"https:\/\/api.w.org\/{rel}","templated":true}]}}