{"id":1065495,"date":"2026-07-15T05:24:14","date_gmt":"2026-07-15T05:24:14","guid":{"rendered":"https:\/\/www.europesays.com\/fr\/1065495\/"},"modified":"2026-07-15T05:24:14","modified_gmt":"2026-07-15T05:24:14","slug":"meteo-quel-temps-fera-t-il-a-vitry-sur-seine-et-ses-environs-le-mercredi-15-juillet-2026","status":"publish","type":"post","link":"https:\/\/www.europesays.com\/fr\/1065495\/","title":{"rendered":"M\u00e9t\u00e9o. Quel temps fera-t-il \u00e0 Vitry-sur-Seine et ses environs le mercredi 15 juillet 2026 ?"},"content":{"rendered":"<p>En matin\u00e9e, la couverture nuageuse sera d\u2019abord marqu\u00e9e par un voile de nuages \u00e9lev\u00e9s avant de se d\u00e9gager nettement, laissant place \u00e0 un ciel largement clair \u00e0 partir de la mi-matin\u00e9e. Les temp\u00e9ratures resteront douces, reculant l\u00e9g\u00e8rement autour de 26 \u00b0C avant de grimper jusqu\u2019\u00e0 29 \u00b0C en fin de p\u00e9riode. Le vent, d\u2019abord orient\u00e9 nord-est \u00e0 10 km\/h avec des rafales \u00e0 25 km\/h, se renforcera progressivement, soufflant nord-nord-est \u00e0 15 km\/h avec des rafales pouvant atteindre 35 km\/h. L\u2019humidit\u00e9 diminuera de fa\u00e7on r\u00e9guli\u00e8re.<\/p>\n<p>Au cours de l\u2019apr\u00e8s-midi, dans le prolongement de cette matin\u00e9e globalement ensoleill\u00e9e, les temp\u00e9ratures s\u2019\u00e9tablissent entre 30 et 33 \u00b0C, gagnant quelques degr\u00e9s en milieu de journ\u00e9e avant de se stabiliser. Le ciel alterne entre voile de nuages \u00e9lev\u00e9s, ciel clair puis ciel couvert en fin d\u2019apr\u00e8s-midi. Le vent, d\u2019abord orient\u00e9 nord-est, s\u2019\u00e9tablit rapidement au nord-nord-est, autour de 15 \u00e0 20 km\/h avec des rafales pouvant atteindre 35 km\/h. L\u2019humidit\u00e9 d\u00e9cro\u00eet au fil des heures, laissant une ambiance chaude et s\u00e8che.<\/p>\n<p>Au cours de la soir\u00e9e du mercredi 15 juillet 2026, dans la continuit\u00e9 de cet apr\u00e8s-midi chaud, les temp\u00e9ratures resteront \u00e9lev\u00e9es, passant progressivement de 33 \u00b0C en d\u00e9but de p\u00e9riode \u00e0 31 \u00b0C, avant de remonter l\u00e9g\u00e8rement vers 32 \u00b0C en fin de soir\u00e9e. Le ciel demeurera couvert, avec une l\u00e9g\u00e8re r\u00e9duction de la masse nuageuse en toute fin de cr\u00e9neau. Le vent, d\u2019abord orient\u00e9 au nord puis au nord-est, soufflera entre 10 et 15 km\/h, avec des rafales variant de 20 \u00e0 30 km\/h, tandis que l\u2019humidit\u00e9 augmentera peu \u00e0 peu.<\/p>\n<p>Durant la nuit, dans le sillage de cette soir\u00e9e encore lourde, la temp\u00e9rature restera \u00e9lev\u00e9e, oscillant entre 28 \u00b0C et 30 \u00b0C, avec un pic vers le milieu de nuit avant de revenir \u00e0 28 \u00b0C \u00e0 l\u2019aube. Le vent soufflera de fa\u00e7on r\u00e9guli\u00e8re autour de 10 km\/h, avec des rafales pouvant atteindre 20 km\/h en d\u00e9but de nuit puis 15 km\/h en fin de p\u00e9riode. La n\u00e9bulosit\u00e9 passera d\u2019un ciel tr\u00e8s charg\u00e9 \u00e0 des passages plus d\u00e9gag\u00e9s, puis redeviendra marqu\u00e9e, tandis que l\u2019humidit\u00e9 conna\u00eetra une hausse progressive. Le vent tournera du nord-est vers le nord-nord-est puis le nord.<\/p>\n<p>Pour le jeudi 16 juillet 2026, dans la suite de cette nuit chaude et humide, les temp\u00e9ratures resteront \u00e9lev\u00e9es, passant rapidement d\u2019un d\u00e9but de matin\u00e9e d\u00e9j\u00e0 chaud \u00e0 un pic autour de 33 \u00b0C en milieu d\u2019apr\u00e8s-midi. Le vent \u00e9voluera d\u2019un flux de nord \u00e0 nord-nord-ouest en matin\u00e9e, puis basculera sud-sud-est avant de tourner sud-ouest, avec des vitesses comprises entre 5 et 10 km\/h et des rafales atteignant 30 km\/h. La couverture nuageuse restera importante, avec un ciel souvent couvert, tandis que l\u2019humidit\u00e9 conna\u00eetra de l\u00e9g\u00e8res variations sans changement brutal.<\/p>\n<p><a href=\"https:\/\/www.ouest-france.fr\/meteo\/ile-de-france\/vitry-sur-seine-94400\/\" rel=\"nofollow noopener\" target=\"_blank\">Suivez la m\u00e9t\u00e9o de votre commune en temps r\u00e9el<\/a><\/p>\n<p>Ouest-France vous donne \u00e9galement la possibilit\u00e9 de conna\u00eetre la m\u00e9t\u00e9o de votre commune, heure par heure, sur notre page m\u00e9t\u00e9o d\u00e9di\u00e9e<\/p>\n","protected":false},"excerpt":{"rendered":"En matin\u00e9e, la couverture nuageuse sera d\u2019abord marqu\u00e9e par un voile de nuages \u00e9lev\u00e9s avant de se d\u00e9gager&hellip;\n","protected":false},"author":2,"featured_media":1052705,"comment_status":"","ping_status":"","sticky":false,"template":"","format":"standard","meta":{"footnotes":"","_share_on_mastodon":"0"},"categories":[1888],"tags":[11,24583,50925,1777,674,1011,27,90557,24588,12,16483,626,25,90558,12654],"class_list":["post-1065495","post","type-post","status-publish","format-standard","has-post-thumbnail","category-paris","tag-actualites","tag-alfortville","tag-choisy-le-roi","tag-eu","tag-europe","tag-fr","tag-france","tag-lhay-les-roses","tag-maisons-alfort","tag-news","tag-orly","tag-paris","tag-republique-francaise","tag-thiais","tag-vitry-sur-seine"],"share_on_mastodon":{"url":"https:\/\/pubeurope.com\/@fr\/116922329754513493","error":""},"_links":{"self":[{"href":"https:\/\/www.europesays.com\/fr\/wp-json\/wp\/v2\/posts\/1065495","targetHints":{"allow":["GET"]}}],"collection":[{"href":"https:\/\/www.europesays.com\/fr\/wp-json\/wp\/v2\/posts"}],"about":[{"href":"https:\/\/www.europesays.com\/fr\/wp-json\/wp\/v2\/types\/post"}],"author":[{"embeddable":true,"href":"https:\/\/www.europesays.com\/fr\/wp-json\/wp\/v2\/users\/2"}],"replies":[{"embeddable":true,"href":"https:\/\/www.europesays.com\/fr\/wp-json\/wp\/v2\/comments?post=1065495"}],"version-history":[{"count":0,"href":"https:\/\/www.europesays.com\/fr\/wp-json\/wp\/v2\/posts\/1065495\/revisions"}],"wp:featuredmedia":[{"embeddable":true,"href":"https:\/\/www.europesays.com\/fr\/wp-json\/wp\/v2\/media\/1052705"}],"wp:attachment":[{"href":"https:\/\/www.europesays.com\/fr\/wp-json\/wp\/v2\/media?parent=1065495"}],"wp:term":[{"taxonomy":"category","embeddable":true,"href":"https:\/\/www.europesays.com\/fr\/wp-json\/wp\/v2\/categories?post=1065495"},{"taxonomy":"post_tag","embeddable":true,"href":"https:\/\/www.europesays.com\/fr\/wp-json\/wp\/v2\/tags?post=1065495"}],"curies":[{"name":"wp","href":"https:\/\/api.w.org\/{rel}","templated":true}]}}