{"id":106559,"date":"2025-05-17T08:45:15","date_gmt":"2025-05-17T08:45:15","guid":{"rendered":"https:\/\/www.europesays.com\/fr\/106559\/"},"modified":"2025-05-17T08:45:15","modified_gmt":"2025-05-17T08:45:15","slug":"linstitut-catholique-de-lille-lance-plusieurs-chantiers-pour-accompagner-la-croissance-des-effectifs-etudiants","status":"publish","type":"post","link":"https:\/\/www.europesays.com\/fr\/106559\/","title":{"rendered":"L&rsquo;Institut catholique de Lille lance plusieurs chantiers pour accompagner la croissance des effectifs \u00e9tudiants"},"content":{"rendered":"<p>\nAvec d\u00e9sormais plus de 90 000 m\u00b2 SP &#8211; dont 10 000 m\u00b2 en location &#8211; de b\u00e2timents \u00e0 g\u00e9rer, l&rsquo;Institut catholique de Lille (1) a connu un fort d\u00e9veloppement immobilier ces dix derni\u00e8res ann\u00e9es. \u00ab Le nombre d&rsquo;\u00e9tudiants a doubl\u00e9 sur cette p\u00e9riode ce qui a entra\u00een\u00e9 la r\u00e9novation ou la cr\u00e9ation de plusieurs milliers de m\u00e8tres carr\u00e9s \u00bb, explique le directeur des projets immobiliers de l&rsquo;Institut, Etienne de Boisredon. Un parc situ\u00e9 pour partie en r\u00e9gion parisienne (7 000 m\u00b2 SP) et le reste dans la m\u00e9tropole lilloise, en particulier le quartier Vauban.<\/p>\n<p>\nC&rsquo;est l\u00e0, \u00e0 c\u00f4t\u00e9 de la facult\u00e9 de m\u00e9decine, que se d\u00e9roule le chantier de l&rsquo;amphith\u00e9\u00e2tre Pierre-Henri-Simon de 700 places, soit environ 1 200 m\u00b2 SP. Cr\u00e9\u00e9 \u00e0 la place d&rsquo;un parking et dot\u00e9 d&rsquo;un rooftop et d&rsquo;une caf\u00e9t\u00e9ria, il sera livr\u00e9 \u00e0 la rentr\u00e9e.<\/p>\n<p>\nL&rsquo;\u00e9quipement d&rsquo;un co\u00fbt de 8 M\u20ac TDC, dont le gros \u0153uvre a \u00e9t\u00e9 confi\u00e9 \u00e0 l&rsquo;entreprise Tommasini, b\u00e9n\u00e9ficiera d&rsquo;une qualit\u00e9 de son et d&rsquo;image proche de celle d&rsquo;une salle de cin\u00e9ma. Des attributs qui autoriseront d&rsquo;autres usages, facilit\u00e9s par une entr\u00e9e ind\u00e9pendante.<\/p>\n<p>\nA c\u00f4t\u00e9 ont d\u00e9marr\u00e9 en mai, pour une dur\u00e9e de dix-huit mois, les travaux pour remodeler l&rsquo;amphith\u00e9\u00e2tre situ\u00e9 dans le b\u00e2timent abritant la facult\u00e9 de m\u00e9decine. D&rsquo;un co\u00fbt d&rsquo;environ 3,5 M\u20ac, cet agrandissement lui permettra de compter 477 places (330 m\u00b2 SP), contre 252 places actuellement. Les deux amphith\u00e9\u00e2tres ont \u00e9t\u00e9 imagin\u00e9s par l&rsquo;agence d&rsquo;architecture Wonk.<\/p>\n<p>R\u00e9habilitation et entretien<\/p>\n<p>\nEnsuite, c&rsquo;est le programme de r\u00e9habilitation des b\u00e2timents C et D voisins, soit environ 5 000 m\u00b2 SP, qui devrait \u00eatre valid\u00e9 afin de lancer les appels d&rsquo;offres travaux prochainement. Con\u00e7u conjointement par les agences Wonk et Maes, il doit \u00eatre livr\u00e9 en 2027-2028. \u00ab Ce chantier cl\u00f4turera cette p\u00e9riode de forte extension. Dans les prochaines ann\u00e9es, les projets seront davantage tourn\u00e9s vers les objectifs du <a title=\"\" href=\"https:\/\/www.lemoniteur.fr\/decret-tertiaire\/\" rel=\"nofollow noopener\" target=\"\" class=\"lien-contextuel\">d\u00e9cret tertiaire<\/a> \u00bb, projette Etienne de Boisredon. Il ajoute que d&rsquo;importantes r\u00e9habilitations ont d\u00e9j\u00e0 \u00e9t\u00e9 amorc\u00e9es dans le quartier.<\/p>\n<p>\nDe gros travaux d&rsquo;entretien sont notamment r\u00e9alis\u00e9s sur les 8 000 m\u00b2 SP de l&rsquo;h\u00f4tel acad\u00e9mique, long de 140 m. \u00ab Il n&rsquo;est pas class\u00e9 mais c&rsquo;est un b\u00e2timent patrimonial ouvrag\u00e9 avec une toiture de presque 1 ha tr\u00e8s particuli\u00e8re, co\u00fbteuse \u00e0 refaire. Commenc\u00e9e il y a plus de sept ans et estim\u00e9e \u00e0 100 M\u20ac au total, la r\u00e9fection du clos couvert a d\u00e9j\u00e0 permis de remplacer environ 60 % des menuiseries et des toitures.<\/p>\n<p>\nNous esp\u00e9rons l&rsquo;avoir termin\u00e9e en 2030 \u00bb, r\u00e9sume le directeur. Afin de faciliter l&rsquo;acc\u00e8s aux entreprises locales, les march\u00e9s sont en lots s\u00e9par\u00e9s.<\/p>\n<p>\nPour r\u00e9duire les consommations, les b\u00e2timents ont par ailleurs \u00e9t\u00e9 dot\u00e9s d&rsquo;une GTB et les r\u00e9habilitations pr\u00e9voient d&rsquo;\u00e9quiper les menuiseries de d\u00e9tecteurs permettant de couper le chauffage quand les fen\u00eatres sont ouvertes. \u00ab Nous choisissons des mat\u00e9riaux durables, si possible produits en France ou en Europe \u00bb, ajoute Etienne de Boisredon qui associe au maximum les \u00e9tudiants de l&rsquo;Universit\u00e9 sur les projets.<\/p>\n<p>\n(1) L&rsquo;Institut catholique de Lille (facult\u00e9 de m\u00e9decine, licences\u2026) et les diff\u00e9rentes \u00e9coles qui gravitent autour (Icam, Junia, Edhec I\u00e9seg) forment l&rsquo;Universit\u00e9 catholique de Lille.<\/p>\n","protected":false},"excerpt":{"rendered":"Avec d\u00e9sormais plus de 90 000 m\u00b2 SP &#8211; dont 10 000 m\u00b2 en location &#8211; de b\u00e2timents&hellip;\n","protected":false},"author":2,"featured_media":106560,"comment_status":"","ping_status":"","sticky":false,"template":"","format":"standard","meta":{"footnotes":""},"categories":[2815],"tags":[1111,11,1350,2598,1777,674,1011,27,811,8071,1307,12,1308,4916,716,25],"class_list":{"0":"post-106559","1":"post","2":"type-post","3":"status-publish","4":"format-standard","5":"has-post-thumbnail","7":"category-lille","8":"tag-actu","9":"tag-actualites","10":"tag-architecture","11":"tag-equipement","12":"tag-eu","13":"tag-europe","14":"tag-fr","15":"tag-france","16":"tag-hauts-de-france","17":"tag-hauts-de-france-et-nor","18":"tag-lille","19":"tag-news","20":"tag-nord","21":"tag-projets","22":"tag-renovation","23":"tag-republique-francaise"},"share_on_mastodon":{"url":"https:\/\/pubeurope.com\/@fr\/114522300315774563","error":""},"_links":{"self":[{"href":"https:\/\/www.europesays.com\/fr\/wp-json\/wp\/v2\/posts\/106559","targetHints":{"allow":["GET"]}}],"collection":[{"href":"https:\/\/www.europesays.com\/fr\/wp-json\/wp\/v2\/posts"}],"about":[{"href":"https:\/\/www.europesays.com\/fr\/wp-json\/wp\/v2\/types\/post"}],"author":[{"embeddable":true,"href":"https:\/\/www.europesays.com\/fr\/wp-json\/wp\/v2\/users\/2"}],"replies":[{"embeddable":true,"href":"https:\/\/www.europesays.com\/fr\/wp-json\/wp\/v2\/comments?post=106559"}],"version-history":[{"count":0,"href":"https:\/\/www.europesays.com\/fr\/wp-json\/wp\/v2\/posts\/106559\/revisions"}],"wp:featuredmedia":[{"embeddable":true,"href":"https:\/\/www.europesays.com\/fr\/wp-json\/wp\/v2\/media\/106560"}],"wp:attachment":[{"href":"https:\/\/www.europesays.com\/fr\/wp-json\/wp\/v2\/media?parent=106559"}],"wp:term":[{"taxonomy":"category","embeddable":true,"href":"https:\/\/www.europesays.com\/fr\/wp-json\/wp\/v2\/categories?post=106559"},{"taxonomy":"post_tag","embeddable":true,"href":"https:\/\/www.europesays.com\/fr\/wp-json\/wp\/v2\/tags?post=106559"}],"curies":[{"name":"wp","href":"https:\/\/api.w.org\/{rel}","templated":true}]}}