{"id":1065695,"date":"2026-07-15T07:52:18","date_gmt":"2026-07-15T07:52:18","guid":{"rendered":"https:\/\/www.europesays.com\/fr\/1065695\/"},"modified":"2026-07-15T07:52:18","modified_gmt":"2026-07-15T07:52:18","slug":"concert-disney-lyon-vivez-la-magie-candlelight","status":"publish","type":"post","link":"https:\/\/www.europesays.com\/fr\/1065695\/","title":{"rendered":"Concert Disney Lyon : Vivez la Magie Candlelight"},"content":{"rendered":"<p>\t\t\t\t\t\t\t<img loading=\"lazy\" decoding=\"async\" src=\"https:\/\/www.europesays.com\/fr\/wp-content\/uploads\/2026\/07\/Circle-Photo-Collage-6-1024x683.jpg\" class=\"wp-block-post-featured-image\" alt=\"Photo collage de Encanto et Aladdin\" width=\"1024\" height=\"683\"\/><\/p>\n<p>\t\t\t<a data-force-follow=\"\" href=\"https:\/\/lyonsecret.com\/author\/clara-rochereau\/\" rel=\"follow nofollow noopener\" target=\"_blank\"><img loading=\"lazy\" decoding=\"async\" alt=\"\" src=\"https:\/\/www.europesays.com\/fr\/wp-content\/uploads\/2026\/05\/Photoroom_20250909_085028-1-150x150.jpg\"  class=\"avatar avatar-40 photo\" height=\"40\" width=\"40\"\/><\/a><\/p>\n<p>\n\t\t\t\t\u00a0\u2013\u00a0<br \/>\n\t\t\t\tJournaliste\n\t\t\t<\/p>\n<p>\t\t\t\u00a0\u00b7\u00a0<br \/>\n\t\t\tjuillet 15, 2026<\/p>\n<p>Voici une annonce qui fera briller aussi bien les yeux des enfants que des plus grands : un <strong>vent de f\u00e9erie <\/strong>s\u2019appr\u00eate \u00e0 souffler sur les rues de Lyon avec l\u2019arriv\u00e9e d\u2019un <a href=\"https:\/\/feverup.com\/m\/671753\" rel=\"follow nofollow noopener\" target=\"_blank\" class=\"shortcode-outbound-link\" data-has-ga=\"true\" data-ga-type=\"click\" data-label=\"https:\/\/feverup.com\/m\/671753\" data-action=\"text_cta_0\" data-tracked=\"1\" data-category=\"click_sales\" data-cp_smn_source=\"lyonsecret\" data-cp_smn_content=\"concert-candlelight-disney-palais-bourse-lyon\" data-cp_smn_term=\"text_cta_0\">concert Disney<\/a>. Les <strong>m\u00e9lodies qui ont berc\u00e9 notre enfance<\/strong> reprenent vie sous un jour nouveau, sublim\u00e9es par la douce ambiance de milliers de bougies. Ce <strong>voyage musical<\/strong>, parfait \u00e9quilibre entre dose de nostalgie et moment de douceur, vous emportera tel Aladdin sur son tapis volant \u00e0 la red\u00e9couverte de l\u2019univers de <strong>L\u00e0-Haut<\/strong>, de la romance \u00e9ternelle de <strong>La Belle et la B\u00eate<\/strong> ou encore de la savane majestueuse du <strong>Roi Lion<\/strong>.<\/p>\n<p>\n\t\t\t\t\t\t\t\t\t\t\t<strong>Candlelight : Disney Chansons d\u2019Amour \u2013 Liste d\u2019attente<\/strong>\n\t\t\t\t\t\t\t\t\t\t<\/p>\n<p>Des airs musicaux \u00e0 nous faire replonger en enfance<\/p>\n<p>Laissez-vous emporter par la nostalgie des grands classiques avec les notes suspendues d\u2019\u00ab\u00a0Un jour mon prince viendra\u00a0\u00bb de <strong>Blanche-Neige et les Sept Nains<\/strong>, avant de vous envoler sur le tapis volant de \u00ab\u00a0Ce r\u00eave bleu\u00a0\u00bb d\u2019<strong>Aladdin<\/strong>. Le voyage musical se poursuit \u00e0 travers le temps, m\u00ealant des chefs-d\u2019\u0153uvre interg\u00e9n\u00e9rationnels comme la vibrante m\u00e9lodie de \u00ab\u00a0Quand elle m\u2019aimait\u00a0\u00bb dans <strong>Toy Story 2<\/strong> ou l\u2019hymne complice \u00ab\u00a0Breaking Free\u00a0\u00bb d\u2019<strong>High School Musical<\/strong>. <\/p>\n<p>La magie op\u00e8re tout autant avec les p\u00e9pites plus r\u00e9centes du studio, de l\u2019\u00e9tincelant \u00ab\u00a0L\u2019amour est un cadeau\u00a0\u00bb de <strong>La Reine des neiges<\/strong> aux rythmes envo\u00fbtants de \u00ab\u00a0Dos Oruguitas\u00a0\u00bb issus d\u2019<strong>Encanto : La fantastique famille Madrigal<\/strong> en passant par l\u2019air d\u00e9chirant de \u00ab\u00a0Ne m\u2019oublie pas\u00a0\u00bb de <strong>Coco<\/strong>. Un r\u00e9pertoire unique, enti\u00e8rement pens\u00e9 pour r\u00e9veiller votre \u00e2me d\u2019enfant et vous faire revivre, le temps d\u2019une soir\u00e9e, les <strong>plus beaux moments <\/strong>partag\u00e9s en famille ou entre amis.<\/p>\n<p><img fetchpriority=\"high\" decoding=\"async\" width=\"1024\" height=\"608\" src=\"https:\/\/www.europesays.com\/fr\/wp-content\/uploads\/2026\/07\/DIC_BATB_5_gaulno-1024x608.jpg\" alt=\"La Belle et La B\u00eate, film disney\" class=\"wp-image-31716\"  \/>\u00a9 Disney<\/p>\n<p>Une id\u00e9e de cadeau magique<\/p>\n<p>Alors si vous \u00e9tiez \u00e0 la recherche d\u2019une <a href=\"https:\/\/lyonsecret.com\/activites-a-faire-avec-des-enfants-lyon\/\" rel=\"follow nofollow noopener\" target=\"_self\" class=\"shortcode-outbound-link\" data-has-ga=\"true\" data-ga-type=\"click\" data-label=\"https:\/\/lyonsecret.com\/activites-a-faire-avec-des-enfants-lyon\/\" data-action=\"text_cta_1\" data-category=\"click_internal\">activit\u00e9 \u00e0 faire avec des enfants<\/a> ou \u00e0 la recherche d\u2019une <a href=\"https:\/\/lyonsecret.com\/cadeaux-derniere-minute-noel\/\" rel=\"follow nofollow noopener\" target=\"_self\" class=\"shortcode-outbound-link\" data-has-ga=\"true\" data-ga-type=\"click\" data-label=\"https:\/\/lyonsecret.com\/cadeaux-derniere-minute-noel\/\" data-action=\"text_cta_2\" data-category=\"click_internal\">id\u00e9e de cadeau de derni\u00e8re minute<\/a>, ce <strong>concert f\u00e9erique<\/strong> est l\u2019occasion parfaite pour offrir un moment magique et cr\u00e9er des souvenirs inoubliables. Que vous veniez pour raviver vos propres <strong>souvenirs d\u2019enfance<\/strong> ou bien pour<strong> partager un instant pr\u00e9cieux avec vos proches<\/strong>, ce rendez-vous musical s\u2019annonce d\u2019ores et d\u00e9j\u00e0 incontournable.<\/p>\n<p>Informations pratiques<\/p>\n<ul class=\"wp-block-list\">\n<li><strong>\u00c9v\u00e9nement <\/strong>: Concert Candlelight : Disney Chansons d\u2019Amour<\/li>\n<li><strong>Lieu <\/strong>: Palais de la Bourse de Lyon.<\/li>\n<li><strong>Dates et horaires<\/strong> : Consultez la programmation compl\u00e8te sur la billetterie officielle.<\/li>\n<li><strong>\u00c2ge requis<\/strong> : Accessible \u00e0 partir de 5 ans (les mineurs doivent \u00eatre accompagn\u00e9s d\u2019un adulte).<\/li>\n<li><strong>Accessibilit\u00e9<\/strong> : Le site est accessible aux personnes \u00e0 mobilit\u00e9 r\u00e9duite.<\/li>\n<li><strong>Ouverture des portes<\/strong> : Les portes ouvrent entre 30 \u00e0 45 minutes avant le d\u00e9but du spectacle. <\/li>\n<\/ul>\n","protected":false},"excerpt":{"rendered":"\u00a0\u2013\u00a0 Journaliste \u00a0\u00b7\u00a0 juillet 15, 2026 Voici une annonce qui fera briller aussi bien les yeux des enfants&hellip;\n","protected":false},"author":2,"featured_media":1065696,"comment_status":"","ping_status":"","sticky":false,"template":"","format":"standard","meta":{"footnotes":"","_share_on_mastodon":"0"},"categories":[1889],"tags":[1111,11,2430,54170,63060,1777,674,1011,27,2428,873,12,25],"class_list":["post-1065695","post","type-post","status-publish","format-standard","has-post-thumbnail","category-lyon","tag-actu","tag-actualites","tag-auvergne-rhone-alpes","tag-bougies","tag-concert-candlelight","tag-eu","tag-europe","tag-fr","tag-france","tag-lyon","tag-musique","tag-news","tag-republique-francaise"],"share_on_mastodon":{"url":"https:\/\/pubeurope.com\/@fr\/116922913157660971","error":""},"_links":{"self":[{"href":"https:\/\/www.europesays.com\/fr\/wp-json\/wp\/v2\/posts\/1065695","targetHints":{"allow":["GET"]}}],"collection":[{"href":"https:\/\/www.europesays.com\/fr\/wp-json\/wp\/v2\/posts"}],"about":[{"href":"https:\/\/www.europesays.com\/fr\/wp-json\/wp\/v2\/types\/post"}],"author":[{"embeddable":true,"href":"https:\/\/www.europesays.com\/fr\/wp-json\/wp\/v2\/users\/2"}],"replies":[{"embeddable":true,"href":"https:\/\/www.europesays.com\/fr\/wp-json\/wp\/v2\/comments?post=1065695"}],"version-history":[{"count":0,"href":"https:\/\/www.europesays.com\/fr\/wp-json\/wp\/v2\/posts\/1065695\/revisions"}],"wp:featuredmedia":[{"embeddable":true,"href":"https:\/\/www.europesays.com\/fr\/wp-json\/wp\/v2\/media\/1065696"}],"wp:attachment":[{"href":"https:\/\/www.europesays.com\/fr\/wp-json\/wp\/v2\/media?parent=1065695"}],"wp:term":[{"taxonomy":"category","embeddable":true,"href":"https:\/\/www.europesays.com\/fr\/wp-json\/wp\/v2\/categories?post=1065695"},{"taxonomy":"post_tag","embeddable":true,"href":"https:\/\/www.europesays.com\/fr\/wp-json\/wp\/v2\/tags?post=1065695"}],"curies":[{"name":"wp","href":"https:\/\/api.w.org\/{rel}","templated":true}]}}