{"id":106577,"date":"2025-05-17T08:54:08","date_gmt":"2025-05-17T08:54:08","guid":{"rendered":"https:\/\/www.europesays.com\/fr\/106577\/"},"modified":"2025-05-17T08:54:08","modified_gmt":"2025-05-17T08:54:08","slug":"jules-verne-en-vedette-au-grand-hotel-des-reves","status":"publish","type":"post","link":"https:\/\/www.europesays.com\/fr\/106577\/","title":{"rendered":"Jules Verne en vedette au Grand H\u00f4tel des R\u00eaves"},"content":{"rendered":"<p>Il y a eu La Belle et la B\u00eate et La V\u00e9ritable histoire du P\u00e8re No\u00ebl. Place d\u00e9sormais au Voyage extraordinaire de Jules Verne. Pour son troisi\u00e8me spectacle immersif en moins d\u2019un an, le Grand H\u00f4tel des R\u00eaves (anciennement H\u00f4tel Le Brun) propose une plong\u00e9e dans l\u2019\u0153uvre de l\u2019un des plus fascinants romanciers.\u00a0Pendant pr\u00e8s d\u2019une heure, les visiteurs sont invit\u00e9s \u00e0 suivre vingt-quatre com\u00e9diens qui \u00e9voluent sur un parcours de huit tableaux. L\u2019occasion de faire plus ample connaissance avec des personnages mythiques tels que Phileas Fogg, le capitaine N\u00e9mo ou le docteur Fergusson. Un voyage captivant et d\u00e9paysant.<\/p>\n","protected":false},"excerpt":{"rendered":"Il y a eu La Belle et la B\u00eate et La V\u00e9ritable histoire du P\u00e8re No\u00ebl. Place d\u00e9sormais&hellip;\n","protected":false},"author":2,"featured_media":106578,"comment_status":"","ping_status":"","sticky":false,"template":"","format":"standard","meta":{"footnotes":""},"categories":[1888],"tags":[11,1777,674,2087,1011,27,12,626,25],"class_list":{"0":"post-106577","1":"post","2":"type-post","3":"status-publish","4":"format-standard","5":"has-post-thumbnail","7":"category-paris","8":"tag-actualites","9":"tag-eu","10":"tag-europe","11":"tag-evenement","12":"tag-fr","13":"tag-france","14":"tag-news","15":"tag-paris","16":"tag-republique-francaise"},"share_on_mastodon":{"url":"https:\/\/pubeurope.com\/@fr\/114522335708410900","error":""},"_links":{"self":[{"href":"https:\/\/www.europesays.com\/fr\/wp-json\/wp\/v2\/posts\/106577","targetHints":{"allow":["GET"]}}],"collection":[{"href":"https:\/\/www.europesays.com\/fr\/wp-json\/wp\/v2\/posts"}],"about":[{"href":"https:\/\/www.europesays.com\/fr\/wp-json\/wp\/v2\/types\/post"}],"author":[{"embeddable":true,"href":"https:\/\/www.europesays.com\/fr\/wp-json\/wp\/v2\/users\/2"}],"replies":[{"embeddable":true,"href":"https:\/\/www.europesays.com\/fr\/wp-json\/wp\/v2\/comments?post=106577"}],"version-history":[{"count":0,"href":"https:\/\/www.europesays.com\/fr\/wp-json\/wp\/v2\/posts\/106577\/revisions"}],"wp:featuredmedia":[{"embeddable":true,"href":"https:\/\/www.europesays.com\/fr\/wp-json\/wp\/v2\/media\/106578"}],"wp:attachment":[{"href":"https:\/\/www.europesays.com\/fr\/wp-json\/wp\/v2\/media?parent=106577"}],"wp:term":[{"taxonomy":"category","embeddable":true,"href":"https:\/\/www.europesays.com\/fr\/wp-json\/wp\/v2\/categories?post=106577"},{"taxonomy":"post_tag","embeddable":true,"href":"https:\/\/www.europesays.com\/fr\/wp-json\/wp\/v2\/tags?post=106577"}],"curies":[{"name":"wp","href":"https:\/\/api.w.org\/{rel}","templated":true}]}}