{"id":106588,"date":"2025-05-17T09:00:10","date_gmt":"2025-05-17T09:00:10","guid":{"rendered":"https:\/\/www.europesays.com\/fr\/106588\/"},"modified":"2025-05-17T09:00:10","modified_gmt":"2025-05-17T09:00:10","slug":"quand-on-parle-dindustrie-de-defense-lallemagne-entend-industrie-et-la-france-defense","status":"publish","type":"post","link":"https:\/\/www.europesays.com\/fr\/106588\/","title":{"rendered":"\u00ab Quand on parle d\u2019industrie de d\u00e9fense, l\u2019Allemagne entend \u2018industrie\u2019 et la France \u2018d\u00e9fense\u2019 \u00bb"},"content":{"rendered":"<p>L\u2019\u00e9lection du nouveau chancelier Friedrich Merz a \u00e9t\u00e9 compliqu\u00e9e, \u00e9lu au second tour du vote du parlement allemand, une premi\u00e8re de l\u2019histoire de la R\u00e9publique f\u00e9d\u00e9rale allemande. La grande coalition CDU-SPD est apparue plus fragile que pr\u00e9vu, avec peu de marges de man\u0153uvre. Dans le m\u00eame temps, le d\u00e9sengagement des \u00c9tats-Unis et la menace d\u2019une guerre avec la Russie obligent le couple franco-allemand \u00e0 se renforcer.<\/p>\n<p><strong>Une \u00e9lection compliqu\u00e9e pour Merz<\/strong><\/p>\n<p>L\u2019\u00e9lection du nouveau chancelier, du parti conservateur de la CDU, n\u2019a pas \u00e9t\u00e9 \u00e9vidente. Pour Tobias Cremer, eurod\u00e9put\u00e9 social-d\u00e9mocrate au Parlement europ\u00e9en et membre du SPD en Allemagne, \u00ab\u00a0ce n\u2019\u00e9tait pas un d\u00e9part id\u00e9al. C\u2019est irresponsable de la part de ceux qui ont vot\u00e9 contre \u00bb. L\u2019eurod\u00e9put\u00e9 allemand, membre de Renew Europe et du FDP allemand, Jan-Christoph Oetjen, abonde : \u00ab\u00a0C\u2019est un mauvais d\u00e9part. \u00c7a montre qu\u2019il y a des oppositions au sein de cette nouvelle coalition, qu\u2019ils ne sont pas d\u2019accord avec tout ce qui a \u00e9t\u00e9 discut\u00e9 \u00bb.<\/p>\n<p><strong>Un impact n\u00e9gatif sur le couple franco-allemand\u00a0?<\/strong><\/p>\n<p>L\u2019Allemagne et la France repr\u00e9sentent l\u2019\u00e9quivalent de 40% du PIB de l\u2019Union europ\u00e9enne. Le tandem \u00ab Merzcron \u00bb, d\u2019Emmanuel Macron et Friedrich Merz, semble \u00eatre oblig\u00e9 de fonctionner. \u00ab C\u2019est un nouveau couple o\u00f9 on esp\u00e8re qu\u2019il durera un certain temps, pour qu\u2019il puisse faire avancer les choses en Europe \u00bb estime Jan-Christoph Oetjen. Christophe Gomart, eurod\u00e9put\u00e9 fran\u00e7ais, du Parti populaire europ\u00e9en, affirme qu\u2019avant d\u2019arriver au Parlement europ\u00e9en, le couple franco-allemand \u00e9tait pour lui \u00ab quelque chose qui n\u2019existait pas vraiment \u00bb. \u00ab Mais en arrivant au Parlement, des coll\u00e8gues de petits pays sont venus me voir en me disant \u2018Il faut que la France et l\u2019Allemagne s\u2019entendent sinon l\u2019Europe n\u2019avance pas\u2019 \u00bb, analyse-t-il.<\/p>\n<p>Selon Tobias Cremer : \u00ab Je crois qu\u2019ils n\u2019ont pas le choix, ils doivent se comprendre. Le chancelier Merz a fait sa premi\u00e8re visite \u00e0 Paris, ce qui est un bon signe\u2026 On n\u2019a pas le choix, on a besoin du couple franco-allemand \u00bb.<\/p>\n<p><strong>Les Allemands, \u00ab r\u00e9alistes et pragmatiques\u00a0\u00bb, investissent<\/strong><\/p>\n<p>Face aux menaces de la Russie, l\u2019Allemagne a sorti un \u00ab bazooka \u00bb d\u2019investissements de 1 000 milliards d\u2019euros, destin\u00e9s aux infrastructures et \u00e0 la d\u00e9fense, mais les lib\u00e9raux allemands sont oppos\u00e9s \u00e0 ces d\u00e9penses massives. Jan-Christoph Oetjen, membre du FDP, explique : \u00ab Ce qu\u2019a fait ce nouveau gouvernement, au lieu de voir o\u00f9 l\u2019on peut r\u00e9duire les d\u00e9penses, c\u2019est de financer tous ces investissements avec une dette. C\u2019est du jamais-vu en Allemagne. On \u00e9tait critiques par rapport \u00e0 cette dette, mais pas par rapport aux investissements \u00bb.<br \/>Tobias Cremer ajoute\u00a0: \u00ab\u00a0On est r\u00e9aliste et on est pragmatique. Je suis transatlantiste, mais je vois qu\u2019il y a une administration am\u00e9ricaine qui essaye de quitter cette alliance \u00bb.<\/p>\n<p>La France, plus endett\u00e9e, n\u2019a pas les moyens de r\u00e9aliser de tels investissements. De quoi recevoir des le\u00e7ons de rigueur budg\u00e9taire par l\u2019Allemagne\u00a0? D\u2019apr\u00e8s Christophe Gomart, \u00ab\u00a0il est n\u00e9cessaire que la France en ait, parce qu\u2019on ne peut pas continuer \u00e0 s\u2019endetter \u00e0 cette vitesse\u00a0\u00bb.<\/p>\n<p><strong>L\u2019Allemagne et la France comme ciment d\u2019une Europe renforc\u00e9e\u00a0militairement ?<\/strong><\/p>\n<p>Emmanuel Macron pr\u00e9conise d\u2019\u00eatre plus ind\u00e9pendant vis-\u00e0-vis des Am\u00e9ricains et de soutenir plus massivement l\u2019Ukraine avec des garanties de s\u00e9curit\u00e9. Outre-Rhin, Jan-Christoph Oetjen\u00a0n\u2019est \u00ab\u00a0pas s\u00fbr que l\u2019on arrive sur des lignes politiques fran\u00e7aises\u00a0\u00bb, mais pense \u00ab\u00a0qu\u2019il est n\u00e9cessaire de converger plus\u00a0\u00bb.<\/p>\n<p>Pour Christophe Gomart : \u00ab On est \u00e0 un moment de choix pour la France et l\u2019Allemagne comme pour l\u2019Union europ\u00e9enne, face \u00e0 l\u2019imp\u00e9rialisme russe, tr\u00e8s visible dans son agression totale de l\u2019Ukraine \u00bb. Face \u00e0 l\u2019isolationnisme et au d\u00e9sengagement am\u00e9ricain, \u00ab il est n\u00e9cessaire que la France et l\u2019Allemagne prennent le lead d\u2019une Europe renforc\u00e9e. Quand on parle d\u2019industrie de d\u00e9fense, l\u2019Allemagne entend \u2018industrie\u2019 et la France entend \u2018d\u00e9fense\u2019. On doit se coordonner, se rejoindre sur ce point-l\u00e0 \u00bb, conclut-il.<\/p>\n<p><a href=\"https:\/\/www.publicsenat.fr\/emission\/ici-leurope\/france-allemagne-un-couple-fragile-e35\" rel=\"nofollow noopener\" target=\"_blank\" data-ylk=\"slk:Une \u00e9mission \u00e0 revoir en int\u00e9gralit\u00e9 sur notre espace replay.;elm:context_link;itc:0;sec:content-canvas\" class=\"link \">Une \u00e9mission \u00e0 revoir en int\u00e9gralit\u00e9 sur notre espace replay.<\/a><\/p>\n","protected":false},"excerpt":{"rendered":"L\u2019\u00e9lection du nouveau chancelier Friedrich Merz a \u00e9t\u00e9 compliqu\u00e9e, \u00e9lu au second tour du vote du parlement allemand,&hellip;\n","protected":false},"author":2,"featured_media":106589,"comment_status":"","ping_status":"","sticky":false,"template":"","format":"standard","meta":{"footnotes":""},"categories":[1587],"tags":[11,672,1804,22356,8654,1805,1803,1777,674,27,4710,1801,22355,7738,3442,12,1802],"class_list":{"0":"post-106588","1":"post","2":"type-post","3":"status-publish","4":"format-standard","5":"has-post-thumbnail","7":"category-allemagne","8":"tag-actualites","9":"tag-allemagne","10":"tag-bundesrepublik-deutschland","11":"tag-christophe-gomart","12":"tag-couple-franco-allemand","13":"tag-de","14":"tag-deutschland","15":"tag-eu","16":"tag-europe","17":"tag-france","18":"tag-friedrich-merz","19":"tag-germany","20":"tag-jan-christoph-oetjen","21":"tag-lunion-europeenne","22":"tag-lallemagne","23":"tag-news","24":"tag-republique-federale-dallemagne"},"share_on_mastodon":{"url":"https:\/\/pubeurope.com\/@fr\/114522359291661921","error":""},"_links":{"self":[{"href":"https:\/\/www.europesays.com\/fr\/wp-json\/wp\/v2\/posts\/106588","targetHints":{"allow":["GET"]}}],"collection":[{"href":"https:\/\/www.europesays.com\/fr\/wp-json\/wp\/v2\/posts"}],"about":[{"href":"https:\/\/www.europesays.com\/fr\/wp-json\/wp\/v2\/types\/post"}],"author":[{"embeddable":true,"href":"https:\/\/www.europesays.com\/fr\/wp-json\/wp\/v2\/users\/2"}],"replies":[{"embeddable":true,"href":"https:\/\/www.europesays.com\/fr\/wp-json\/wp\/v2\/comments?post=106588"}],"version-history":[{"count":0,"href":"https:\/\/www.europesays.com\/fr\/wp-json\/wp\/v2\/posts\/106588\/revisions"}],"wp:featuredmedia":[{"embeddable":true,"href":"https:\/\/www.europesays.com\/fr\/wp-json\/wp\/v2\/media\/106589"}],"wp:attachment":[{"href":"https:\/\/www.europesays.com\/fr\/wp-json\/wp\/v2\/media?parent=106588"}],"wp:term":[{"taxonomy":"category","embeddable":true,"href":"https:\/\/www.europesays.com\/fr\/wp-json\/wp\/v2\/categories?post=106588"},{"taxonomy":"post_tag","embeddable":true,"href":"https:\/\/www.europesays.com\/fr\/wp-json\/wp\/v2\/tags?post=106588"}],"curies":[{"name":"wp","href":"https:\/\/api.w.org\/{rel}","templated":true}]}}