{"id":106596,"date":"2025-05-17T09:04:10","date_gmt":"2025-05-17T09:04:10","guid":{"rendered":"https:\/\/www.europesays.com\/fr\/106596\/"},"modified":"2025-05-17T09:04:10","modified_gmt":"2025-05-17T09:04:10","slug":"meurthe-et-moselle-un-gendarme-percute-par-un-motard-lors-dun-rodeo-urbain-en-solitaire-pres-de-nancy-le-dauphine-libere","status":"publish","type":"post","link":"https:\/\/www.europesays.com\/fr\/106596\/","title":{"rendered":"Meurthe-et-Moselle. Un gendarme percut\u00e9 par un motard lors d&#039;un rod\u00e9o urbain en solitaire pr\u00e8s de Nancy &#8211; Le Dauphin\u00e9 Lib\u00e9r\u00e9"},"content":{"rendered":"<ol>\n<li><a href=\"https:\/\/news.google.com\/rss\/articles\/CBMiyAFBVV95cUxQSmVRVHh0eGlOcjhEenlabHNkaGhpemRYa0VLTF9YNEhzUVVoMlJacE9Ub0xKNHYzVEJCcmFZMWxpX0ZYOTBLbW1pSXZxOTRsZ3cxOUhwbGE5NF9fcGNseENxdlJUbkkzWjlFbjlNRS1tbE9SZ0hyNXNMQUQ4MHRLb0l2dHJZYWQwZHp2d1hDWlNKOFNpN3dHZTBKdmRIdWd3SUtxNF9vQVVXWV9janlPaTdnS3dLb3BnbEUyZ2NPXzNVY0ZWM2dTeg?oc=5\" target=\"_blank\" rel=\"nofollow noopener\">Meurthe-et-Moselle. Un gendarme percut\u00e9 par un motard lors d&rsquo;un rod\u00e9o urbain en solitaire pr\u00e8s de Nancy<\/a>&nbsp;&nbsp;Le Dauphin\u00e9 Lib\u00e9r\u00e9<\/li>\n<li><a href=\"https:\/\/news.google.com\/rss\/articles\/CBMijwJBVV95cUxNYVpCMlM4cTdORi1IMUNkVlBoYnYzZnh0WlJfQjBVNmVZYTBJYzM3YTlXWjJXcktJTDVmN0pOMmNWeVRoTUszMHI3cWNsbGl1TjRUckhQWVgxYnh5NkJiRVhSekVVOUZ5cTJUUktZY2dKRjJYQTRWZVVoa0N6NUMyNU1HaXRDTmhsNTQwSVp1ZzllVXgxTl9Bdjd1aTRxWWZqZnhXZVdIOEZCUmtCdVVmaEcza3Y2LVR5UDRjRDRQV1J3LUpnY0xJdGJ1Um5oQzdiWldnbjB4ZmNmdHVNZ2UtNldJREI1ZjF2M2puWDRSOUxnWVYzbE02eFJTaUhXOUlTUEpjMTBKS0llRmg3YS0w?oc=5\" target=\"_blank\" rel=\"nofollow noopener\">Rod\u00e9o urbain et refus d\u2019obtemp\u00e9rer : un gendarme \u00ab\u00a0percut\u00e9 volontairement\u00a0\u00bb par un individu \u00e0 moto, il souffre de \u00ab\u00a0fractures assez importantes\u00a0\u00bb<\/a>&nbsp;&nbsp;ladepeche.fr<\/li>\n<li><a href=\"https:\/\/news.google.com\/rss\/articles\/CBMizgFBVV95cUxNRmhLOWtQeHpxVnBEZ1QtU0ZTOW55cld6VVRmUkJsVGt0VXFtalNkdFljVHVHVDRTU3Frenp5VzJvbTNTMFpuYjdtaEF5SFVLV1J5SkE5bkluOFFVQ2VpMFFDQThNZHFoRU1yNl9ReWtiMnpIVGc1SkdmQUM4TDAtMmN5TnI2ckptX2NUM09tT3luajkxMEVqSFd6Y2o1OWdQa1BPeldQRlBlT1kzWFhVMWlGMERfS05KSDNSZFNwTV9LelpGbWRGUFZZdzVXZw?oc=5\" target=\"_blank\" rel=\"nofollow noopener\">Nancy : un gendarme gravement bless\u00e9 apr\u00e8s avoir \u00e9t\u00e9 volontairement percut\u00e9 par un motard<\/a>&nbsp;&nbsp;RTL.fr<\/li>\n<li><a href=\"https:\/\/news.google.com\/rss\/articles\/CBMizgFBVV95cUxNVk5LSnlERHRhWEtYNVRjRTB6MUhnVWUybk9IbEFfdk5fZXpKQWhQZVZFbW1VZWlBMlFMaHROYkp4bC1DdHhiVkwwS0pPZmtLVnlXVE5LRWo1UW9USk1GMmtmbW5hV1JKRUxkRFZzOTlSMnFqaFdhNFZCbVZkOUZRcHdhanhjblV0WmhsamNUN0pOVFdXbDdjam54SXhBYTdzdGx2SnNabjVxRXNDckZvQVZUNEdoOHVfX0cybWxFaUMwZTFCaWY3QTVRLUlYZw?oc=5\" target=\"_blank\" rel=\"nofollow noopener\">Un gendarme percut\u00e9 par une moto lors d&rsquo;un rod\u00e9o urbain \u00e0 Neuves-Maisons<\/a>&nbsp;&nbsp;francebleu.fr<\/li>\n<li><a href=\"https:\/\/news.google.com\/rss\/articles\/CBMitAFBVV95cUxPRzQ5c1duRmlZdzJwemt2dlFlcUdBWFpyYXY3TWtFVkNJTVlPaEYtTkltc2xqN2tnRktUc1hfX3BOUmVOQVlrN0ppMkZuNHZSdmhzNjBqbnQ1bWpBd2pObWhPb0lpUU1xTXFNS1g5N0UyTGQxdXNOZmU2YjRzWldQQ2JfYThQTllvTC1NVW14dXdyaVN6MW43ZXRQdmxhSXpxZkwtMEVqc1NkeGFnMFBBS0xIWlHSAboBQVVfeXFMTW9FZmYzWTZUamx5SmdOX0ktTmxTZndoQ1l2NEdJSG9RSG1WQnh4dXVWSG5idHZqcHc3dGxRcnFnQk1TTHlFTThIQVVxVkcxTTdFTVJrcHpNaHVfMmxMWEYzbDE5UjhNQkJxUVJpcFkzUzNYS0R0ZmZzeFczZUJfN1pTSzBZSlIwaUtaaUIwOXZtZmhfY20yM2lFbi1lUExnanhNNllGTWZKVVZtdnRGV3dWWS1zMHZ4WkRB?oc=5\" target=\"_blank\" rel=\"nofollow noopener\">Rod\u00e9o urbain : un gendarme volontairement percut\u00e9 par un motard en Meurthe-et-Moselle<\/a>&nbsp;&nbsp;CNews<\/li>\n<\/ol>\n","protected":false},"excerpt":{"rendered":"Meurthe-et-Moselle. Un gendarme percut\u00e9 par un motard lors d&rsquo;un rod\u00e9o urbain en solitaire pr\u00e8s de Nancy&nbsp;&nbsp;Le Dauphin\u00e9 Lib\u00e9r\u00e9&hellip;\n","protected":false},"author":2,"featured_media":106597,"comment_status":"","ping_status":"","sticky":false,"template":"","format":"standard","meta":{"footnotes":""},"categories":[2],"tags":[11,271,272,274,107,1011,27,329,12,25,104],"class_list":{"0":"post-106596","1":"post","2":"type-post","3":"status-publish","4":"format-standard","5":"has-post-thumbnail","7":"category-actualites","8":"tag-actualites","9":"tag-crime","10":"tag-delit-et-contravention","11":"tag-faits-divers-justice","12":"tag-fil-info","13":"tag-fr","14":"tag-france","15":"tag-france-monde","16":"tag-news","17":"tag-republique-francaise","18":"tag-societe"},"share_on_mastodon":{"url":"https:\/\/pubeurope.com\/@fr\/114522375013335671","error":""},"_links":{"self":[{"href":"https:\/\/www.europesays.com\/fr\/wp-json\/wp\/v2\/posts\/106596","targetHints":{"allow":["GET"]}}],"collection":[{"href":"https:\/\/www.europesays.com\/fr\/wp-json\/wp\/v2\/posts"}],"about":[{"href":"https:\/\/www.europesays.com\/fr\/wp-json\/wp\/v2\/types\/post"}],"author":[{"embeddable":true,"href":"https:\/\/www.europesays.com\/fr\/wp-json\/wp\/v2\/users\/2"}],"replies":[{"embeddable":true,"href":"https:\/\/www.europesays.com\/fr\/wp-json\/wp\/v2\/comments?post=106596"}],"version-history":[{"count":0,"href":"https:\/\/www.europesays.com\/fr\/wp-json\/wp\/v2\/posts\/106596\/revisions"}],"wp:featuredmedia":[{"embeddable":true,"href":"https:\/\/www.europesays.com\/fr\/wp-json\/wp\/v2\/media\/106597"}],"wp:attachment":[{"href":"https:\/\/www.europesays.com\/fr\/wp-json\/wp\/v2\/media?parent=106596"}],"wp:term":[{"taxonomy":"category","embeddable":true,"href":"https:\/\/www.europesays.com\/fr\/wp-json\/wp\/v2\/categories?post=106596"},{"taxonomy":"post_tag","embeddable":true,"href":"https:\/\/www.europesays.com\/fr\/wp-json\/wp\/v2\/tags?post=106596"}],"curies":[{"name":"wp","href":"https:\/\/api.w.org\/{rel}","templated":true}]}}