{"id":106604,"date":"2025-05-17T09:09:08","date_gmt":"2025-05-17T09:09:08","guid":{"rendered":"https:\/\/www.europesays.com\/fr\/106604\/"},"modified":"2025-05-17T09:09:08","modified_gmt":"2025-05-17T09:09:08","slug":"atp-rome-andre-agassi-a-propos-de-sinner-cela-narrive-peut-etre-que-trois-fois-dans-une-carriere","status":"publish","type":"post","link":"https:\/\/www.europesays.com\/fr\/106604\/","title":{"rendered":"ATP &#8211; Rome > Andre Agassi, \u00e0 propos de Sinner : \u00ab\u00a0Cela n&rsquo;arrive peut-\u00eatre que trois fois dans une carri\u00e8re\u00a0\u00bb"},"content":{"rendered":"<p><a href=\"https:\/\/www.welovetennis.fr\/atp\/atp-rome\/un-vaisseau-spatial-qui-joue-contre-des-avions-normaux-le-point-de-vue-dandre-agassi-sur-lavantage-de-carlos-alcaraz-sur-jannik-sinner-sur-terre-battue\" data-wpel-link=\"internal\" rel=\"nofollow noopener\" target=\"_blank\">Apr\u00e8s avoir donn\u00e9 son avis sur la riva\u00adlit\u00e9 entre Jannik Sinner et Carlos Alcaraz<\/a>, qui s\u2019af\u00adfron\u00adte\u00adront en finale du Masters 1000 de Rome, Andre Agassi s\u2019est exprim\u00e9 sur le retour de suspen\u00adsion fracas\u00adsant du num\u00e9ro 1 mondial.\u00a0<\/p>\n<p><strong>\u00ab\u202fJouer aussi bien, contre un adver\u00adsaire aussi dange\u00adreux et effi\u00adcace que Ruud, sur cette surface\u202f? Cela n\u2019ar\u00adrive peut\u2010\u00eatre que trois fois dans une carri\u00e8re. C\u2019\u00e9tait magni\u00adfique \u00e0 voir. Ruud ne pouvait pas esp\u00e9rer grand\u2010chose sur ce terrain. Je suis d\u00e9sol\u00e9 pour lui, mais il l\u2019a bien pris. Sinner est un joueur excep\u00adtionnel. Pour quel\u00adqu\u2019un comme moi, \u00e7a me touche droit au c\u0153ur\u2026 Son agres\u00adsi\u00advit\u00e9 contr\u00f4l\u00e9e m\u2019im\u00adpres\u00adsionne \u00e9nor\u00adm\u00e9\u00adment\u202f\u00bb<\/strong>, a d\u00e9clar\u00e9 l\u2019oc\u00adtuple laur\u00e9at en Grand Chelem au micro de Tennis Channel. <\/p>\n<p class=\"post-published-date\" style=\"color: silver; font-size: 75%; text-align: left;\">Publi\u00e9 le samedi 17 mai 2025 \u00e0 10:27<\/p>\n","protected":false},"excerpt":{"rendered":"Apr\u00e8s avoir donn\u00e9 son avis sur la riva\u00adlit\u00e9 entre Jannik Sinner et Carlos Alcaraz, qui s\u2019af\u00adfron\u00adte\u00adront en finale&hellip;\n","protected":false},"author":2,"featured_media":106605,"comment_status":"","ping_status":"","sticky":false,"template":"","format":"standard","meta":{"footnotes":""},"categories":[1415],"tags":[18937,1744,1011,27,2127,60,1467],"class_list":{"0":"post-106604","1":"post","2":"type-post","3":"status-publish","4":"format-standard","5":"has-post-thumbnail","7":"category-tennis","8":"tag-agassi","9":"tag-alcaraz","10":"tag-fr","11":"tag-france","12":"tag-sinner","13":"tag-sports","14":"tag-tennis"},"share_on_mastodon":{"url":"https:\/\/pubeurope.com\/@fr\/114522394664357105","error":""},"_links":{"self":[{"href":"https:\/\/www.europesays.com\/fr\/wp-json\/wp\/v2\/posts\/106604","targetHints":{"allow":["GET"]}}],"collection":[{"href":"https:\/\/www.europesays.com\/fr\/wp-json\/wp\/v2\/posts"}],"about":[{"href":"https:\/\/www.europesays.com\/fr\/wp-json\/wp\/v2\/types\/post"}],"author":[{"embeddable":true,"href":"https:\/\/www.europesays.com\/fr\/wp-json\/wp\/v2\/users\/2"}],"replies":[{"embeddable":true,"href":"https:\/\/www.europesays.com\/fr\/wp-json\/wp\/v2\/comments?post=106604"}],"version-history":[{"count":0,"href":"https:\/\/www.europesays.com\/fr\/wp-json\/wp\/v2\/posts\/106604\/revisions"}],"wp:featuredmedia":[{"embeddable":true,"href":"https:\/\/www.europesays.com\/fr\/wp-json\/wp\/v2\/media\/106605"}],"wp:attachment":[{"href":"https:\/\/www.europesays.com\/fr\/wp-json\/wp\/v2\/media?parent=106604"}],"wp:term":[{"taxonomy":"category","embeddable":true,"href":"https:\/\/www.europesays.com\/fr\/wp-json\/wp\/v2\/categories?post=106604"},{"taxonomy":"post_tag","embeddable":true,"href":"https:\/\/www.europesays.com\/fr\/wp-json\/wp\/v2\/tags?post=106604"}],"curies":[{"name":"wp","href":"https:\/\/api.w.org\/{rel}","templated":true}]}}