{"id":1066045,"date":"2026-07-15T11:45:16","date_gmt":"2026-07-15T11:45:16","guid":{"rendered":"https:\/\/www.europesays.com\/fr\/1066045\/"},"modified":"2026-07-15T11:45:16","modified_gmt":"2026-07-15T11:45:16","slug":"inflation-et-taux-directeurs-aux-usa","status":"publish","type":"post","link":"https:\/\/www.europesays.com\/fr\/1066045\/","title":{"rendered":"Inflation et taux directeurs aux USA"},"content":{"rendered":"<p>                    La hausse ajourn\u00e9e&#8230;<\/p>\n<p>En juin, l\u2019inflation am\u00e9ricaine a recul\u00e9 de\u00a00,4% par rapport au mois pr\u00e9c\u00e9dent. Sur un an, elle ne progresse plus que de\u00a03,5%, contre\u00a04,2% en mai.<\/p>\n<p>Cette am\u00e9lioration s\u2019explique notamment par l\u2019accalmie observ\u00e9e en juin au Moyen-Orient, qui a fait baisser les prix de l\u2019\u00e9nergie de\u00a05,7% par rapport au mois pr\u00e9c\u00e9dent et permis une meilleure stabilit\u00e9 des prix \u00e0 la consommation.<\/p>\n<p>La R\u00e9serve f\u00e9d\u00e9rale a donc la possibilit\u00e9 de maintenir ses taux directeurs inchang\u00e9s lors de sa r\u00e9union du 29\u00a0juillet. <br \/>Les investisseurs, qui craignaient un rench\u00e9rissement du cr\u00e9dit, ont accueilli cette perspective avec soulagement. Un environnement de financement plus favorable soutient en effet l\u2019investissement, la consommation et les b\u00e9n\u00e9fices des entreprises. <br \/>Le march\u00e9 obligataire en profite \u00e9galement : le rendement des emprunts obligataires am\u00e9ricains \u00e0 deux ans est revenu vers\u00a04,2%, contre\u00a04,3% auparavant.<\/p>\n<p style=\"text-align: center;\">&#13;<br \/>\n    <a data-plugin=\"modal\" data-popup-type=\"inline\" href=\"#aline-authentication-modal\" data-register-url=\"https:\/\/login.test-achats.be\/?wa=registeruser1.0&amp;wtrealm=eur%3a%2f%2feuroconsumers.pro.flinesc.fr-be%2f&amp;wreply=https%3a%2f%2fwww.test-achats.be%2finvest%2fCommonAPI%2fCommonBeanTrigger%2fSendLoginOkMessage%3fReturnUrl%3dsec%253a%252f%252frealm%252feuroconsumers.pro.sitecorecd.fr-be%252fxENoU9zvkO-69FILI51aus581gzE2gzGxG5aFLNMfnMz6TkBE8GCMDKW-XH19Zrl1RPqsQxMdmhfUllKwxi3A_AeZ9B_gitjmUtb4YgyLNqcNWuCnxq6MdQ3HXWJZzv2X26qfU9FFmF4ekCkNicbkv3bLFnyHtLoJKlQwJOFk3gYHng5wZ7aJFphp-gJTWf8sPfHBGC4ZgOIUWY86lP2S21n5vlFn2gylEVhwvUNASK-6lXrfaOLitHOcsgZP_WaHFQMAX1sD5DuZ0nbn_QbC6rC63RNTzewh9tY9XL4pyH_uClUHrti7i-AYLRW7dmxBo7jTmSaf5-xemsEcOSF-T-J1YlpKTxwu5qrcTgf_4G9cko-Uh7SOoVi3wb2k4VsHD_wXrzAIg6Me_3-hNYE2D7aAoVWwf3xavMj92oO9CwoC4dVbQeVrCXMIJgsuI90iUIz2w2&amp;ectx=Y3Q6ZWRpdG9yaWFs&amp;customstyle=flinescbe\" class=\"btn btn--primary btn--large \" data-selector=\"aline-authentication-modal--btn-trigger\" data-aline-authentication-target=\"register\" data-aline-authentication-source=\"fline\" data-feff-tracking-enabled=\"true\" data-feff-tracking=\"\/invest\/funnel\/stepA?signuptype=editorial&amp;signupcontent=inflation-taux-usa&amp;pageurl=%252finvest%252finvestir%252fmarches-et-devises%252farticles%252f2026%252f07%252finflation-taux-usa\">Inscrivez-vous sur notre site et suivez l\u2019actualit\u00e9 financi\u00e8re<\/a>&#13;\n<\/p>\n<p>\u2026 mais pas d\u00e9finitivement \u00e9cart\u00e9e\u00a0!<\/p>\n<p>Il convient toutefois de rester prudent, car la situation \u00e9conomique a \u00e9volu\u00e9 depuis le mois de juin.<\/p>\n<p>Le conflit au Moyen-Orient a repris de l\u2019ampleur, entra\u00eenant une hausse des prix du p\u00e9trole. Et l\u2019essor de l\u2019intelligence artificielle continue de pousser les prix des produits \u00e9lectroniques.<\/p>\n<p>Si ces tendances se confirment, un rebond de l\u2019inflation est possible. <br \/>La perspective d\u2019une hausse des taux directeurs am\u00e9ricains avant la fin de l\u2019ann\u00e9e deviendrait d\u00e8s lors plus cr\u00e9dible.<\/p>\n<p>M\u00eame si le recul de l\u2019inflation aux USA pourrait n\u2019\u00eatre que temporaire, il offre un r\u00e9pit bienvenu aux march\u00e9s financiers et permet \u00e0 la Fed de diff\u00e9rer une hausse des taux, qui serait peu opportune dans le contexte actuel.<br \/>Le maintien d\u2019une politique mon\u00e9taire stable devrait permettre \u00e0 l\u2019\u00e9conomie am\u00e9ricaine de poursuivre sa croissance \u00e0 un rythme mod\u00e9r\u00e9. <br \/>Nous continuons d\u2019investir aux \u00c9tats-Unis dans tous <a href=\"https:\/\/www.test-achats.be\/invest\/nos-strategies-et-portefeuilles-types\" rel=\"nofollow noopener\" target=\"_blank\">nos portefeuilles<\/a>.<\/p>\n","protected":false},"excerpt":{"rendered":"La hausse ajourn\u00e9e&#8230; En juin, l\u2019inflation am\u00e9ricaine a recul\u00e9 de\u00a00,4% par rapport au mois pr\u00e9c\u00e9dent. Sur un an,&hellip;\n","protected":false},"author":2,"featured_media":1066046,"comment_status":"","ping_status":"","sticky":false,"template":"","format":"standard","meta":{"footnotes":"","_share_on_mastodon":"0"},"categories":[1589],"tags":[13790,14427,11,130,110423,913,110422,110426,313,73,1866,7512,590,9345,2805,18005,110425,12,110424,18472,316,110427,5337,51556,61157,1115,1864,1865,1863,308],"class_list":["post-1066045","post","type-post","status-publish","format-standard","has-post-thumbnail","category-etats-unis","tag-conomie","tag-nergie","tag-actualites","tag-consommation","tag-crdit","tag-croissance","tag-directeurs","tag-electronic","tag-entreprises","tag-etats-unis","tag-etats-unis-damerique","tag-fed","tag-finance","tag-inflation","tag-investisseurs","tag-march","tag-montaire","tag-news","tag-obligataire","tag-ptrole","tag-politique","tag-portefeuilles","tag-runion","tag-recul","tag-rendement","tag-taux","tag-united-states","tag-united-states-of-america","tag-us","tag-usa"],"share_on_mastodon":{"url":"https:\/\/pubeurope.com\/@fr\/116923827932737389","error":""},"_links":{"self":[{"href":"https:\/\/www.europesays.com\/fr\/wp-json\/wp\/v2\/posts\/1066045","targetHints":{"allow":["GET"]}}],"collection":[{"href":"https:\/\/www.europesays.com\/fr\/wp-json\/wp\/v2\/posts"}],"about":[{"href":"https:\/\/www.europesays.com\/fr\/wp-json\/wp\/v2\/types\/post"}],"author":[{"embeddable":true,"href":"https:\/\/www.europesays.com\/fr\/wp-json\/wp\/v2\/users\/2"}],"replies":[{"embeddable":true,"href":"https:\/\/www.europesays.com\/fr\/wp-json\/wp\/v2\/comments?post=1066045"}],"version-history":[{"count":0,"href":"https:\/\/www.europesays.com\/fr\/wp-json\/wp\/v2\/posts\/1066045\/revisions"}],"wp:featuredmedia":[{"embeddable":true,"href":"https:\/\/www.europesays.com\/fr\/wp-json\/wp\/v2\/media\/1066046"}],"wp:attachment":[{"href":"https:\/\/www.europesays.com\/fr\/wp-json\/wp\/v2\/media?parent=1066045"}],"wp:term":[{"taxonomy":"category","embeddable":true,"href":"https:\/\/www.europesays.com\/fr\/wp-json\/wp\/v2\/categories?post=1066045"},{"taxonomy":"post_tag","embeddable":true,"href":"https:\/\/www.europesays.com\/fr\/wp-json\/wp\/v2\/tags?post=1066045"}],"curies":[{"name":"wp","href":"https:\/\/api.w.org\/{rel}","templated":true}]}}