{"id":1066066,"date":"2026-07-15T12:01:24","date_gmt":"2026-07-15T12:01:24","guid":{"rendered":"https:\/\/www.europesays.com\/fr\/1066066\/"},"modified":"2026-07-15T12:01:24","modified_gmt":"2026-07-15T12:01:24","slug":"om-la-mise-au-point-de-gregory-lorenzi-sur-mason-greenwood","status":"publish","type":"post","link":"https:\/\/www.europesays.com\/fr\/1066066\/","title":{"rendered":"OM\u00a0: la mise au point de Gr\u00e9gory Lorenzi sur Mason Greenwood"},"content":{"rendered":"<p>\u00ab\u00a0On conna\u00eet la complexit\u00e9 du dossier Greenwood, \u00e0 travers l\u2019image du joueur, a r\u00e9pondu Lorenzi. Il ne faut pas penser qu\u2019il y avait beaucoup d\u2019opportunit\u00e9s. Il y avait des discussions qui avaient \u00e9t\u00e9 engag\u00e9es pour essayer de trouver un compromis avec le joueur qui souhaitait partir, parce qu\u2019il faut aussi le pr\u00e9ciser.\u00a0\u00bb<\/p>\n<p>\u00ab\u00a0Les clubs n\u2019ont pas frapp\u00e9 \u00e0 notre porte pour l\u2019acheter\u00a0\u00bb<\/p>\n<p>Une AS Roma d\u00e9sargent\u00e9e, une Atl\u00e9tico de Madrid qui voulait en faire le successeur d\u2019Antoine Griezmann ainsi que celui du possible partant Julian Alvarez et le Fenerbah\u00e7e \u00e9taient les clubs les plus int\u00e9ress\u00e9s. Difficile ainsi d\u2019imaginer un transfert \u00e0 70M\u20ac comme celui d\u2019Anthony Gordon de Newcastle \u00e0 Barcelone.<\/p>\n","protected":false},"excerpt":{"rendered":"\u00ab\u00a0On conna\u00eet la complexit\u00e9 du dossier Greenwood, \u00e0 travers l\u2019image du joueur, a r\u00e9pondu Lorenzi. Il ne faut&hellip;\n","protected":false},"author":2,"featured_media":1066067,"comment_status":"","ping_status":"","sticky":false,"template":"","format":"standard","meta":{"footnotes":"","_share_on_mastodon":"0"},"categories":[1410],"tags":[5734,63,1011,27,1988,46601,4015,6352,149,3948,60,3356],"class_list":["post-1066066","post","type-post","status-publish","format-standard","has-post-thumbnail","category-football","tag-5734","tag-football","tag-fr","tag-france","tag-gregory","tag-lorenzi","tag-mason","tag-mise","tag-om","tag-point","tag-sports","tag-sur"],"share_on_mastodon":{"url":"https:\/\/pubeurope.com\/@fr\/116923890872960710","error":""},"_links":{"self":[{"href":"https:\/\/www.europesays.com\/fr\/wp-json\/wp\/v2\/posts\/1066066","targetHints":{"allow":["GET"]}}],"collection":[{"href":"https:\/\/www.europesays.com\/fr\/wp-json\/wp\/v2\/posts"}],"about":[{"href":"https:\/\/www.europesays.com\/fr\/wp-json\/wp\/v2\/types\/post"}],"author":[{"embeddable":true,"href":"https:\/\/www.europesays.com\/fr\/wp-json\/wp\/v2\/users\/2"}],"replies":[{"embeddable":true,"href":"https:\/\/www.europesays.com\/fr\/wp-json\/wp\/v2\/comments?post=1066066"}],"version-history":[{"count":0,"href":"https:\/\/www.europesays.com\/fr\/wp-json\/wp\/v2\/posts\/1066066\/revisions"}],"wp:featuredmedia":[{"embeddable":true,"href":"https:\/\/www.europesays.com\/fr\/wp-json\/wp\/v2\/media\/1066067"}],"wp:attachment":[{"href":"https:\/\/www.europesays.com\/fr\/wp-json\/wp\/v2\/media?parent=1066066"}],"wp:term":[{"taxonomy":"category","embeddable":true,"href":"https:\/\/www.europesays.com\/fr\/wp-json\/wp\/v2\/categories?post=1066066"},{"taxonomy":"post_tag","embeddable":true,"href":"https:\/\/www.europesays.com\/fr\/wp-json\/wp\/v2\/tags?post=1066066"}],"curies":[{"name":"wp","href":"https:\/\/api.w.org\/{rel}","templated":true}]}}