{"id":106613,"date":"2025-05-17T09:15:14","date_gmt":"2025-05-17T09:15:14","guid":{"rendered":"https:\/\/www.europesays.com\/fr\/106613\/"},"modified":"2025-05-17T09:15:14","modified_gmt":"2025-05-17T09:15:14","slug":"emma-stone-embetee-par-une-abeille-sur-le-tapis-rouge","status":"publish","type":"post","link":"https:\/\/www.europesays.com\/fr\/106613\/","title":{"rendered":"Emma Stone emb\u00eat\u00e9e par une abeille sur le tapis rouge"},"content":{"rendered":"<p>        <img decoding=\"async\" loading=\"lazy\" src=\"https:\/\/www.europesays.com\/fr\/wp-content\/uploads\/2025\/05\/5b8b4f7_sirius-fs-upload-1-zsvnliirip18-1747419851531-000-47222kr.jpg\"  width=\"728\" height=\"409\" alt=\"Austin Butler, Emma Stone et Pedro Pascal sur le tapis rouge du Festival de Cannes, pour la pr\u00e9sentation du film \u00ab Eddington \u00bb, le 16\u00a0mai 2025.\"\/>  <\/p>\n<p>SAMEER AL-DOUMY \/ AFP<\/p>\n<p>Austin Butler, Emma Stone et Pedro Pascal sur le tapis rouge du Festival de Cannes, pour la pr\u00e9sentation du film \u00ab Eddington \u00bb, le 16\u00a0mai 2025.<\/p>\n<p class=\"asset asset-text\">FESTIVAL DE CANNES &#8211; C\u2019est une sc\u00e8ne peu banale sur le tapis rouge du <a href=\"https:\/\/www.huffingtonpost.fr\/culture\/article\/a-cannes-juliette-binoche-rejoint-la-petition-condamnant-le-silence-sur-le-genocide-a-gaza_250130.html\" target=\"_blank\" rel=\"noopener\">Festival de Cannes<\/a> ce vendredi 16\u00a0mai. Pour la pr\u00e9sentation du film Eddington du r\u00e9alisateur am\u00e9ricain Ari Aster, un beau casting s\u2019est pr\u00e9sent\u00e9 devant les photographes avec notamment Joaquin Phoenix, <a href=\"https:\/\/www.huffingtonpost.fr\/culture\/article\/on-a-vu-la-saison-2-de-the-last-of-us-et-pedro-pascal-et-bella-ramsey-affrontent-bien-pire-que-des-zombies_248593.html\" target=\"_blank\" rel=\"noopener\">Pedro Pascal<\/a>, Austin Butler et <a href=\"https:\/\/www.huffingtonpost.fr\/people\/video\/emma-stone-a-trouve-la-meilleure-facon-d-utiliser-les-poches-de-sa-robe-de-soiree-louis-vuitton_246318.html\" target=\"_blank\" rel=\"noopener\">Emma Stone<\/a>.<\/p>\n<p class=\"asset asset-text\"><strong>Comme on peut le voir sur les images ci-dessous ou sur la photo en t\u00eate d\u2019article<\/strong>, cette derni\u00e8re a \u00e9t\u00e9 prise pour cible par une abeille, au point que l\u2019actrice am\u00e9ricaine a d\u00fb se contorsionner et s\u2019appuyer sur le bras de Pedro Pascal pour \u00e9viter l\u2019insecte offensif.<\/p>\n<p> La lecture de ce contenu est susceptible d\u2019entra\u00eener un d\u00e9p\u00f4t de cookies de la part de l\u2019op\u00e9rateur tiers qui l\u2019h\u00e9berge. Compte-tenu des choix que vous avez exprim\u00e9s en mati\u00e8re de d\u00e9p\u00f4t de cookies, nous avons bloqu\u00e9 l\u2019affichage de ce contenu. Si vous souhaitez y acc\u00e9der, vous devez accepter la cat\u00e9gorie de cookies \u201cContenus tiers\u201d en cliquant sur le bouton ci-dessous. <\/p>\n<p> Lire la Vid\u00e9o           <\/p>\n<p> La lecture de ce contenu est susceptible d\u2019entra\u00eener un d\u00e9p\u00f4t de cookies de la part de l\u2019op\u00e9rateur tiers qui l\u2019h\u00e9berge. Compte-tenu des choix que vous avez exprim\u00e9s en mati\u00e8re de d\u00e9p\u00f4t de cookies, nous avons bloqu\u00e9 l\u2019affichage de ce contenu. Si vous souhaitez y acc\u00e9der, vous devez accepter la cat\u00e9gorie de cookies \u201cContenus tiers\u201d en cliquant sur le bouton ci-dessous. <\/p>\n<p> Lire la Vid\u00e9o        N\u00e9o-western en pleine pand\u00e9mie de Covid    <\/p>\n<p class=\"asset asset-text\">Apr\u00e8s ce bref instant qui a finalement fait rire Emma Stone, tout ce petit monde a pu entrer dans le Palais des Festivals pour la projection du film. Dans ce n\u00e9o-western, Emma\u00a0Stone\u00a0y joue l\u2019\u00e9pouse de Joaquin Phoenix, qui interpr\u00e8te lui le sh\u00e9rif d\u2019Eddington, une bourgade du Nouveau-Mexique au bord de l\u2019\u00e9bullition en pleine pand\u00e9mie de Covid.<\/p>\n<p class=\"asset asset-text\">Face \u00e0 ce sh\u00e9rif conservateur r\u00e9tif au port du masque au nom de la libert\u00e9 et du bon sens, Pedro Pascal (The Last of Us) joue un maire tentant de faire appliquer les normes sanitaires. Ce progressiste r\u00eave de d\u00e9velopper la ville en y attirant un data center.<\/p>\n<p> La lecture de ce contenu est susceptible d\u2019entra\u00eener un d\u00e9p\u00f4t de cookies de la part de l\u2019op\u00e9rateur tiers qui l\u2019h\u00e9berge. Compte-tenu des choix que vous avez exprim\u00e9s en mati\u00e8re de d\u00e9p\u00f4t de cookies, nous avons bloqu\u00e9 l\u2019affichage de ce contenu. Si vous souhaitez y acc\u00e9der, vous devez accepter la cat\u00e9gorie de cookies \u201cContenus tiers\u201d en cliquant sur le bouton ci-dessous. <\/p>\n<p> Lire la Vid\u00e9o        <\/p>\n<p class=\"asset asset-text\">Sortant en France le 16\u00a0juillet et en comp\u00e9tition \u00e0\u00a0Cannes, Eddington se veut un miroir satirique des \u00c9tats-Unis d\u2019aujourd\u2019hui. Il marque les premiers pas dans la course \u00e0 la Palme d\u2019Or de l\u2019un des chouchous du cin\u00e9ma ind\u00e9pendant am\u00e9ricain, Ari Aster, connu pour ses films de genre, de H\u00e9r\u00e9dit\u00e9 \u00e0 Midsommar, et qui d\u00e9couvre \u00e0 38\u00a0ans les honneurs de\u00a0la Croisette.<\/p>\n<p class=\"asset asset-text\"><strong>\u00c0 voir \u00e9galement sur Le HuffPost\u00a0:<\/strong><\/p>\n<p> La lecture de ce contenu est susceptible d\u2019entra\u00eener un d\u00e9p\u00f4t de cookies de la part de l\u2019op\u00e9rateur tiers qui l\u2019h\u00e9berge. Compte-tenu des choix que vous avez exprim\u00e9s en mati\u00e8re de d\u00e9p\u00f4t de cookies, nous avons bloqu\u00e9 l\u2019affichage de ce contenu. Si vous souhaitez y acc\u00e9der, vous devez accepter la cat\u00e9gorie de cookies \u201cContenus tiers\u201d en cliquant sur le bouton ci-dessous. <\/p>\n<p> Lire la Vid\u00e9o                <\/p>\n","protected":false},"excerpt":{"rendered":"SAMEER AL-DOUMY \/ AFP Austin Butler, Emma Stone et Pedro Pascal sur le tapis rouge du Festival de&hellip;\n","protected":false},"author":2,"featured_media":106614,"comment_status":"","ping_status":"","sticky":false,"template":"","format":"standard","meta":{"footnotes":""},"categories":[1359],"tags":[251,58,22141,59,5634,8285,1011,27,973,20995],"class_list":{"0":"post-106613","1":"post","2":"type-post","3":"status-publish","4":"format-standard","5":"has-post-thumbnail","7":"category-people","8":"tag-culture","9":"tag-divertissement","10":"tag-emma-stone","11":"tag-entertainment","12":"tag-festival-de-cannes","13":"tag-festival-de-cannes-2025","14":"tag-fr","15":"tag-france","16":"tag-people","17":"tag-tapis-rouge"},"share_on_mastodon":{"url":"https:\/\/pubeurope.com\/@fr\/114522418386322651","error":""},"_links":{"self":[{"href":"https:\/\/www.europesays.com\/fr\/wp-json\/wp\/v2\/posts\/106613","targetHints":{"allow":["GET"]}}],"collection":[{"href":"https:\/\/www.europesays.com\/fr\/wp-json\/wp\/v2\/posts"}],"about":[{"href":"https:\/\/www.europesays.com\/fr\/wp-json\/wp\/v2\/types\/post"}],"author":[{"embeddable":true,"href":"https:\/\/www.europesays.com\/fr\/wp-json\/wp\/v2\/users\/2"}],"replies":[{"embeddable":true,"href":"https:\/\/www.europesays.com\/fr\/wp-json\/wp\/v2\/comments?post=106613"}],"version-history":[{"count":0,"href":"https:\/\/www.europesays.com\/fr\/wp-json\/wp\/v2\/posts\/106613\/revisions"}],"wp:featuredmedia":[{"embeddable":true,"href":"https:\/\/www.europesays.com\/fr\/wp-json\/wp\/v2\/media\/106614"}],"wp:attachment":[{"href":"https:\/\/www.europesays.com\/fr\/wp-json\/wp\/v2\/media?parent=106613"}],"wp:term":[{"taxonomy":"category","embeddable":true,"href":"https:\/\/www.europesays.com\/fr\/wp-json\/wp\/v2\/categories?post=106613"},{"taxonomy":"post_tag","embeddable":true,"href":"https:\/\/www.europesays.com\/fr\/wp-json\/wp\/v2\/tags?post=106613"}],"curies":[{"name":"wp","href":"https:\/\/api.w.org\/{rel}","templated":true}]}}