{"id":106615,"date":"2025-05-17T09:16:08","date_gmt":"2025-05-17T09:16:08","guid":{"rendered":"https:\/\/www.europesays.com\/fr\/106615\/"},"modified":"2025-05-17T09:16:08","modified_gmt":"2025-05-17T09:16:08","slug":"huit-peintres-habitent-dans-cette-petite-commune-de-lorne-un-nid-dartistes","status":"publish","type":"post","link":"https:\/\/www.europesays.com\/fr\/106615\/","title":{"rendered":"Huit peintres habitent dans cette petite commune de l\u2019Orne : un nid d\u2019artistes\u00a0!"},"content":{"rendered":"<p>            Par<br \/>\n        <strong><br \/>\n            <a href=\"https:\/\/actu.fr\/auteur\/redaction-oc\" title=\"Consulter tous les articles de R\u00e9daction Flers\" target=\"_blank\" rel=\"noopener\">R\u00e9daction Flers<\/a><br \/>\n        <\/strong><\/p>\n<p>        Publi\u00e9 le<\/p>\n<p>            17 mai 2025 \u00e0 6h14        <\/p>\n<p>Ce n\u2019est pas commun. Une <a href=\"https:\/\/actu.fr\/bretagne\/guilliers_56080\/pres-de-ploermel-cette-petite-commune-rurale-organise-un-salon-dart_60972941.html\" target=\"_blank\" rel=\"noopener\">commune rurale<\/a> qui compte parmi ses administr\u00e9s autant d\u2019artistes. Cette particularit\u00e9, <a href=\"https:\/\/actu.fr\/normandie\/la-lande-patry_61218\" target=\"_blank\" rel=\"noopener\">La Lande-Patry<\/a> (<b>Orne<\/b>) a souhait\u00e9 en faire une force en organisant une exposition.<\/p>\n<p class=\" wall-content\"><b>Pascal Lecerf<\/b>, maire de la commune, a soulign\u00e9 l\u2019importance de \u00ab<b>\u2009partager les cr\u00e9ations des artistes locaux<\/b> avec la population\u2009\u00bb, donnant ainsi naissance \u00e0 un <b>\u00e9v\u00e9nement \u00e0 la fois chaleureux et f\u00e9d\u00e9rateur<\/b>. Une fr\u00e9quentation estim\u00e9e entre 280 et 300\u00a0visiteurs t\u00e9moigne du <b>succ\u00e8s de cette premi\u00e8re \u00e9dition<\/b>.<\/p>\n<p>Huit artistes exposent<\/p>\n<p class=\" wall-content\"><b>Dix artistes<\/b> ont \u00e9t\u00e9 recens\u00e9s sur la commune. Si huit ont expos\u00e9, deux n\u2019ont pas souhait\u00e9 participer cette ann\u00e9e. Danielle Morin, bien qu\u2019absente physiquement, a tenu \u00e0 \u00eatre repr\u00e9sent\u00e9e par ses \u0153uvres.<\/p>\n<p class=\" wall-content\">D\u00e9couvrez qui sont les autres artistes de la commune.<\/p>\n<p>Ewa Rzeznik. Peintre polonaise contemporaine vivant de son art, est reconnue pour\u00a0sa capacit\u00e9 \u00e0 capturer la beaut\u00e9 vibrante de la vie quotidienne dans des sc\u00e8nes pittoresques. Ses \u0153uvres color\u00e9es et captivantes, r\u00e9alis\u00e9es au couteau, repr\u00e9sentent des p\u00eacheurs le long des c\u00f4tes fran\u00e7aises, des familles en route vers le Mont-Saint-Michel ou encore des enfants jouant dans les vagues. Son approche artistique, caract\u00e9ris\u00e9e par une \u00e9conomie de d\u00e9tails et une ma\u00eetrise du couteau \u00e0 palette, donne vie \u00e0 ses personnages et paysages, offrant aux spectateurs une immersion dans un monde lumineux et plein de vitalit\u00e9. \u00ab\u2009Je suis l\u00e0 depuis 20\u00a0ans, mais mes voisins ne connaissent pas mes tableaux\u2009\u00bb, a-t-elle confi\u00e9 avec \u00e9motion.Chantal Poitvin-M\u00e9nard. connue sous le nom d\u2019Artiste M\u00e9nard de La Lande-Patry, r\u00e9side dans la commune depuis 24\u00a0ans apr\u00e8s avoir quitt\u00e9 le sud de la Manche. Polyvalente, elle pratique la peinture sur miroir et la sculpture sur pierre. Autrice d\u2019une dizaine d\u2019\u0153uvres litt\u00e9raires allant de la po\u00e9sie nouvelle au roman, elle a \u00e9crit son premier recueil \u00e0 25\u00a0ans mais ne l\u2019a publi\u00e9 que 30\u00a0ans plus tard, ce qui lui a permis de faire de belles rencontres. Aujourd\u2019hui, elle est en recherche d\u2019expositions dans la r\u00e9gion. Si \u00ab\u2009le po\u00e8te peut \u00e9crire sur tout et d\u2019un petit rien, la po\u00e9sie sublime les mots\u2026 et, la plume de l\u2019\u00e9crivain et le pinceau du peintre ont une chose en commun\u2009: ils sont le prolongement de la main\u2009\u00bb, pr\u00e9cise Chantal devant ses \u0153uvres.Fr\u00e9d\u00e9ric Fourel. Peintre depuis l\u2019\u00e2ge de 14\u00a0ans, il expose pour la premi\u00e8re fois \u00e0 79\u00a0ans. Cet artiste peint essentiellement des paysages du Bocage.Gilles Lemarchand. Artiste peintre depuis 42\u00a0ans, r\u00e9alise ses \u0153uvres exclusivement\u00a0au couteau. Ce r\u00eave d\u2019enfant devenu r\u00e9alit\u00e9 s\u2019exprime \u00e0 travers des paysages du bocage normand, quelques marines et des sc\u00e8nes inspir\u00e9es de la r\u00e9gion qui lui tient particuli\u00e8rement \u00e0 c\u0153ur. \u00ab\u2009Ce que je recherche, c\u2019est la lumi\u00e8re et les effets d\u2019eau\u2009\u00bb, pr\u00e9cise-t-il. Gilles expose une dizaine de fois par an, notamment entre Granville et l\u2019Aigle. Il a fait partie des Artistes Ind\u00e9pendants de Normandie et, est actuellement membre des Artistes Virois et Granvillais.St\u00e9phane Juh\u00e9. Artiste moderne et tr\u00e8s contemporain, pratique la peinture depuis un\u00a0an et demi. Son style, m\u00ealant collages et bombes de peinture, apporte un souffle de modernit\u00e9 \u00e0 l\u2019exposition. Tr\u00e8s satisfait de cette premi\u00e8re participation, il a exprim\u00e9 avec humour\u2009: \u00ab\u2009On a essuy\u00e9 les pl\u00e2tres\u2009\u00bb, t\u00e9moignant ainsi de son enthousiasme pour cet \u00e9v\u00e9nement durant le long week-end du 1er mai.Vid\u00e9os : en ce moment sur ActuChristiane G\u00e9rault. Peintre passionn\u00e9e depuis 30\u00a0ans, a r\u00e9alis\u00e9 son r\u00eave d\u2019enfance\u00a0de se consacrer \u00e0 la peinture apr\u00e8s avoir quitt\u00e9 ses activit\u00e9s professionnelles \u00e0 l\u2019\u00e2ge de 56\u00a0ans. Ayant particip\u00e9 aux Peintres du Bocage, elle exprime sa cr\u00e9ativit\u00e9 \u00e0 travers des th\u00e8mes vari\u00e9s tels que la nature, la musique et les fleurs. Sa technique repose sur la peinture acrylique aux couleurs vives, apportant une touche de fra\u00eecheur et de dynamisme \u00e0 ses compositions.Marie-Claire Leduc. Passionn\u00e9e de peinture, a suivi des cours dans les ann\u00e9es 2000\u00a0et a pratiqu\u00e9 pendant une dizaine d\u2019ann\u00e9es. Cependant, la vie en a d\u00e9cid\u00e9 autrement, et elle a d\u00fb interrompre son activit\u00e9 artistique pendant un long moment. Cette exposition marque ainsi un retour aux sources pour cette artiste sensible et d\u00e9termin\u00e9e.Danielle Morin. Absente lors de l\u2019exposition, a n\u00e9anmoins tenu \u00e0 faire d\u00e9couvrir son\u00a0univers artistique.Une exposition qui s\u2019est fait attendre<\/p>\n<p class=\" wall-content\">L\u2019exposition, longtemps envisag\u00e9e depuis la <a href=\"https:\/\/actu.fr\/tag\/coronavirus-covid\" target=\"_blank\" rel=\"noopener\">p\u00e9riode du Covid-19<\/a>, a enfin vu le jour gr\u00e2ce au soutien de la municipalit\u00e9 et \u00e0 l\u2019engagement des artistes. Nathalie, \u00e9lue au conseil municipal, s\u2019est r\u00e9jouie lors de sa visite devant les \u0153uvres expos\u00e9es\u2009: \u00ab\u2009C\u2019est une bonne initiative. Quand on a des talents sur la commune, il faut leur permettre de les mettre en lumi\u00e8re\u2009\u00bb, a soulign\u00e9 l\u2019\u00e9lue.<\/p>\n<p class=\" wall-content\">Une exposition du terroir, haute en couleurs et en \u00e9motions, qui pourrait bien devenir un rendez-vous r\u00e9gulier dans la vie culturelle de La Lande-Patry.<\/p>\n<p class=\" wall-content\">Suivez toute l\u2019actualit\u00e9 de vos villes et m\u00e9dias favoris en vous inscrivant \u00e0 <a href=\"https:\/\/moncompte.actu.fr\" title=\"D\u00e9couvez Mon Actu\" rel=\"nofollow noopener\" data-trk=\"{&quot;cta&quot;:{&quot;action&quot;:&quot;https:\\\/\\\/moncompte.actu.fr&quot;,&quot;category&quot;:&quot;mon compte&quot;,&quot;from&quot;:&quot;article footer&quot;,&quot;name&quot;:&quot;Mon actu&quot;,&quot;type&quot;:&quot;cta&quot;}}\" target=\"_blank\">Mon Actu<\/a>.<\/p>\n","protected":false},"excerpt":{"rendered":"Par R\u00e9daction Flers Publi\u00e9 le 17 mai 2025 \u00e0 6h14 Ce n\u2019est pas commun. Une commune rurale qui&hellip;\n","protected":false},"author":2,"featured_media":106616,"comment_status":"","ping_status":"","sticky":false,"template":"","format":"standard","meta":{"footnotes":""},"categories":[1358],"tags":[1477,1348,1384,1385,1386,58,59,22362,1011,27,1652],"class_list":{"0":"post-106615","1":"post","2":"type-post","3":"status-publish","4":"format-standard","5":"has-post-thumbnail","7":"category-arts-et-design","8":"tag-artisanat","9":"tag-arts","10":"tag-arts-and-design","11":"tag-arts-et-design","12":"tag-design","13":"tag-divertissement","14":"tag-entertainment","15":"tag-flers-agglo","16":"tag-fr","17":"tag-france","18":"tag-loisirs-culture"},"share_on_mastodon":{"url":"https:\/\/pubeurope.com\/@fr\/114522422280042114","error":""},"_links":{"self":[{"href":"https:\/\/www.europesays.com\/fr\/wp-json\/wp\/v2\/posts\/106615","targetHints":{"allow":["GET"]}}],"collection":[{"href":"https:\/\/www.europesays.com\/fr\/wp-json\/wp\/v2\/posts"}],"about":[{"href":"https:\/\/www.europesays.com\/fr\/wp-json\/wp\/v2\/types\/post"}],"author":[{"embeddable":true,"href":"https:\/\/www.europesays.com\/fr\/wp-json\/wp\/v2\/users\/2"}],"replies":[{"embeddable":true,"href":"https:\/\/www.europesays.com\/fr\/wp-json\/wp\/v2\/comments?post=106615"}],"version-history":[{"count":0,"href":"https:\/\/www.europesays.com\/fr\/wp-json\/wp\/v2\/posts\/106615\/revisions"}],"wp:featuredmedia":[{"embeddable":true,"href":"https:\/\/www.europesays.com\/fr\/wp-json\/wp\/v2\/media\/106616"}],"wp:attachment":[{"href":"https:\/\/www.europesays.com\/fr\/wp-json\/wp\/v2\/media?parent=106615"}],"wp:term":[{"taxonomy":"category","embeddable":true,"href":"https:\/\/www.europesays.com\/fr\/wp-json\/wp\/v2\/categories?post=106615"},{"taxonomy":"post_tag","embeddable":true,"href":"https:\/\/www.europesays.com\/fr\/wp-json\/wp\/v2\/tags?post=106615"}],"curies":[{"name":"wp","href":"https:\/\/api.w.org\/{rel}","templated":true}]}}