{"id":106619,"date":"2025-05-17T09:18:17","date_gmt":"2025-05-17T09:18:17","guid":{"rendered":"https:\/\/www.europesays.com\/fr\/106619\/"},"modified":"2025-05-17T09:18:17","modified_gmt":"2025-05-17T09:18:17","slug":"ce-quil-faut-savoir-pour-sy-retrouver","status":"publish","type":"post","link":"https:\/\/www.europesays.com\/fr\/106619\/","title":{"rendered":"ce qu\u2019il faut savoir pour s\u2019y retrouver"},"content":{"rendered":"<p>D\u00e8s le vendredi 6 juin, une dizaine de cha\u00eenes vont changer de canal. Tour d\u2019horizon des diff\u00e9rentes modifications afin d\u2019y voir plus clair.<\/p>\n<p class=\"fig-paragraph\">Les habitudes des t\u00e9l\u00e9spectateurs fran\u00e7ais vont prochainement \u00eatre quelque peu boulevers\u00e9es. En effet, vingt ans apr\u00e8s la cr\u00e9ation de la TNT (t\u00e9l\u00e9vision num\u00e9rique terrestre), les autorisations de quinze cha\u00eenes sont arriv\u00e9es ou arrivent \u00e0 \u00e9ch\u00e9ance.\u00a0<a href=\"https:\/\/www.lefigaro.fr\/tag\/c8\" target=\"_blank\" rel=\"noopener nofollow\" data-gtm-custom-categorie=\"navigation\" data-gtm-custom-action=\"crossclick\" data-gtm-custom-label=\"Contextuel\" data-gtm-event=\"customEventSPE\">C8<\/a>,\u00a0<a href=\"https:\/\/tvmag.lefigaro.fr\/programme-tv\/chaine\/119\/tous-les-programmes-de-w9\" target=\"_blank\" rel=\"noopener nofollow\" data-gtm-custom-categorie=\"navigation\" data-gtm-custom-action=\"crossclick\" data-gtm-custom-label=\"Contextuel\" data-gtm-event=\"customEventSPE\">W9<\/a>,\u00a0<a href=\"https:\/\/tvmag.lefigaro.fr\/programme-tv\/chaine\/195\/tous-les-programmes-de-tmc\" target=\"_blank\" rel=\"noopener nofollow\" data-gtm-custom-categorie=\"navigation\" data-gtm-custom-action=\"crossclick\" data-gtm-custom-label=\"Contextuel\" data-gtm-event=\"customEventSPE\">TMC<\/a>,\u00a0<a href=\"https:\/\/tvmag.lefigaro.fr\/programme-tv\/chaine\/446\/tous-les-programmes-de-tfx\" target=\"_blank\" rel=\"noopener nofollow\" data-gtm-custom-categorie=\"navigation\" data-gtm-custom-action=\"crossclick\" data-gtm-custom-label=\"Contextuel\" data-gtm-event=\"customEventSPE\">TFX<\/a>,\u00a0<a href=\"https:\/\/www.lefigaro.fr\/tag\/nrj12\" target=\"_blank\" rel=\"noopener nofollow\" data-gtm-custom-categorie=\"navigation\" data-gtm-custom-action=\"crossclick\" data-gtm-custom-label=\"Contextuel\" data-gtm-event=\"customEventSPE\">NRJ12<\/a>,\u00a0<a href=\"https:\/\/tvmag.lefigaro.fr\/programme-tv\/chaine\/112\/tous-les-programmes-de-lci\" target=\"_blank\" rel=\"noopener nofollow\" data-gtm-custom-categorie=\"navigation\" data-gtm-custom-action=\"crossclick\" data-gtm-custom-label=\"Contextuel\" data-gtm-event=\"customEventSPE\">LCI<\/a>\u00a0et\u00a0<a href=\"https:\/\/tvmag.lefigaro.fr\/programme-tv\/chaine\/145\/tous-les-programmes-de-paris-premiere\" target=\"_blank\" rel=\"noopener nofollow\" data-gtm-custom-categorie=\"navigation\" data-gtm-custom-action=\"crossclick\" data-gtm-custom-label=\"Contextuel\" data-gtm-event=\"customEventSPE\">Paris Premi\u00e8re<\/a>\u00a0au 28 f\u00e9vrier 2025,\u00a0<a href=\"https:\/\/tvmag.lefigaro.fr\/programme-tv\/chaine\/34\/tous-les-programmes-de-canal\" target=\"_blank\" rel=\"noopener nofollow\" data-gtm-custom-categorie=\"navigation\" data-gtm-custom-action=\"crossclick\" data-gtm-custom-label=\"Contextuel\" data-gtm-event=\"customEventSPE\">Canal+<\/a>\u00a0au 5 juin, et\u00a0<a href=\"https:\/\/tvmag.lefigaro.fr\/programme-tv\/chaine\/481\/tous-les-programmes-de-bfm-tv\" target=\"_blank\" rel=\"noopener nofollow\" data-gtm-custom-categorie=\"navigation\" data-gtm-custom-action=\"crossclick\" data-gtm-custom-label=\"Contextuel\" data-gtm-event=\"customEventSPE\">BFMTV<\/a>,\u00a0<a href=\"https:\/\/tvmag.lefigaro.fr\/programme-tv\/chaine\/226\/tous-les-programmes-de-cnews\" target=\"_blank\" rel=\"noopener nofollow\" data-gtm-custom-categorie=\"navigation\" data-gtm-custom-action=\"crossclick\" data-gtm-custom-label=\"Contextuel\" data-gtm-event=\"customEventSPE\">CNews<\/a>,\u00a0<a href=\"https:\/\/tvmag.lefigaro.fr\/programme-tv\/chaine\/458\/tous-les-programmes-de-cstar\" target=\"_blank\" rel=\"noopener nofollow\" data-gtm-custom-categorie=\"navigation\" data-gtm-custom-action=\"crossclick\" data-gtm-custom-label=\"Contextuel\" data-gtm-event=\"customEventSPE\">CStar<\/a>,\u00a0<a href=\"https:\/\/tvmag.lefigaro.fr\/programme-tv\/chaine\/482\/tous-les-programmes-de-gulli\" target=\"_blank\" rel=\"noopener nofollow\" data-gtm-custom-categorie=\"navigation\" data-gtm-custom-action=\"crossclick\" data-gtm-custom-label=\"Contextuel\" data-gtm-event=\"customEventSPE\">Gulli<\/a>,\u00a0<a href=\"https:\/\/tvmag.lefigaro.fr\/programme-tv\/chaine\/35\/tous-les-programmes-de-canal-sport\" target=\"_blank\" rel=\"noopener nofollow\" data-gtm-custom-categorie=\"navigation\" data-gtm-custom-action=\"crossclick\" data-gtm-custom-label=\"Contextuel\" data-gtm-event=\"customEventSPE\">Canal+ Sport<\/a>,\u00a0<a href=\"https:\/\/tvmag.lefigaro.fr\/programme-tv\/chaine\/33\/tous-les-programmes-de-canal-cinema\" target=\"_blank\" rel=\"noopener nofollow\" data-gtm-custom-categorie=\"navigation\" data-gtm-custom-action=\"crossclick\" data-gtm-custom-label=\"Contextuel\" data-gtm-event=\"customEventSPE\">Canal+ Cin\u00e9ma(s)<\/a>\u00a0et\u00a0<a href=\"https:\/\/tvmag.lefigaro.fr\/programme-tv\/chaine\/147\/tous-les-programmes-de-planete\" target=\"_blank\" rel=\"noopener nofollow\" data-gtm-custom-categorie=\"navigation\" data-gtm-custom-action=\"crossclick\" data-gtm-custom-label=\"Contextuel\" data-gtm-event=\"customEventSPE\">Plan\u00e8te+<\/a>\u00a0au 31 ao\u00fbt 2025.<\/p>\n<p class=\"fig-paragraph\">En juillet dernier,\u00a0<a href=\"https:\/\/www.lefigaro.fr\/tag\/arcom\" target=\"_blank\" rel=\"noopener nofollow\" data-gtm-custom-categorie=\"navigation\" data-gtm-custom-action=\"crossclick\" data-gtm-custom-label=\"Contextuel\" data-gtm-event=\"customEventSPE\">l\u2019Arcom<\/a>\u00a0a act\u00e9 le retrait de C8 et de NRJ12 de la fr\u00e9quence TNT, la premi\u00e8re pour avoir bafou\u00e9 ses obligations \u00e0 de multiples reprises, la seconde en raison de ses audiences basses et des nombreuses rediffusions programm\u00e9es. Quelques mois plus tard,\u00a0<a href=\"http:\/\/www.lefigaro.fr\/medias\/litige-fiscal-decisions-de-l-arcom-ces-preuves-de-desamour-qui-poussent-canal-a-quitter-la-tnt-20241206\" target=\"_blank\" data-fig-type=\"Article\" rel=\"noopener nofollow\" data-gtm-custom-categorie=\"navigation\" data-gtm-custom-action=\"crossclick\" data-gtm-custom-label=\"Contextuel\" data-gtm-event=\"customEventSPE\" data-fig-domain=\"LEFIGARO\">le groupe Canal+ a annonc\u00e9 le retrait de ses quatre cha\u00eenes payantes de la TNT<\/a>\u00a0\u00e0 cause des co\u00fbts et des obligations et en vue d\u2019accro\u00eetre le nombre de ses abonn\u00e9s.<\/p>\n<p class=\"fig-body-link\">\n            \u00c0 lire aussi<br \/>\n        <a class=\"fig-body-link__link\" href=\"http:\/\/tvmag.lefigaro.fr\/programme-tv\/actu-tele\/participer-a-une-nouvelle-aventure-est-toujours-excitant-laurent-ruquier-rejoint-la-chaine-t18-sur-la-tnt-20250406\" target=\"_blank\" data-fig-type=\"Article\" rel=\"noopener nofollow\" data-gtm-custom-categorie=\"navigation\" data-gtm-custom-action=\"crossclick\" data-gtm-custom-label=\"Contextuel\" data-gtm-event=\"customEventSPE\" data-fig-domain=\"TVMAG\">\u00abParticiper \u00e0 une nouvelle aventure est toujours excitant\u00bb\u00a0: Laurent Ruquier rejoint la cha\u00eene T18 sur la TNT<br \/>\n    <\/a>\n<\/p>\n<p class=\"fig-paragraph\">De ce fait, l\u2019Arcom a proc\u00e9d\u00e9 \u00e0 un v\u00e9ritable remaniement du paysage audiovisuel fran\u00e7ais en modifiant l\u2019emplacement d\u2019une dizaine de cha\u00eenes de la TNT (une premi\u00e8re dans l\u2019histoire de la t\u00e9l\u00e9vision\u00a0!) et cette nouvelle num\u00e9rotation prendra effet le vendredi 6 juin. Dans l\u2019ordre sur la t\u00e9l\u00e9commande,\u00a0<a href=\"https:\/\/www.lefigaro.fr\/tag\/france-televisions\" target=\"_blank\" rel=\"noopener nofollow\" data-gtm-custom-categorie=\"navigation\" data-gtm-custom-action=\"crossclick\" data-gtm-custom-label=\"Contextuel\" data-gtm-event=\"customEventSPE\">France T\u00e9l\u00e9visions<\/a>\u00a0voit\u00a0<a href=\"https:\/\/tvmag.lefigaro.fr\/programme-tv\/chaine\/78\/tous-les-programmes-de-france-4\" target=\"_blank\" rel=\"noopener nofollow\" data-gtm-custom-categorie=\"navigation\" data-gtm-custom-action=\"crossclick\" data-gtm-custom-label=\"Contextuel\" data-gtm-event=\"customEventSPE\"><strong>France 4<\/strong><\/a> \u00a0grimper de dix places en passant du canal 14 au <strong>canal 4<\/strong>, une aubaine pour la cha\u00eene jeunesse et culture.\u00a0<a href=\"https:\/\/tvmag.lefigaro.fr\/programme-tv\/chaine\/234\/tous-les-programmes-de-lcp\" target=\"_blank\" rel=\"noopener nofollow\" data-gtm-custom-categorie=\"navigation\" data-gtm-custom-action=\"crossclick\" data-gtm-custom-label=\"Contextuel\" data-gtm-event=\"customEventSPE\"><strong>La Cha\u00eene Parlementaire<\/strong> et <strong>Public S\u00e9nat<\/strong><\/a> \u00a0h\u00e9ritent du tr\u00e8s favorable <strong>canal 8<\/strong>. \u00ab\u200aLes programmes de LCP et Public S\u00e9nat se sont beaucoup enrichis, notamment avec des documentaires, dans la continuit\u00e9 de ce que fait Arte\u00a0\u00bb, a justifi\u00e9\u00a0<a href=\"https:\/\/www.lefigaro.fr\/tag\/roch-olivier-maistre\" target=\"_blank\" rel=\"noopener nofollow\" data-gtm-custom-categorie=\"navigation\" data-gtm-custom-action=\"crossclick\" data-gtm-custom-label=\"Contextuel\" data-gtm-event=\"customEventSPE\">Roch-Olivier Maistre<\/a>, le pr\u00e9sident de l\u2019Arcom, lors d\u2019une conf\u00e9rence de presse.<\/p>\n<p>La nouveaut\u00e9 T18<\/p>\n<p class=\"fig-paragraph\">Dans une volont\u00e9 de permettre un \u00ab\u200aacc\u00e8s \u00e0 une offre d\u2019information simple, fluide et comparative\u00a0\u00bb et au nom du \u00ab\u200apluralisme\u00a0\u00bb, l\u2019Arcom a d\u00e9cid\u00e9 de regrouper les quatre cha\u00eenes d\u2019information en continu. Ainsi <strong>BFMTV<\/strong>, dont les dirigeants ont milit\u00e9 pour le statu quo, dit adieu \u00e0 son canal historique, le no\u200a15 pour s\u2019installer au <strong>13<\/strong>. \u00ab\u200aBFMTV n\u2019est pas du tout p\u00e9nalis\u00e9e, elle reste en t\u00eate de file des cha\u00eenes d\u2019info en continu et avance de deux num\u00e9ros\u00a0\u00bb, a estim\u00e9 Roch-Olivier Maistre.<\/p>\n<p class=\"fig-paragraph\"><strong>CNews<\/strong>, la cha\u00eene du groupe Canal+, r\u00e9cup\u00e8re le <strong>canal 14<\/strong>. <strong>LCI<\/strong>, du groupe TF1, op\u00e8re, quant \u00e0 elle, un plus grand bond, en passant du canal 26 au <strong>15<\/strong>. <strong>Franceinfo<\/strong> ferme ce bloc en se retrouvant sur le <strong>canal 16<\/strong>. \u00ab\u200aPour le spectateur, ce sera beaucoup plus confortable de pouvoir d\u00e9rouler de 13 \u00e0 16 l\u2019ensemble des cha\u00eenes d\u2019info\u00a0\u00bb, a ajout\u00e9 le pr\u00e9sident de l\u2019Arcom. Pour finir, <strong>Gulli<\/strong>, la cha\u00eene jeunesse du groupe M6, monte de 6 places en r\u00e9cup\u00e9rant le <strong>canal 12<\/strong>.<\/p>\n<p class=\"fig-paragraph\">Le <strong>canal 18<\/strong> laiss\u00e9 vacant est repris par <strong>T18<\/strong>.\u00a0<a href=\"https:\/\/www.lefigaro.fr\/tag\/laurent-ruquier\" target=\"_blank\" rel=\"noopener nofollow\" data-gtm-custom-categorie=\"navigation\" data-gtm-custom-action=\"crossclick\" data-gtm-custom-label=\"Contextuel\" data-gtm-event=\"customEventSPE\">Laurent Ruquier<\/a>\u00a0y officiera chaque fin de semaine aux commandes d\u2019une \u00e9mission culturelle diffus\u00e9e \u00e0 une heure de grande \u00e9coute. Matthieu Croissandeau, ancien chroniqueur politique sur BFMTV, et Ava Djamshidi, r\u00e9dactrice en chef au magazine Elle, ont \u00e9galement \u00e9t\u00e9 annonc\u00e9s pour rejoindre la nouvelle cha\u00eene du groupe CMI Media de l\u2019homme d\u2019affaires tch\u00e8que Daniel Kretinsky. Les t\u00e9l\u00e9spectateurs y retrouveront principalement des documentaires, des d\u00e9bats et du divertissement.<\/p>\n<p class=\"fig-paragraph\">Quant au <strong>canal 19<\/strong>, laiss\u00e9 vide depuis la fermeture de France \u00d4, en 2020, il sera d\u00e9sormais occup\u00e9 par <strong>Novo19<\/strong>. Lanc\u00e9e le 1er septembre, la cha\u00eene de Ouest-France s\u2019adressera aux 25-49 ans et aux CSP+ et, selon BFMTV, devrait diffuser au moins 3\u200a000 heures de documentaires par an, 1\u200a000 heures de magazines d\u2019information ou de soci\u00e9t\u00e9, 20 films d\u2019art et essai en plus de 25 spectacles.<\/p>\n","protected":false},"excerpt":{"rendered":"D\u00e8s le vendredi 6 juin, une dizaine de cha\u00eenes vont changer de canal. Tour d\u2019horizon des diff\u00e9rentes modifications&hellip;\n","protected":false},"author":2,"featured_media":106620,"comment_status":"","ping_status":"","sticky":false,"template":"","format":"standard","meta":{"footnotes":""},"categories":[1356],"tags":[497,496,10831,499,7278,9722,58,59,1011,27,22363,12722,9109,500,504,505,495,503,502,501,252,3171,1364,498],"class_list":{"0":"post-106619","1":"post","2":"type-post","3":"status-publish","4":"format-standard","5":"has-post-thumbnail","7":"category-television","8":"tag-actu-tv","9":"tag-actualite-tv","10":"tag-bfmtv","11":"tag-buzz-tv","12":"tag-c8","13":"tag-cnews","14":"tag-divertissement","15":"tag-entertainment","16":"tag-fr","17":"tag-france","18":"tag-france-4","19":"tag-franceinfo","20":"tag-lci","21":"tag-medias","22":"tag-news-tele","23":"tag-news-television","24":"tag-news-tv","25":"tag-programme-tele","26":"tag-programme-tv","27":"tag-quiz-tv","28":"tag-television","29":"tag-tnt","30":"tag-tv","31":"tag-tv-actu"},"share_on_mastodon":{"url":"https:\/\/pubeurope.com\/@fr\/114522430158469159","error":""},"_links":{"self":[{"href":"https:\/\/www.europesays.com\/fr\/wp-json\/wp\/v2\/posts\/106619","targetHints":{"allow":["GET"]}}],"collection":[{"href":"https:\/\/www.europesays.com\/fr\/wp-json\/wp\/v2\/posts"}],"about":[{"href":"https:\/\/www.europesays.com\/fr\/wp-json\/wp\/v2\/types\/post"}],"author":[{"embeddable":true,"href":"https:\/\/www.europesays.com\/fr\/wp-json\/wp\/v2\/users\/2"}],"replies":[{"embeddable":true,"href":"https:\/\/www.europesays.com\/fr\/wp-json\/wp\/v2\/comments?post=106619"}],"version-history":[{"count":0,"href":"https:\/\/www.europesays.com\/fr\/wp-json\/wp\/v2\/posts\/106619\/revisions"}],"wp:featuredmedia":[{"embeddable":true,"href":"https:\/\/www.europesays.com\/fr\/wp-json\/wp\/v2\/media\/106620"}],"wp:attachment":[{"href":"https:\/\/www.europesays.com\/fr\/wp-json\/wp\/v2\/media?parent=106619"}],"wp:term":[{"taxonomy":"category","embeddable":true,"href":"https:\/\/www.europesays.com\/fr\/wp-json\/wp\/v2\/categories?post=106619"},{"taxonomy":"post_tag","embeddable":true,"href":"https:\/\/www.europesays.com\/fr\/wp-json\/wp\/v2\/tags?post=106619"}],"curies":[{"name":"wp","href":"https:\/\/api.w.org\/{rel}","templated":true}]}}