{"id":106621,"date":"2025-05-17T09:19:10","date_gmt":"2025-05-17T09:19:10","guid":{"rendered":"https:\/\/www.europesays.com\/fr\/106621\/"},"modified":"2025-05-17T09:19:10","modified_gmt":"2025-05-17T09:19:10","slug":"foo-fighters-le-groupe-a-vire-josh-freese","status":"publish","type":"post","link":"https:\/\/www.europesays.com\/fr\/106621\/","title":{"rendered":"FOO FIGHTERS Le groupe a vir\u00e9 Josh Freese"},"content":{"rendered":"<p>\t\t\t\t\t&#13;<br \/>\n<img decoding=\"async\" src=\"https:\/\/www.europesays.com\/fr\/wp-content\/uploads\/2025\/05\/foo-fighters-hellfest-30-06-2024-christian-ballard-a7400734-avec-accentuation-bruit.jpg\" style=\"width: 850px; height: 512px;\"\/>&#13;<\/p>\n<p>\u00a9 Christian Ballard<\/p>\n<p>&#13;<br \/>\n&#13;<\/p>\n<p>Accueilli en fanfare par <strong>FOO FIGHTERS<\/strong> en mai 2023 comme batteur de tourn\u00e9e, <strong>Josh Freese<\/strong>, successeur du regrett\u00e9 <strong>Taylor Hawkins<\/strong> <a href=\"https:\/\/hardforce.com\/actu\/39801\/taylor-hawkins-disparition-batteur-foo-fighters\" target=\"_blank\" rel=\"noopener\">d\u00e9c\u00e9d\u00e9<\/a> en mars 2022, s&rsquo;est fait virer\u00a0sans aucune explication. Alors que le groupe \u00e9tait en stand-by depuis septembre dernier, apr\u00e8s que\u00a0<strong>Dave Grohl <\/strong>a annonc\u00e9 \u00eatre le p\u00e8re d&rsquo;une petite fille n\u00e9e hors mariage, on a appris en d\u00e9but de semaine que\u00a0<strong>FF<\/strong> fera son grand retour \u00e0 la sc\u00e8ne le 4 octobre pour un concert en marge du Grand Prix de F1 \u00e0 Singapour. On ignore pour l&rsquo;instant l&rsquo;identit\u00e9 du prochain locataire du si\u00e8ge de batteur.<\/p>\n<p>\u00ab FOO FIGHTERS m&rsquo;a appel\u00e9 lundi soir pour m&rsquo;annoncer que le groupe avait d\u00e9cid\u00e9 de changer de direction avec son batteur. Aucune raison n&rsquo;a \u00e9t\u00e9 donn\u00e9e. \ud83d\ude41 Quoi qu&rsquo;il en soit, j&rsquo;ai appr\u00e9ci\u00e9 ces deux derni\u00e8res ann\u00e9es avec eux, sur sc\u00e8ne comme en dehors, et je soutiens ce qu&rsquo;ils estiment \u00eatre le mieux pour le groupe\u00a0\u00bb, a \u00e9crit <strong>Josh<\/strong> sur son compte Instagram. En 40 ans de carri\u00e8re en tant que batteur professionnel, je n&rsquo;ai jamais \u00e9t\u00e9 renvoy\u00e9 d&rsquo;un groupe. Je ne suis donc pas en col\u00e8re, mais juste un peu choqu\u00e9 et d\u00e9\u00e7u. Mais comme la plupart d&rsquo;entre vous le savent, j&rsquo;ai toujours travaill\u00e9 en freelance et j&rsquo;ai toujours \u00e9volu\u00e9 entre les groupes, donc \u00e7a va. Restez connect\u00e9s pour d\u00e9couvrir mon top 10 des raisons possibles pour lesquelles Josh a \u00e9t\u00e9 vir\u00e9 de FOO FIGHTERS. \u00bb<\/p>\n<p>Rappelons qu&rsquo;au fil des ann\u00e9es, <strong>Freese<\/strong> a jou\u00e9, dans le d\u00e9sordre,\u00a0avec\u00a0BLINK-182, THE OFFSPRING, THE VANDALS, A PERFECT CIRCLE, NINE INCH NAILS, GUNS N&rsquo; ROSES, SUICIDAL TENDENCIES, FILTER ou encore Sting et DEVO, entre autres. Il ne devrait donc pas avoir trop de difficult\u00e9s \u00e0 rebondir\u2026<\/p>\n<blockquote class=\"instagram-media\" data-instgrm-captioned=\"\" data-instgrm-permalink=\"https:\/\/www.instagram.com\/p\/DJuQb14u09w\/?utm_source=ig_embed&amp;utm_campaign=loading\" data-instgrm-version=\"14\" style=\" background:#FFF; border:0; border-radius:3px; box-shadow:0 0 1px 0 rgba(0,0,0,0.5),0 1px 10px 0 rgba(0,0,0,0.15); margin: 1px; max-width:540px; min-width:326px; padding:0; width:99.375%; width:-webkit-calc(100% - 2px); width:calc(100% - 2px);\"><p>&#13;<br \/>\n&#13;\n<\/p><\/blockquote>\n<p>\t\t\t\t\t\t<img loading=\"lazy\" decoding=\"async\" src=\"https:\/\/www.europesays.com\/fr\/wp-content\/uploads\/2025\/05\/img-2353_200x200.png\" width=\"100\" height=\"100\" class=\"circle\" alt=\"Blogger : Laurence Faure\" title=\"Laurence Faure\"\/>\t\t\t\t\t\t<\/p>\n<p>Au sujet de l&rsquo;auteur<\/p>\n<p>Laurence Faure<\/p>\n<p>Le hard rock, Laurence est tomb\u00e9e dedans il y a d\u00e9j\u00e0 pas mal d&rsquo;ann\u00e9es. Mais partant du principe que \u00abSi c&rsquo;est trop fort, c&rsquo;est que t&rsquo;es trop vieux\u00bb et qu&rsquo;elle \u00e9coute toujours la musique sur 11, elle pense \u00eatre la preuve vivante que le metal \u00e0 haute dose est une v\u00e9ritable fontaine de jouvence. Ou alors elle est sourde, mais laissez-la r\u00eaver\u2026&#13;<br \/>\nApr\u00e8s avoir \u201creligieusement\u201d lu la presse fran\u00e7aise de la grande \u00e9poque, Laurence rejoint Hard Rock Magazine en tant que journaliste et secr\u00e9taire de r\u00e9daction, avant d&rsquo;en devenir bri\u00e8vement r\u00e9dac&rsquo; chef. D\u00e9barqu\u00e9e et r\u00e9solue \u00e0 changer de milieu, LF \u0153uvre d\u00e9sormais dans la presse sp\u00e9cialis\u00e9e (sports m\u00e9caniques), mais comme il n&rsquo;y a vraiment que le metal qui fait battre son petit c\u0153ur, quand HARD FORCE lui a propos\u00e9 de rejoindre le team fin 2013, elle est arriv\u00e9e \u201cfast as a shark\u201d.&#13;\n<\/p>\n<p>\t\t\t\t\t\t<a href=\"https:\/\/hardforce.com\/blogger\/laurence-faure\" title=\"Laurence Faure\" target=\"_blank\" rel=\"noopener\">Ses autres publications<\/a>\t\t\t\t\t<script async src=\"\/\/www.instagram.com\/embed.js\"><\/script><\/p>\n","protected":false},"excerpt":{"rendered":"&#13; &#13; \u00a9 Christian Ballard &#13; &#13; Accueilli en fanfare par FOO FIGHTERS en mai 2023 comme batteur&hellip;\n","protected":false},"author":2,"featured_media":106622,"comment_status":"","ping_status":"","sticky":false,"template":"","format":"standard","meta":{"footnotes":""},"categories":[1355],"tags":[58,59,22364,1011,27,22365,1361,873],"class_list":{"0":"post-106621","1":"post","2":"type-post","3":"status-publish","4":"format-standard","5":"has-post-thumbnail","7":"category-musique","8":"tag-divertissement","9":"tag-entertainment","10":"tag-foo-fighters","11":"tag-fr","12":"tag-france","13":"tag-josh-freese","14":"tag-music","15":"tag-musique"},"share_on_mastodon":{"url":"https:\/\/pubeurope.com\/@fr\/114522434145790584","error":""},"_links":{"self":[{"href":"https:\/\/www.europesays.com\/fr\/wp-json\/wp\/v2\/posts\/106621","targetHints":{"allow":["GET"]}}],"collection":[{"href":"https:\/\/www.europesays.com\/fr\/wp-json\/wp\/v2\/posts"}],"about":[{"href":"https:\/\/www.europesays.com\/fr\/wp-json\/wp\/v2\/types\/post"}],"author":[{"embeddable":true,"href":"https:\/\/www.europesays.com\/fr\/wp-json\/wp\/v2\/users\/2"}],"replies":[{"embeddable":true,"href":"https:\/\/www.europesays.com\/fr\/wp-json\/wp\/v2\/comments?post=106621"}],"version-history":[{"count":0,"href":"https:\/\/www.europesays.com\/fr\/wp-json\/wp\/v2\/posts\/106621\/revisions"}],"wp:featuredmedia":[{"embeddable":true,"href":"https:\/\/www.europesays.com\/fr\/wp-json\/wp\/v2\/media\/106622"}],"wp:attachment":[{"href":"https:\/\/www.europesays.com\/fr\/wp-json\/wp\/v2\/media?parent=106621"}],"wp:term":[{"taxonomy":"category","embeddable":true,"href":"https:\/\/www.europesays.com\/fr\/wp-json\/wp\/v2\/categories?post=106621"},{"taxonomy":"post_tag","embeddable":true,"href":"https:\/\/www.europesays.com\/fr\/wp-json\/wp\/v2\/tags?post=106621"}],"curies":[{"name":"wp","href":"https:\/\/api.w.org\/{rel}","templated":true}]}}