{"id":1066329,"date":"2026-07-15T14:47:16","date_gmt":"2026-07-15T14:47:16","guid":{"rendered":"https:\/\/www.europesays.com\/fr\/1066329\/"},"modified":"2026-07-15T14:47:16","modified_gmt":"2026-07-15T14:47:16","slug":"neuves-maisons-une-saison-entre-humour-chanson-et-theatre-au-centre-jean-lhote","status":"publish","type":"post","link":"https:\/\/www.europesays.com\/fr\/1066329\/","title":{"rendered":"Neuves-Maisons. Une saison entre humour, chanson et th\u00e9\u00e2tre au centre Jean l\u2019H\u00f4te"},"content":{"rendered":"<p>Chanson, th\u00e9\u00e2tre, humour, spectacles familiaux, on reste dans la m\u00eame dynamique\u00a0\u00bb. Jean-Luc Mauffrey, directeur culturel de la Ville, vient de d\u00e9voiler le programme de la saison 2026-27 du Centre culturel Jean l\u2019H\u00f4te.<\/p>\n<p>Des humoristes tr\u00e8s attendus<\/p>\n<p>En ouverture de saison, le 19\u00a0septembre, un spectacle gratuit\u00a0: \u00ab\u00a0 Scotland \u00a0\u00bb, com\u00e9die hilarante r\u00e9compens\u00e9e par de nombreux prix internationaux. Dans la m\u00eame veine, \u00ab\u00a0trois&#8230;<\/p>\n","protected":false},"excerpt":{"rendered":"Chanson, th\u00e9\u00e2tre, humour, spectacles familiaux, on reste dans la m\u00eame dynamique\u00a0\u00bb. Jean-Luc Mauffrey, directeur culturel de la Ville,&hellip;\n","protected":false},"author":2,"featured_media":1066330,"comment_status":"","ping_status":"","sticky":false,"template":"","format":"standard","meta":{"footnotes":"","_share_on_mastodon":"0"},"categories":[9635],"tags":[1111,11,9848,1687,1704,1777,674,1011,27,775,1702,9847,12,25],"class_list":["post-1066329","post","type-post","status-publish","format-standard","has-post-thumbnail","category-nancy","tag-actu","tag-actualites","tag-cc-moselle-et-madon-54b","tag-culture-loisirs","tag-edition-nancy-et-agglomeration","tag-eu","tag-europe","tag-fr","tag-france","tag-grand-est","tag-nancy","tag-neuves-maisons","tag-news","tag-republique-francaise"],"share_on_mastodon":{"url":"https:\/\/pubeurope.com\/@fr\/116924543366654842","error":""},"_links":{"self":[{"href":"https:\/\/www.europesays.com\/fr\/wp-json\/wp\/v2\/posts\/1066329","targetHints":{"allow":["GET"]}}],"collection":[{"href":"https:\/\/www.europesays.com\/fr\/wp-json\/wp\/v2\/posts"}],"about":[{"href":"https:\/\/www.europesays.com\/fr\/wp-json\/wp\/v2\/types\/post"}],"author":[{"embeddable":true,"href":"https:\/\/www.europesays.com\/fr\/wp-json\/wp\/v2\/users\/2"}],"replies":[{"embeddable":true,"href":"https:\/\/www.europesays.com\/fr\/wp-json\/wp\/v2\/comments?post=1066329"}],"version-history":[{"count":0,"href":"https:\/\/www.europesays.com\/fr\/wp-json\/wp\/v2\/posts\/1066329\/revisions"}],"wp:featuredmedia":[{"embeddable":true,"href":"https:\/\/www.europesays.com\/fr\/wp-json\/wp\/v2\/media\/1066330"}],"wp:attachment":[{"href":"https:\/\/www.europesays.com\/fr\/wp-json\/wp\/v2\/media?parent=1066329"}],"wp:term":[{"taxonomy":"category","embeddable":true,"href":"https:\/\/www.europesays.com\/fr\/wp-json\/wp\/v2\/categories?post=1066329"},{"taxonomy":"post_tag","embeddable":true,"href":"https:\/\/www.europesays.com\/fr\/wp-json\/wp\/v2\/tags?post=1066329"}],"curies":[{"name":"wp","href":"https:\/\/api.w.org\/{rel}","templated":true}]}}