{"id":106639,"date":"2025-05-17T09:28:09","date_gmt":"2025-05-17T09:28:09","guid":{"rendered":"https:\/\/www.europesays.com\/fr\/106639\/"},"modified":"2025-05-17T09:28:09","modified_gmt":"2025-05-17T09:28:09","slug":"israel-annonce-avoir-lance-une-nouvelle-campagne-pour-intensifier-son-offensive-liberation","status":"publish","type":"post","link":"https:\/\/www.europesays.com\/fr\/106639\/","title":{"rendered":"Isra\u00ebl annonce avoir lanc\u00e9 une nouvelle campagne pour intensifier son offensive \u2013 Lib\u00e9ration"},"content":{"rendered":"<p class=\"sc-ksZaOG ehjQrN text-element\">Malgr\u00e9 une mont\u00e9e en puissance des critiques internationales sur sa conduite de la guerre, d\u00e9clench\u00e9e par l\u2019attaque du 7-Octobre, le Premier ministre Benyamin N\u00e9tanyahou a bien lanc\u00e9 ce samedi l\u2019intensification de l\u2019offensive de l\u2019arm\u00e9e isra\u00e9lienne \u00e0 Gaza pour \u00abachever l\u2019op\u00e9ration et vaincre le Hamas\u00bb.<\/p>\n<p class=\"sc-ksZaOG ehjQrN text-element\">Quelques heures \u00e0 peine apr\u00e8s la fin de la <a href=\"https:\/\/www.liberation.fr\/international\/moyen-orient\/un-president-en-voyage-daffaires-donald-trump-recolte-les-contrats-par-milliards-en-arabie-saoudite-20250513_EN5POGW6SZHONG5ULPYYUXYBQQ\/\" target=\"_blank\" rel=\"noopener\" title=\"https:\/\/www.liberation.fr\/international\/moyen-orient\/un-president-en-voyage-daffaires-donald-trump-recolte-les-contrats-par-milliards-en-arabie-saoudite-20250513_EN5POGW6SZHONG5ULPYYUXYBQQ\/\">tourn\u00e9e dans le Golfe de Donald Trump<\/a>, qui s\u2019\u00e9tait \u00e9mu de la faim dans le territoire palestinien, l\u2019arm\u00e9e isra\u00e9lienne a indiqu\u00e9 avoir, \u00abau cours de la journ\u00e9e \u00e9coul\u00e9e, lanc\u00e9 des frappes d\u2019envergure et transf\u00e9r\u00e9 des forces pour prendre le contr\u00f4le de zones de la bande de Gaza\u00bb.<\/p>\n<p class=\"sc-ksZaOG ehjQrN text-element\">\u00abCela s\u2019inscrit dans le cadre des \u00e9tapes initiales de <a href=\"https:\/\/www.liberation.fr\/international\/moyen-orient\/avec-les-chariots-de-gedeon-israel-promet-dintensifier-son-offensive-a-gaza-20250505_EYGFKW6PQBA4XOAMX2EBYJCLIU\/\" target=\"_blank\" rel=\"noopener\" title=\"https:\/\/www.liberation.fr\/international\/moyen-orient\/avec-les-chariots-de-gedeon-israel-promet-dintensifier-son-offensive-a-gaza-20250505_EYGFKW6PQBA4XOAMX2EBYJCLIU\/\">l\u2019op\u00e9ration \u201cChariots de Gideon\u201d<\/a> et de l\u2019expansion de l\u2019offensive dans la bande de Gaza, dans le but d\u2019atteindre tous les objectifs de la guerre, y compris la lib\u00e9ration des otages et la d\u00e9faite du Hamas\u00bb, a d\u00e9clar\u00e9 l\u2019arm\u00e9e t\u00f4t samedi sur les r\u00e9seaux sociaux.<\/p>\n<p class=\"sc-ksZaOG ehjQrN text-element\">Apr\u00e8s une tr\u00eave de deux mois, l\u2019arm\u00e9e isra\u00e9lienne a repris son offensive le 18 mars \u00e0 Gaza et s\u2019est empar\u00e9e de larges pans du territoire. Le gouvernement N\u00e9tanyahou a annonc\u00e9 d\u00e9but mai un plan pour la \u00abconqu\u00eate\u00bb de Gaza, qu\u2019Isra\u00ebl avait occup\u00e9e de 1967 \u00e0 2005, n\u00e9cessitant le d\u00e9placement interne de \u00abla plupart\u00bb de ses 2,4 millions d\u2019habitants.<\/p>\n<p class=\"sc-ksZaOG ehjQrN text-element\">L\u2019agence de d\u00e9fense civile de Gaza a affirm\u00e9 que les frappes isra\u00e9liennes avaient tu\u00e9 <a href=\"https:\/\/www.liberation.fr\/international\/moyen-orient\/donald-trump-acheve-sa-tournee-dans-le-golfe-des-dizaines-de-morts-a-gaza-lactu-du-conflit-au-proche-orient-ce-vendredi-16-mai-20250516_2UINL645XBBATGVA32ZIPKUMRQ\/\" target=\"_blank\" rel=\"noopener\" title=\"https:\/\/www.liberation.fr\/international\/moyen-orient\/donald-trump-acheve-sa-tournee-dans-le-golfe-des-dizaines-de-morts-a-gaza-lactu-du-conflit-au-proche-orient-ce-vendredi-16-mai-20250516_2UINL645XBBATGVA32ZIPKUMRQ\/\">au moins 100 personnes vendredi<\/a>, apr\u00e8s avoir fait \u00e9tat de plus de 80 morts mercredi et plus de <a href=\"https:\/\/www.liberation.fr\/international\/moyen-orient\/trump-veut-faire-de-gaza-une-zone-de-liberte-menaces-americaines-sur-le-yemen-nucleaire-iranien-lactu-du-conflit-au-proche-orient-ce-jeudi-15-mai-20250515_EJ7SI374GBGFFOPJEBETR5REKY\/\" target=\"_blank\" rel=\"noopener\" title=\"https:\/\/www.liberation.fr\/international\/moyen-orient\/trump-veut-faire-de-gaza-une-zone-de-liberte-menaces-americaines-sur-le-yemen-nucleaire-iranien-lactu-du-conflit-au-proche-orient-ce-jeudi-15-mai-20250515_EJ7SI374GBGFFOPJEBETR5REKY\/\">100 morts jeudi<\/a>.<\/p>\n<p class=\"sc-ksZaOG ehjQrN text-element\">Dans un h\u00f4pital de Beit Lahia (nord), des images de l\u2019AFP montrent des habitants, dont des enfants ayant perdu leur m\u00e8re, se lamenter sur le corps de leurs proches, et des bless\u00e9s soign\u00e9s \u00e0 m\u00eame le sol au milieu des cris et des pleurs.<\/p>\n<p class=\"sc-ksZaOG ehjQrN text-element\">A Beit Lahia, Sa\u00efd Hamouda affirme que les bombardements \u00abont cibl\u00e9 des habitations o\u00f9 des civils dormaient. Les enfants hurlaient, les portes ont \u00e9t\u00e9 souffl\u00e9es. Une sc\u00e8ne indescriptible, comme si c\u2019\u00e9tait la fin du monde\u00bb.<\/p>\n<p class=\"sc-ksZaOG ehjQrN text-element\">\u00abCeux qui ne meurent pas dans les bombardements mourront de faim\u00bb, se lamente Khalil al-Tatar, un autre habitant.<\/p>\n<p class=\"sc-ksZaOG ehjQrN text-element\">L\u2019attaque du 7-Octobre, men\u00e9e par le mouvement islamiste palestinien Hamas, a entra\u00een\u00e9 la mort de 1 218 personnes c\u00f4t\u00e9 isra\u00e9lien, en majorit\u00e9 des civils, selon un d\u00e9compte de l\u2019AFP bas\u00e9 sur des donn\u00e9es officielles. Sur les 251 personnes alors enlev\u00e9es, 57 restent retenues \u00e0 Gaza, dont 34 d\u00e9clar\u00e9es mortes par l\u2019arm\u00e9e.<\/p>\n<p class=\"sc-ksZaOG ehjQrN text-element\">Les repr\u00e9sailles isra\u00e9liennes ont fait au moins 53 119 morts \u00e0 Gaza, en majorit\u00e9 des civils, selon les derni\u00e8res donn\u00e9es du minist\u00e8re de la Sant\u00e9 du Hamas, jug\u00e9es fiables par l\u2019ONU.<\/p>\n<p class=\"sc-ksZaOG ehjQrN text-element\">Vendredi, la principale association isra\u00e9lienne de familles d\u2019otages a appel\u00e9 Benyamin N\u00e9tanyahou \u00e0 ne pas manquer une \u00aboccasion historique\u00bb pour la lib\u00e9ration de leurs proches et \u00e0 \u00abunir ses efforts \u00e0 ceux du pr\u00e9sident Trump\u00bb pour cela, \u00e9voquant \u00abune grande inqui\u00e9tude \u00e0 la lumi\u00e8re des informations sur l\u2019intensification des attaques [isra\u00e9liennes] \u00e0 Gaza\u00bb. Mais le Premier ministre mart\u00e8le que seule une pression militaire accrue poussera le Hamas \u00e0 lib\u00e9rer les otages.<\/p>\n<p class=\"sc-ksZaOG ehjQrN text-element\">Depuis le 2 mars, les forces isra\u00e9liennes bloquent aussi toute entr\u00e9e d\u2019aide humanitaire dans Gaza, vitale pour les 2,4 millions d\u2019habitants, maintenant menac\u00e9s d\u2019une \u00abfamine de masse\u00bb selon plusieurs ONG. Au terme de sa tourn\u00e9e dans le Golfe, le pr\u00e9sident am\u00e9ricain Donald Trump, un alli\u00e9 d\u2019Isra\u00ebl, a d\u00e9clar\u00e9 : \u00abNous nous int\u00e9ressons \u00e0 Gaza. Et nous allons faire en sorte que cela soit r\u00e9gl\u00e9. Beaucoup de gens sont affam\u00e9s.\u00bb<\/p>\n<p class=\"sc-ksZaOG ehjQrN text-element\">Le Hamas, dont l\u2019attaque sans pr\u00e9c\u00e9dent contre Isra\u00ebl le 7 octobre 2023 a d\u00e9clench\u00e9 la guerre, a ensuite appel\u00e9 les Etats-Unis \u00e0 faire pression sur le gouvernement de Benyamin N\u00e9tanyahou pour laisser entrer l\u2019aide humanitaire. <\/p>\n<p class=\"sc-ksZaOG ehjQrN text-element\">Pour le Haut-Commissaire de l\u2019ONU aux droits de l\u2019homme Volker T\u00fcrk, \u00abcette derni\u00e8re vague de bombes obligeant les gens \u00e0 se d\u00e9placer sous la menace d\u2019attaques encore plus intenses, la destruction m\u00e9thodique de quartiers entiers et le refus de l\u2019aide humanitaire soulignent qu\u2019il semble y avoir une pouss\u00e9e pour un changement d\u00e9mographique permanent \u00e0 Gaza qui [\u2026] \u00e9quivaut \u00e0 un nettoyage ethnique\u00bb.<\/p>\n<p class=\"sc-ksZaOG ehjQrN text-element\">Isra\u00ebl affirme qu\u2019il n\u2019y a pas de crise humanitaire \u00e0 Gaza et accuse le Hamas de voler les aides internationales. La Fondation humanitaire de Gaza, une ONG soutenue par les Etats-Unis, a d\u00e9clar\u00e9 qu\u2019elle commencerait \u00e0 distribuer de l\u2019aide humanitaire \u00e0 Gaza ce mois-ci, apr\u00e8s s\u2019\u00eatre entretenue avec des responsables isra\u00e9liens.<\/p>\n<p class=\"sc-ksZaOG ehjQrN text-element\">Toutefois, les Nations unies ont exclu jeudi toute participation \u00e0 cette initiative, invoquant des probl\u00e8mes d\u2019\u00abimpartialit\u00e9, de neutralit\u00e9 [et] d\u2019ind\u00e9pendance\u00bb.<\/p>\n","protected":false},"excerpt":{"rendered":"Malgr\u00e9 une mont\u00e9e en puissance des critiques internationales sur sa conduite de la guerre, d\u00e9clench\u00e9e par l\u2019attaque du&hellip;\n","protected":false},"author":2,"featured_media":106640,"comment_status":"","ping_status":"","sticky":false,"template":"","format":"standard","meta":{"footnotes":""},"categories":[2],"tags":[11,952,75,1011,27,3522,3519,664,3523,12],"class_list":{"0":"post-106639","1":"post","2":"type-post","3":"status-publish","4":"format-standard","5":"has-post-thumbnail","7":"category-actualites","8":"tag-actualites","9":"tag-benyamin-netanyahou","10":"tag-donald-trump","11":"tag-fr","12":"tag-france","13":"tag-guerre-hamas-israel","14":"tag-hamas","15":"tag-israel","16":"tag-israel-palestine-conflit","17":"tag-news"},"share_on_mastodon":{"url":"https:\/\/pubeurope.com\/@fr\/114522469418760266","error":""},"_links":{"self":[{"href":"https:\/\/www.europesays.com\/fr\/wp-json\/wp\/v2\/posts\/106639","targetHints":{"allow":["GET"]}}],"collection":[{"href":"https:\/\/www.europesays.com\/fr\/wp-json\/wp\/v2\/posts"}],"about":[{"href":"https:\/\/www.europesays.com\/fr\/wp-json\/wp\/v2\/types\/post"}],"author":[{"embeddable":true,"href":"https:\/\/www.europesays.com\/fr\/wp-json\/wp\/v2\/users\/2"}],"replies":[{"embeddable":true,"href":"https:\/\/www.europesays.com\/fr\/wp-json\/wp\/v2\/comments?post=106639"}],"version-history":[{"count":0,"href":"https:\/\/www.europesays.com\/fr\/wp-json\/wp\/v2\/posts\/106639\/revisions"}],"wp:featuredmedia":[{"embeddable":true,"href":"https:\/\/www.europesays.com\/fr\/wp-json\/wp\/v2\/media\/106640"}],"wp:attachment":[{"href":"https:\/\/www.europesays.com\/fr\/wp-json\/wp\/v2\/media?parent=106639"}],"wp:term":[{"taxonomy":"category","embeddable":true,"href":"https:\/\/www.europesays.com\/fr\/wp-json\/wp\/v2\/categories?post=106639"},{"taxonomy":"post_tag","embeddable":true,"href":"https:\/\/www.europesays.com\/fr\/wp-json\/wp\/v2\/tags?post=106639"}],"curies":[{"name":"wp","href":"https:\/\/api.w.org\/{rel}","templated":true}]}}