{"id":1066394,"date":"2026-07-15T15:24:21","date_gmt":"2026-07-15T15:24:21","guid":{"rendered":"https:\/\/www.europesays.com\/fr\/1066394\/"},"modified":"2026-07-15T15:24:21","modified_gmt":"2026-07-15T15:24:21","slug":"ukraine-en-ukraine-le-patient-travail-de-lappel-de-geneve-pour-humaniser-la-guerre","status":"publish","type":"post","link":"https:\/\/www.europesays.com\/fr\/1066394\/","title":{"rendered":"Ukraine. En Ukraine, le patient travail de l\u2019Appel de Gen\u00e8ve pour humaniser la guerre"},"content":{"rendered":"<p>C\u2019est un immeuble de bureaux \u00e0 Kiev. Des ONG s\u2019y trouvent et parmi elles, l\u2019une avec le myst\u00e9rieux nom d\u2019Appel de Gen\u00e8ve. Son origine dit bien une certaine tradition humanitaire de la cit\u00e9 de Calvin. En 1997, la Convention sur l\u2019interdiction des mines antipersonnel est adopt\u00e9e. Sauf qu\u2019il y a un probl\u00e8me : dans certains pays, ce sont des groupes arm\u00e9s non-\u00e9tatiques qui posent ces mines, et pas les \u00c9tats, seuls signataires. D\u2019o\u00f9 l\u2019id\u00e9e de proposer des engagements \u00e0 ces groupes. <\/p>\n<p>\u00c9lisabeth Decrey, coordinatrice de la Campagne Suisse contre les mines, s\u2019adresse au gouvernement helv\u00e8te et au Comit\u00e9 international de la Croix-Rouge, qui ne peuvent se lancer dans pareil projet. Qu\u2019importe, la Romande cr\u00e9\u00e9 son association, l\u2019Appel de Gen\u00e8ve en janvier 2000, et \u00e0 peine un an&#8230;<\/p>\n","protected":false},"excerpt":{"rendered":"C\u2019est un immeuble de bureaux \u00e0 Kiev. Des ONG s\u2019y trouvent et parmi elles, l\u2019une avec le myst\u00e9rieux&hellip;\n","protected":false},"author":2,"featured_media":1066395,"comment_status":"","ping_status":"","sticky":false,"template":"","format":"standard","meta":{"footnotes":"","_share_on_mastodon":"0"},"categories":[1590],"tags":[11,4634,4636,3206,4637,1777,674,1795,4638,12,316,220],"class_list":["post-1066394","post","type-post","status-publish","format-standard","has-post-thumbnail","category-ukraine","tag-actualites","tag-annemasse","tag-annemasse-bassin","tag-defense-guerre-conflit","tag-edition-grand-geneve-chablais-ain","tag-eu","tag-europe","tag-fil-web","tag-haute-savoie","tag-news","tag-politique","tag-ukraine"],"share_on_mastodon":{"url":"https:\/\/pubeurope.com\/@fr\/116924689153830615","error":""},"_links":{"self":[{"href":"https:\/\/www.europesays.com\/fr\/wp-json\/wp\/v2\/posts\/1066394","targetHints":{"allow":["GET"]}}],"collection":[{"href":"https:\/\/www.europesays.com\/fr\/wp-json\/wp\/v2\/posts"}],"about":[{"href":"https:\/\/www.europesays.com\/fr\/wp-json\/wp\/v2\/types\/post"}],"author":[{"embeddable":true,"href":"https:\/\/www.europesays.com\/fr\/wp-json\/wp\/v2\/users\/2"}],"replies":[{"embeddable":true,"href":"https:\/\/www.europesays.com\/fr\/wp-json\/wp\/v2\/comments?post=1066394"}],"version-history":[{"count":0,"href":"https:\/\/www.europesays.com\/fr\/wp-json\/wp\/v2\/posts\/1066394\/revisions"}],"wp:featuredmedia":[{"embeddable":true,"href":"https:\/\/www.europesays.com\/fr\/wp-json\/wp\/v2\/media\/1066395"}],"wp:attachment":[{"href":"https:\/\/www.europesays.com\/fr\/wp-json\/wp\/v2\/media?parent=1066394"}],"wp:term":[{"taxonomy":"category","embeddable":true,"href":"https:\/\/www.europesays.com\/fr\/wp-json\/wp\/v2\/categories?post=1066394"},{"taxonomy":"post_tag","embeddable":true,"href":"https:\/\/www.europesays.com\/fr\/wp-json\/wp\/v2\/tags?post=1066394"}],"curies":[{"name":"wp","href":"https:\/\/api.w.org\/{rel}","templated":true}]}}