{"id":106645,"date":"2025-05-17T09:31:07","date_gmt":"2025-05-17T09:31:07","guid":{"rendered":"https:\/\/www.europesays.com\/fr\/106645\/"},"modified":"2025-05-17T09:31:07","modified_gmt":"2025-05-17T09:31:07","slug":"un-gendarme-volontairement-percute-par-un-motard-lors-dun-rodeo-urbain-pres-de-nancy-2","status":"publish","type":"post","link":"https:\/\/www.europesays.com\/fr\/106645\/","title":{"rendered":"Un gendarme volontairement percut\u00e9 par un motard lors d&rsquo;un rod\u00e9o urbain pr\u00e8s de Nancy"},"content":{"rendered":"<p>            Par<br \/>\n        <strong><br \/>\n            <a href=\"https:\/\/actu.fr\/auteur\/redaction-lorraine\" title=\"Consulter tous les articles de R\u00e9daction Lorraine\" target=\"_blank\" rel=\"noopener\">R\u00e9daction Lorraine<\/a><br \/>\n        <\/strong><\/p>\n<p>        Publi\u00e9 le<\/p>\n<p>            17 mai 2025 \u00e0 9h35        <\/p>\n<p>Un gendarme a \u00e9t\u00e9 <strong>bless\u00e9<\/strong> apr\u00e8s avoir \u00e9t\u00e9 \u00ab<strong>\u2009percut\u00e9 volontairement<\/strong>\u2009\u00bb par un motard lors d\u2019un <a href=\"https:\/\/actu.fr\/tag\/rodeos-urbains\" target=\"_blank\" rel=\"noopener\">rod\u00e9o urbain<\/a>, vendredi 16\u00a0mai 2025, pr\u00e8s de Nancy, a-t-on appris ce samedi aupr\u00e8s de la <a href=\"https:\/\/actu.fr\/tag\/gendarmerie\" target=\"_blank\" rel=\"noopener\">gendarmerie<\/a> de Meurthe-et-Moselle.<\/p>\n<p class=\" wall-content\">Souffrant de \u00ab<strong>\u2009fractures assez importantes<\/strong>\u2009\u00bb \u00e0 la jambe, la victime a \u00e9t\u00e9 op\u00e9r\u00e9e pendant la nuit \u00e0 l\u2019h\u00f4pital de Nancy, a indiqu\u00e9 \u00e0 l\u2019AFP l\u2019officier de permanence.<\/p>\n<p>Un motard \u00ab\u2009percute volontairement\u2009\u00bb un gendarme<\/p>\n<p class=\" wall-content\">L\u2019incident s\u2019est produit lorsque le jeune gendarme <strong>a fait signe au motard de s\u2019arr\u00eater<\/strong>, vendredi vers 21h30 \u00e0 Neuves-Maisons, une commune de 6\u2009500\u00a0habitants situ\u00e9e au sud de Nancy.<\/p>\n<p class=\" wall-content\">En r\u00e9action, \u00ab\u2009le motard a percut\u00e9 volontairement le gendarme\u2009\u00bb <strong>avant de quitter les lieux<\/strong> avec son v\u00e9hicule, a d\u00e9clar\u00e9 son coll\u00e8gue.<\/p>\n<p class=\" wall-content\">Une <strong>enqu\u00eate<\/strong> a \u00e9t\u00e9 confi\u00e9e \u00e0 la brigade de recherche de Nancy. \u00ab\u2009On va certainement parvenir \u00e0 l\u2019identifier\u2009\u00bb, a assur\u00e9 l\u2019officier de permanence.<\/p>\n<p>Vid\u00e9os : en ce moment sur Actu<\/p>\n<p class=\" wall-content\"><strong>AVEC AFP.<\/strong><\/p>\n<p class=\" wall-content\">Suivez toute l\u2019actualit\u00e9 de vos villes et m\u00e9dias favoris en vous inscrivant \u00e0 <a href=\"https:\/\/moncompte.actu.fr\" title=\"D\u00e9couvez Mon Actu\" rel=\"nofollow noopener\" data-trk=\"{&quot;cta&quot;:{&quot;action&quot;:&quot;https:\\\/\\\/moncompte.actu.fr&quot;,&quot;category&quot;:&quot;mon compte&quot;,&quot;from&quot;:&quot;article footer&quot;,&quot;name&quot;:&quot;Mon actu&quot;,&quot;type&quot;:&quot;cta&quot;}}\" target=\"_blank\">Mon Actu<\/a>.<\/p>\n<ul class=\"ac-article-tag wall-content\">\n<li><a href=\"https:\/\/actu.fr\/tag\/gendarmerie\" data-trk=\"{&quot;cta&quot;:{&quot;action&quot;:&quot;Gendarmerie&quot;,&quot;category&quot;:&quot;tag&quot;,&quot;from&quot;:&quot;article footer&quot;,&quot;name&quot;:&quot;Gendarmerie&quot;,&quot;type&quot;:&quot;cta&quot;}}\" target=\"_blank\" rel=\"noopener\">#Gendarmerie<\/a><\/li>\n<li><a href=\"https:\/\/actu.fr\/tag\/rodeos-urbains\" data-trk=\"{&quot;cta&quot;:{&quot;action&quot;:&quot;Rod\\u00e9os urbains&quot;,&quot;category&quot;:&quot;tag&quot;,&quot;from&quot;:&quot;article footer&quot;,&quot;name&quot;:&quot;Rod\\u00e9os urbains&quot;,&quot;type&quot;:&quot;cta&quot;}}\" target=\"_blank\" rel=\"noopener\">#Rod\u00e9os urbains<\/a><\/li>\n<\/ul>\n","protected":false},"excerpt":{"rendered":"Par R\u00e9daction Lorraine Publi\u00e9 le 17 mai 2025 \u00e0 9h35 Un gendarme a \u00e9t\u00e9 bless\u00e9 apr\u00e8s avoir \u00e9t\u00e9&hellip;\n","protected":false},"author":2,"featured_media":106646,"comment_status":"","ping_status":"","sticky":false,"template":"","format":"standard","meta":{"footnotes":""},"categories":[9635],"tags":[1111,11,1777,674,118,1011,27,3381,775,1702,12,25,5575],"class_list":{"0":"post-106645","1":"post","2":"type-post","3":"status-publish","4":"format-standard","5":"has-post-thumbnail","7":"category-nancy","8":"tag-actu","9":"tag-actualites","10":"tag-eu","11":"tag-europe","12":"tag-faits-divers","13":"tag-fr","14":"tag-france","15":"tag-gendarmerie","16":"tag-grand-est","17":"tag-nancy","18":"tag-news","19":"tag-republique-francaise","20":"tag-rodeos-urbains"},"share_on_mastodon":{"url":"https:\/\/pubeurope.com\/@fr\/114522481199539638","error":""},"_links":{"self":[{"href":"https:\/\/www.europesays.com\/fr\/wp-json\/wp\/v2\/posts\/106645","targetHints":{"allow":["GET"]}}],"collection":[{"href":"https:\/\/www.europesays.com\/fr\/wp-json\/wp\/v2\/posts"}],"about":[{"href":"https:\/\/www.europesays.com\/fr\/wp-json\/wp\/v2\/types\/post"}],"author":[{"embeddable":true,"href":"https:\/\/www.europesays.com\/fr\/wp-json\/wp\/v2\/users\/2"}],"replies":[{"embeddable":true,"href":"https:\/\/www.europesays.com\/fr\/wp-json\/wp\/v2\/comments?post=106645"}],"version-history":[{"count":0,"href":"https:\/\/www.europesays.com\/fr\/wp-json\/wp\/v2\/posts\/106645\/revisions"}],"wp:featuredmedia":[{"embeddable":true,"href":"https:\/\/www.europesays.com\/fr\/wp-json\/wp\/v2\/media\/106646"}],"wp:attachment":[{"href":"https:\/\/www.europesays.com\/fr\/wp-json\/wp\/v2\/media?parent=106645"}],"wp:term":[{"taxonomy":"category","embeddable":true,"href":"https:\/\/www.europesays.com\/fr\/wp-json\/wp\/v2\/categories?post=106645"},{"taxonomy":"post_tag","embeddable":true,"href":"https:\/\/www.europesays.com\/fr\/wp-json\/wp\/v2\/tags?post=106645"}],"curies":[{"name":"wp","href":"https:\/\/api.w.org\/{rel}","templated":true}]}}