{"id":106649,"date":"2025-05-17T09:34:15","date_gmt":"2025-05-17T09:34:15","guid":{"rendered":"https:\/\/www.europesays.com\/fr\/106649\/"},"modified":"2025-05-17T09:34:15","modified_gmt":"2025-05-17T09:34:15","slug":"dynamique-brisee-naufrage-au-velodrome-indiscipline-recurrente-toulon-a-court-de-souffle","status":"publish","type":"post","link":"https:\/\/www.europesays.com\/fr\/106649\/","title":{"rendered":"dynamique bris\u00e9e, naufrage au V\u00e9lodrome, indiscipline r\u00e9currente&#8230;, Toulon \u00e0 court de souffle"},"content":{"rendered":"<p>Depuis leur quart de finale de Champions Cup perdu face \u00e0 Toulouse, les Varois sont dans le dur. Mais ils restent accroch\u00e9s \u00e0 leur troisi\u00e8me place avant d\u2019aller \u00e0 Pau.<\/p>\n<p class=\"fig-paragraph\">Une invincibilit\u00e9 \u00e0 domicile qui a vol\u00e9 en \u00e9clats. De mani\u00e8re spectaculaire,\u00a0<a href=\"http:\/\/www.lefigaro.fr\/sports\/rugby\/top-14\/toulon-toulouse-capuozzo-et-chocobares-bouillants-serin-a-du-sang-sur-les-mains-costes-la-plaie-les-tops-flops-20250511\" data-fig-type=\"NewsFlash\" data-gtm-custom-categorie=\"navigation\" data-gtm-custom-action=\"crossclick\" data-gtm-custom-label=\"Contextuel\" data-gtm-event=\"customEventSPE\" data-fig-domain=\"LEFIGARO\" target=\"_blank\" rel=\"noopener\">un cinglant 50-16<\/a>. Certes la rencontre au sommet entre Toulonnais et Toulousains avait \u00e9t\u00e9 d\u00e9localis\u00e9e au Stade V\u00e9lodrome de Marseille, mais le RCT n\u2019est donc plus invaincu \u00e0 domicile cette saison. Seul\u00a0<a href=\"http:\/\/www.lefigaro.fr\/sports\/rugby\/top-14\/philippe-tayeb-l-aviron-bayonnais-grandit-mais-il-ne-faut-pas-s-enflammer-20250110\" data-fig-type=\"Article\" data-gtm-custom-categorie=\"navigation\" data-gtm-custom-action=\"crossclick\" data-gtm-custom-label=\"Contextuel\" data-gtm-event=\"customEventSPE\" data-fig-domain=\"LEFIGARO\" target=\"_blank\" rel=\"noopener\">l\u2019Aviron Bayonnais<\/a>\u00a0est encore dans ce cas. Fin de s\u00e9rie pour le RCT plomb\u00e9 par l\u2019expulsion de son demi de m\u00eal\u00e9e et ma\u00eetre \u00e0 jouer\u00a0<a href=\"http:\/\/www.lefigaro.fr\/sports\/rugby\/top-14\/top-14-serin-woki-verge-ces-francais-qui-carburent-pendant-les-doublons-20250301\" data-fig-type=\"NewsFlash\" data-gtm-custom-categorie=\"navigation\" data-gtm-custom-action=\"crossclick\" data-gtm-custom-label=\"Contextuel\" data-gtm-event=\"customEventSPE\" data-fig-domain=\"LEFIGARO\" target=\"_blank\" rel=\"noopener\">Baptiste Serin<\/a>\u00a0(suspendu jusqu\u2019au 18 mai apr\u00e8s avoir \u00e9cop\u00e9 de deux cartons jaunes). \u00abC\u2019est une grosse d\u00e9ception. Tu ne peux pas jouer Toulouse dans ces conditions, d\u00e9plorait \u00e0 chaud le manager varois Pierre Mignoni. Il n\u2019y a pas grand-chose \u00e0 dire. Quand tu joues 60 minutes \u00e0 14 ou 13 joueurs, c\u2019est compliqu\u00e9. Il n\u2019y a rien \u00e0 dire sur le match.\u00bb\u00a0<\/p>\n<p class=\"fig-paragraph\">La dynamique s\u2019est cass\u00e9e en un mois.\u00a0<a href=\"http:\/\/www.lefigaro.fr\/sports\/rugby\/top-14\/top-14-apres-sa-desillusion-face-toulouse-le-rc-toulon-doit-tourner-la-page-et-se-relever-20250419\" data-fig-type=\"NewsFlash\" data-gtm-custom-categorie=\"navigation\" data-gtm-custom-action=\"crossclick\" data-gtm-custom-label=\"Contextuel\" data-gtm-event=\"customEventSPE\" data-fig-domain=\"LEFIGARO\" target=\"_blank\" rel=\"noopener\">La d\u00e9faite sur le fil face \u00e0 Toulouse (18-21)<\/a>\u00a0en quarts de finale de la Champions Cup a finalement laiss\u00e9 plus de traces que l\u2019on pensait. Le club au muguet a su rebondir rapidement en dominant Clermont \u00e0 Mayol (31-24) mais il a brutalement rechut\u00e9 ensuite sur la pelouse du\u00a0<a href=\"http:\/\/www.lefigaro.fr\/sports\/rugby\/top-14\/top-14-l-immense-exploit-de-vannes-succes-important-pour-clermont-les-resultats-du-multiplex-20250426\" data-fig-type=\"NewsFlash\" data-gtm-custom-categorie=\"navigation\" data-gtm-custom-action=\"crossclick\" data-gtm-custom-label=\"Contextuel\" data-gtm-event=\"customEventSPE\" data-fig-domain=\"LEFIGARO\" target=\"_blank\" rel=\"noopener\">promu Vannes (29-19)<\/a>\u00a0puis face \u00e0 Toulouse (16-50). Mots durs du troisi\u00e8me-ligne\u00a0<a href=\"http:\/\/www.lefigaro.fr\/sports\/rugby\/top-14\/top-14-esteban-abadie-prolonge-a-toulon-jusqu-en-2028-20250204\" data-fig-type=\"NewsFlash\" data-gtm-custom-categorie=\"navigation\" data-gtm-custom-action=\"crossclick\" data-gtm-custom-label=\"Contextuel\" data-gtm-event=\"customEventSPE\" data-fig-domain=\"LEFIGARO\" target=\"_blank\" rel=\"noopener\">Esteban Abadie<\/a>\u00a0au micro de Canal +\u00a0: \u00abEn prendre 50 ici, c\u2019est honteux. Ce n\u2019est pas notre \u00e9quipe, notre visage. Certes, c\u2019est une tr\u00e8s belle \u00e9quipe de Toulouse, mais aujourd\u2019hui (samedi) on a eu ce que l\u2019on m\u00e9ritait. Trop d\u2019indiscipline. On n\u2019a pas r\u00e9ussi \u00e0 les mettre \u00e0 mal une seule fois. \u00c0 la fin, le score est lourd, mais m\u00e9rit\u00e9&#8230;\u00bb<\/p>\n<blockquote class=\"fig-quote&#10;    \">\n<p class=\"fig-quote__text\">On va fermer nos gueules et se remettre au boulot<\/p>\n<p>            Esteban Abadie\n    <\/p><\/blockquote>\n<p class=\"fig-paragraph\">Pour le pilier international Dany Priso<strong>, <\/strong>interrog\u00e9 par\u00a0<a href=\"https:\/\/www.varmatin.com\/rugby\/rugby-toulon-va-se-battre-pour-la-deuxieme-place-en-top-14-985798?t=1747296986\" target=\"_blank\" rel=\"nofollow noopener\" data-gtm-custom-categorie=\"navigation\" data-gtm-custom-action=\"crossclick\" data-gtm-custom-label=\"Contextuel\" data-gtm-event=\"customEventSPE\">Var Matin<\/a>, il y a \u00abde la col\u00e8re, parce que, ce qu\u2019on a produit sur le terrain, tu ne peux pas l\u2019accepter. Pour Toulouse, prendre 50 grains \u00e0 la maison, c\u2019est inadmissible. Ce n\u2019est pas l\u2019image du club qu\u2019on a construit cette saison. Ne pas avoir de r\u00e9pondant comme \u00e7a, ce n\u2019est pas nous. \u00c7a ne doit plus se reproduire. Mais\u00a0<a href=\"http:\/\/www.lefigaro.fr\/sports\/rugby\/top-14\/top-14-quand-tu-prends-50-points-chez-toi-il-faut-assumer-mignoni-tres-decu-apres-la-raclee-subie-par-toulon-20250511\" data-fig-type=\"NewsFlash\" data-gtm-custom-categorie=\"navigation\" data-gtm-custom-action=\"crossclick\" data-gtm-custom-label=\"Contextuel\" data-gtm-event=\"customEventSPE\" data-fig-domain=\"LEFIGARO\" target=\"_blank\" rel=\"noopener\">Pierre Mignoni<\/a>\u00a0entend remobiliser ses troupes\u00a0: \u00abOn va rester ensemble, m\u00eame si des gens vont nous l\u00e2cher \u00e0 mon sens. \u00c7a fait partie du jeu. Ce soir, on est d\u00e9\u00e7us surtout pour l\u2019ensemble de nos supporters de Toulon mais aussi de la R\u00e9gion Sud. On a eu trop de complications pour rivaliser.\u00bb Le technicien toulonnais a ensuite pr\u00e9cis\u00e9 sa pens\u00e9e aupr\u00e8s du podcast Les causeries de la Rade, avan\u00e7ant sa pique ne concernait pas les supporters toulonnais mais plut\u00f4t certaines personnes dans l\u2019environnement du club.<\/p>\n<p class=\"fig-paragraph\">\u00c0 Toulon, \u00abtout est diff\u00e9rent\u00bb annonce le slogan du RCT. C\u2019est le cas. Car, malgr\u00e9 trois d\u00e9faites en quatre matches, la situation est loin d\u2019\u00eatre alarmante, le club est toujours troisi\u00e8me au classement et il reste accroch\u00e9 aux basques (deux points) de Bordeaux-B\u00e8gles, qui a aussi\u00a0<a href=\"http:\/\/www.lefigaro.fr\/sports\/rugby\/top-14\/montpellier-ubb-moustin-et-le-mhr-debarquent-dans-le-top-6-bordeaux-et-jacobs-coulent-les-tops-et-les-flops-20250511\" data-fig-type=\"NewsFlash\" data-gtm-custom-categorie=\"navigation\" data-gtm-custom-action=\"crossclick\" data-gtm-custom-label=\"Contextuel\" data-gtm-event=\"customEventSPE\" data-fig-domain=\"LEFIGARO\" target=\"_blank\" rel=\"noopener\">lourdement tr\u00e9buch\u00e9 \u00e0 Montpellier<\/a>. \u00abOn est troisi\u00e8me du championnat, ce n\u2019est pas la place que l\u2019on m\u00e9rite actuellement. On va fermer nos gueules et se remettre au boulot, ass\u00e8ne n\u00e9anmoins Esteban Abadie. On ne peut pas gagner le match avec la d\u00e9fense. Mais rien n\u2019est perdu. L\u2019objectif est de se qualifier, on fera tout pour.\u00bb<\/p>\n<p>\u00abDepuis ce quart de finale, on est dans le dur\u00bb<\/p>\n<p class=\"fig-paragraph\">Une r\u00e9action est donc attendue ce samedi face \u00e0 la Section Paloise, qui sort d\u2019<a href=\"http:\/\/www.lefigaro.fr\/sports\/rugby\/top-14\/top-14-metamorphose-confiance-retrouvee-lutte-pour-le-top-6-comment-karim-ghezal-a-redonne-du-mordant-a-lyon-20250509\" data-fig-type=\"NewsFlash\" data-gtm-custom-categorie=\"navigation\" data-gtm-custom-action=\"crossclick\" data-gtm-custom-label=\"Contextuel\" data-gtm-event=\"customEventSPE\" data-fig-domain=\"LEFIGARO\" target=\"_blank\" rel=\"noopener\">un succ\u00e8s sur la pelouse de Lyon (27-29)<\/a>. On a connu des endroits plus tranquilles hostiles que le Hameau pour se relancer. \u00abIl reste trois matchs. Ce n\u2019est pas la fin de la saison. On va voir notre r\u00e9action\u00bb, insiste Pierre Mignoni. Et d\u2019ajouter\u00a0: \u00abIl faut se reconcentrer vers Pau, avec la t\u00eate haute. On est capable de faire mieux. On est capable de jouer un autre rugby. On est capable d\u2019\u00eatre plus dangereux. Depuis ce quart de finale, on est dans le dur. Il faut relever la t\u00eate, il ne faut pas se l\u00e2cher et rester ensemble.\u00bb Rallumer la flamme.<\/p>\n","protected":false},"excerpt":{"rendered":"Depuis leur quart de finale de Champions Cup perdu face \u00e0 Toulouse, les Varois sont dans le dur.&hellip;\n","protected":false},"author":2,"featured_media":106650,"comment_status":"","ping_status":"","sticky":false,"template":"","format":"standard","meta":{"footnotes":""},"categories":[9619],"tags":[1111,11,525,4590,1981,2313,814,1777,674,1011,27,955,12,4589,882,2311,3461,25,1980,479,10405,2259,12098,478,2310,2312],"class_list":{"0":"post-106649","1":"post","2":"type-post","3":"status-publish","4":"format-standard","5":"has-post-thumbnail","7":"category-toulon","8":"tag-actu","9":"tag-actualites","10":"tag-calendrier","11":"tag-championnat-france","12":"tag-classement","13":"tag-clermont","14":"tag-direct","15":"tag-eu","16":"tag-europe","17":"tag-fr","18":"tag-france","19":"tag-match","20":"tag-news","21":"tag-phase-finale","22":"tag-provence-alpes-cote-dazur","23":"tag-racing","24":"tag-rct","25":"tag-republique-francaise","26":"tag-resultats","27":"tag-rugby","28":"tag-rugby-club-toulonnais","29":"tag-score","30":"tag-section-paloise","31":"tag-top-14","32":"tag-toulon","33":"tag-toulouse"},"share_on_mastodon":{"url":"https:\/\/pubeurope.com\/@fr\/114522493571096543","error":""},"_links":{"self":[{"href":"https:\/\/www.europesays.com\/fr\/wp-json\/wp\/v2\/posts\/106649","targetHints":{"allow":["GET"]}}],"collection":[{"href":"https:\/\/www.europesays.com\/fr\/wp-json\/wp\/v2\/posts"}],"about":[{"href":"https:\/\/www.europesays.com\/fr\/wp-json\/wp\/v2\/types\/post"}],"author":[{"embeddable":true,"href":"https:\/\/www.europesays.com\/fr\/wp-json\/wp\/v2\/users\/2"}],"replies":[{"embeddable":true,"href":"https:\/\/www.europesays.com\/fr\/wp-json\/wp\/v2\/comments?post=106649"}],"version-history":[{"count":0,"href":"https:\/\/www.europesays.com\/fr\/wp-json\/wp\/v2\/posts\/106649\/revisions"}],"wp:featuredmedia":[{"embeddable":true,"href":"https:\/\/www.europesays.com\/fr\/wp-json\/wp\/v2\/media\/106650"}],"wp:attachment":[{"href":"https:\/\/www.europesays.com\/fr\/wp-json\/wp\/v2\/media?parent=106649"}],"wp:term":[{"taxonomy":"category","embeddable":true,"href":"https:\/\/www.europesays.com\/fr\/wp-json\/wp\/v2\/categories?post=106649"},{"taxonomy":"post_tag","embeddable":true,"href":"https:\/\/www.europesays.com\/fr\/wp-json\/wp\/v2\/tags?post=106649"}],"curies":[{"name":"wp","href":"https:\/\/api.w.org\/{rel}","templated":true}]}}